{"id":2297,"date":"2014-04-01T09:04:08","date_gmt":"2014-04-01T07:04:08","guid":{"rendered":"https:\/\/baraka.cc\/?p=2297"},"modified":"2014-04-01T09:04:08","modified_gmt":"2014-04-01T07:04:08","slug":"sanayi-holding-belgeseli-magusada-gosterildi","status":"publish","type":"post","link":"https:\/\/baraka.cc\/?p=2297","title":{"rendered":"SANAY\u0130 HOLD\u0130NG BELGESEL\u0130 MA\u011eUSA\u2019DA G\u00d6STER\u0130LD\u0130"},"content":{"rendered":"<div id=\"yui_3_13_0_1_1396329600003_10378\">\u00a0<a href=\"https:\/\/baraka.cc\/wp-content\/uploads\/2014\/04\/IMG_7071.jpg\"><img decoding=\"async\" loading=\"lazy\" class=\"alignleft size-medium wp-image-2298\" alt=\"IMG_7071\" src=\"https:\/\/baraka.cc\/wp-content\/uploads\/2014\/04\/IMG_7071-300x168.jpg\" width=\"300\" height=\"168\" srcset=\"https:\/\/baraka.cc\/wp-content\/uploads\/2014\/04\/IMG_7071-300x168.jpg 300w, https:\/\/baraka.cc\/wp-content\/uploads\/2014\/04\/IMG_7071-1024x576.jpg 1024w, https:\/\/baraka.cc\/wp-content\/uploads\/2014\/04\/IMG_7071.jpg 1280w\" sizes=\"(max-width: 300px) 100vw, 300px\" \/><\/a>Baraka Film At\u00f6lyesi\u2019nin be\u015finci \u00fcretimi olan \u00fcretimi, dayan\u0131\u015fman\u0131n ve direni\u015fin belgeseli Sanayi Holding\u2019in Ma\u011fusa g\u00f6sterimi Cumartesi ak\u015fam\u0131 MAGEM\u2019de ger\u00e7ekle\u015ftirildi. Halk\u0131n ve eski \u00e7al\u0131\u015fanlar\u0131n kat\u0131l\u0131m\u0131yla ger\u00e7ekle\u015fen g\u00f6sterimde, Serap \u00c7orap Fabrikas\u0131\u2019n\u0131n emek\u00e7i kad\u0131nlar\u0131 da vard\u0131.<\/div>\n<div id=\"yui_3_13_0_1_1396329600003_10384\"><\/div>\n<div id=\"yui_3_13_0_1_1396329600003_10387\"><b id=\"yui_3_13_0_1_1396329600003_10386\">\u201c\u00dcretimden kopar\u0131lm\u0131\u015f olmaktan rahats\u0131zl\u0131k duyuyoruz\u2026\u201d<\/b><\/div>\n<div id=\"yui_3_13_0_1_1396329600003_10389\">G\u00f6sterim \u00f6ncesinde k\u0131sa bir konu\u015fma yapan Baraka Aktivisti Mine Balman, \u201cK\u0131br\u0131sl\u0131 T\u00fcrklerin \u00fcretimden kopar\u0131lmas\u0131ndan rahats\u0131zl\u0131k duyuyorduk. Gen\u00e7lerin i\u015fsiz kalmas\u0131ndan, yurtd\u0131\u015f\u0131na g\u00f6\u00e7 etmesinden rahats\u0131zl\u0131k duyuyorduk ve asl\u0131nda K\u0131br\u0131sl\u0131 T\u00fcrklerin ge\u00e7mi\u015fte \u00fcretti\u011fini, yeniden \u00fcretebilece\u011fini \u00f6zellikle gen\u00e7 ku\u015faklara sinema yoluyla aktarmak istiyorduk. Bu belgesel b\u00f6yle ortaya \u00e7\u0131kt\u0131\u201d dedi. Konu\u015fmas\u0131n\u0131n sonunda Sanayi Holding\u2019e emek vermi\u015f t\u00fcm emek\u00e7ilere te\u015fekk\u00fcr eden Balman, \u201cSiz olmasayd\u0131n\u0131z, Sanayi Holding\u2019de olmazd\u0131\u201d dedi.<\/div>\n<div id=\"yui_3_13_0_1_1396329600003_10390\"><\/div>\n<div id=\"yui_3_13_0_1_1396329600003_10391\"><b><a href=\"https:\/\/baraka.cc\/wp-content\/uploads\/2014\/04\/IMG_7089.jpg\"><img decoding=\"async\" loading=\"lazy\" class=\"alignleft\" alt=\"IMG_7089\" src=\"https:\/\/baraka.cc\/wp-content\/uploads\/2014\/04\/IMG_7089-300x224.jpg\" width=\"300\" height=\"224\" \/><\/a>S\u0131rada Omorfo var\u2026<\/b><\/div>\n<div id=\"yui_3_13_0_1_1396329600003_10393\">Sanayi Holding Belgeseli\u2019ni Lefko\u015fa d\u0131\u015f\u0131ndaki b\u00f6lgelere de ta\u015f\u0131may\u0131 hedefleyen Baraka Film At\u00f6lyesi, Ma\u011fusa g\u00f6steriminin ard\u0131ndan Nisan ay\u0131n\u0131n sonunda Omorfo\u2019da da bir g\u00f6sterim yapacak.<\/div>\n<div id=\"yui_3_13_0_1_1396329600003_10394\"><\/div>\n<div id=\"yui_3_13_0_1_1396329600003_10398\"><b id=\"yui_3_13_0_1_1396329600003_10397\">13 emek\u00e7inin bireysel tan\u0131kl\u0131\u011f\u0131 var\u2026<\/b><\/div>\n<div id=\"yui_3_13_0_1_1396329600003_10401\">D\u00f6rt ayl\u0131k ar\u015fiv \u00e7al\u0131\u015fmas\u0131, iki ayl\u0131k \u00e7ekim ve iki ayl\u0131k kurgu s\u00fcrecinin ard\u0131ndan, tamamlanan belgesel\u00a0filmde, Sanayi Holding\u2019de farkl\u0131 fabrikalarda \u00e7al\u0131\u015fm\u0131\u015f 13 emek\u00e7inin bireysel tan\u0131kl\u0131klar\u0131 yer al\u0131yor. Ar\u015fiv \u00e7al\u0131\u015fmas\u0131nda, Halk\u0131n Sesi, YeniD\u00fczen, Devi\u015f\u2019in Sesi, S\u00f6z ve Ba\u011f\u0131ms\u0131zl\u0131k Yolu gibi gazete ar\u015fivlerinden yararlan\u0131l\u0131rken, Haspolat, Omorfo, Ma\u011fusa ve Lefko\u015fa\u2019da faaliyet g\u00f6steren fabrikalar\u0131n \u00e7ekimleri de yap\u0131ld\u0131. Belgeselde kullan\u0131lan \u201cYolda\u201d isimli \u00f6zg\u00fcn m\u00fczik ise Baraka M\u00fczik Toplulu\u011fu Sol Anahtar\u0131\u2019na ait.<\/div>\n<div id=\"yui_3_13_0_1_1396329600003_10402\"><\/div>\n","protected":false},"excerpt":{"rendered":"<p>\u00a0Baraka Film At\u00f6lyesi\u2019nin be\u015finci \u00fcretimi olan \u00fcretimi, dayan\u0131\u015fman\u0131n ve direni\u015fin belgeseli Sanayi Holding\u2019in Ma\u011fusa g\u00f6sterimi Cumartesi ak\u015fam\u0131 MAGEM\u2019de ger\u00e7ekle\u015ftirildi. Halk\u0131n ve eski \u00e7al\u0131\u015fanlar\u0131n kat\u0131l\u0131m\u0131yla ger\u00e7ekle\u015fen<\/p>\n","protected":false},"author":1,"featured_media":2299,"comment_status":"open","ping_status":"open","sticky":false,"template":"","format":"standard","meta":{"jetpack_post_was_ever_published":false,"_jetpack_newsletter_access":"","_jetpack_newsletter_tier_id":0,"jetpack_publicize_message":"","jetpack_is_tweetstorm":false,"jetpack_publicize_feature_enabled":true,"jetpack_social_post_already_shared":true,"jetpack_social_options":{"image_generator_settings":{"template":"highway","enabled":false}}},"categories":[26],"tags":[],"jetpack_publicize_connections":[],"jetpack_featured_media_url":"https:\/\/baraka.cc\/wp-content\/uploads\/2014\/04\/IMG_7089.jpg","jetpack_shortlink":"https:\/\/wp.me\/p4eHWX-B3","jetpack_sharing_enabled":true,"_links":{"self":[{"href":"https:\/\/baraka.cc\/index.php?rest_route=\/wp\/v2\/posts\/2297"}],"collection":[{"href":"https:\/\/baraka.cc\/index.php?rest_route=\/wp\/v2\/posts"}],"about":[{"href":"https:\/\/baraka.cc\/index.php?rest_route=\/wp\/v2\/types\/post"}],"author":[{"embeddable":true,"href":"https:\/\/baraka.cc\/index.php?rest_route=\/wp\/v2\/users\/1"}],"replies":[{"embeddable":true,"href":"https:\/\/baraka.cc\/index.php?rest_route=%2Fwp%2Fv2%2Fcomments&post=2297"}],"version-history":[{"count":1,"href":"https:\/\/baraka.cc\/index.php?rest_route=\/wp\/v2\/posts\/2297\/revisions"}],"predecessor-version":[{"id":2300,"href":"https:\/\/baraka.cc\/index.php?rest_route=\/wp\/v2\/posts\/2297\/revisions\/2300"}],"wp:featuredmedia":[{"embeddable":true,"href":"https:\/\/baraka.cc\/index.php?rest_route=\/wp\/v2\/media\/2299"}],"wp:attachment":[{"href":"https:\/\/baraka.cc\/index.php?rest_route=%2Fwp%2Fv2%2Fmedia&parent=2297"}],"wp:term":[{"taxonomy":"category","embeddable":true,"href":"https:\/\/baraka.cc\/index.php?rest_route=%2Fwp%2Fv2%2Fcategories&post=2297"},{"taxonomy":"post_tag","embeddable":true,"href":"https:\/\/baraka.cc\/index.php?rest_route=%2Fwp%2Fv2%2Ftags&post=2297"}],"curies":[{"name":"wp","href":"https:\/\/api.w.org\/{rel}","templated":true}]}}