{"id":2309,"date":"2014-04-09T09:07:36","date_gmt":"2014-04-09T07:07:36","guid":{"rendered":"https:\/\/baraka.cc\/?p=2309"},"modified":"2014-04-09T09:07:36","modified_gmt":"2014-04-09T07:07:36","slug":"ali-ismail-korkmaz-belgesel-gosterimi","status":"publish","type":"post","link":"https:\/\/baraka.cc\/?p=2309","title":{"rendered":"Ali \u0130smail Korkmaz Belgesel G\u00f6sterimi"},"content":{"rendered":"<div id=\":2wp\">\n<div>\n<div>Hi\u00e7 Unutulmas\u0131n Diye: Ali \u0130smail Korkmaz Belgesel G\u00f6sterimi<\/div>\n<div><\/div>\n<div><a href=\"https:\/\/baraka.cc\/wp-content\/uploads\/2014\/04\/10156458_10152306556527445_378438263_o.jpg\"><img decoding=\"async\" loading=\"lazy\" class=\"alignleft size-medium wp-image-2310\" alt=\"10156458_10152306556527445_378438263_o\" src=\"https:\/\/baraka.cc\/wp-content\/uploads\/2014\/04\/10156458_10152306556527445_378438263_o-214x300.jpg\" width=\"214\" height=\"300\" srcset=\"https:\/\/baraka.cc\/wp-content\/uploads\/2014\/04\/10156458_10152306556527445_378438263_o-214x300.jpg 214w, https:\/\/baraka.cc\/wp-content\/uploads\/2014\/04\/10156458_10152306556527445_378438263_o-731x1024.jpg 731w, https:\/\/baraka.cc\/wp-content\/uploads\/2014\/04\/10156458_10152306556527445_378438263_o.jpg 833w\" sizes=\"(max-width: 214px) 100vw, 214px\" \/><\/a>\u00a0Ali \u0130smail Korkmaz T\u00fcrkiye&#8217;de\u00a0Gezi Direni\u015fi s\u0131ras\u0131nda 19 ya\u015f\u0131ndayken polis ve sivil fa\u015fistler taraf\u0131ndan d\u00f6verek \u00f6ld\u00fcr\u00fcld\u00fc. Ali \u0130smail Korkmaz an\u0131s\u0131na &#8220;Hi\u00e7 Unutulmas\u0131n Diye&#8221; Kolektif Sinema taraf\u0131ndan \u00e7ekilen belgesel 10 Nisan Per\u015fembe saat 19:00&#8217;da Lefko\u015fa&#8217;da lokalimizde g\u00f6sterilecektir. T\u00fcm halk\u0131m\u0131z ve dostlar\u0131m\u0131z davetlidir.<\/div>\n<div><\/div>\n<div><\/div>\n<div>Ne olmu\u015ftu?<\/div>\n<div><\/div>\n<div>Ali \u0130smail Korkmaz Eski\u015fehir Anadolu \u00dcniversitesi \u0130ngilizce \u00d6\u011fretmenli\u011fi 1. S\u0131n\u0131f \u00f6\u011frencisiydi. 3 Haziran g\u00fcn\u00fc Gezi Park\u0131\u2019na destek i\u00e7in Eski\u015fehir\u2019de yap\u0131lan y\u00fcr\u00fcy\u00fc\u015fe kat\u0131ld\u0131. Polisin gaz bombalar\u0131 ile sald\u0131rmas\u0131 \u00fczerine ka\u00e7t\u0131\u011f\u0131nda ise sivil giyimli eli sopal\u0131 ki\u015filerin sald\u0131r\u0131s\u0131na u\u011frad\u0131. Sald\u0131r\u0131 sonras\u0131 gitti\u011fi Yunus Emre Devlet Hastanesi\u2019nde \u201cifadeni ver \u00f6yle gel\u201d yan\u0131t\u0131n\u0131 ald\u0131. Ertesi sabah yinelenen cevap \u00fczerine karakol karakol dola\u015farak ifade veren Korkmaz, ifade sonras\u0131 gitti\u011fi Eski\u015fehir Devlet Hastanesi&#8217;nden &#8220;beyin kanamas\u0131&#8221; te\u015fhisiyle Osmangazi T\u0131p Fak\u00fcltesi Hastanesi\u2019ne sevk edildi. Burada ameliyata al\u0131nan Korkmaz\u2019\u0131n 4 Haziran\u2019dan itibaren bilinci kapal\u0131yd\u0131, 10 Temmuz 2013\u2019te hayat\u0131n\u0131 kaybetti.<\/div>\n<\/div>\n<\/div>\n","protected":false},"excerpt":{"rendered":"<p>Hi\u00e7 Unutulmas\u0131n Diye: Ali \u0130smail Korkmaz Belgesel G\u00f6sterimi \u00a0Ali \u0130smail Korkmaz T\u00fcrkiye&#8217;de\u00a0Gezi Direni\u015fi s\u0131ras\u0131nda 19 ya\u015f\u0131ndayken polis ve sivil fa\u015fistler taraf\u0131ndan d\u00f6verek \u00f6ld\u00fcr\u00fcld\u00fc. Ali \u0130smail<\/p>\n","protected":false},"author":1,"featured_media":2310,"comment_status":"open","ping_status":"open","sticky":false,"template":"","format":"standard","meta":{"jetpack_post_was_ever_published":false,"_jetpack_newsletter_access":"","_jetpack_newsletter_tier_id":0,"jetpack_publicize_message":"","jetpack_is_tweetstorm":false,"jetpack_publicize_feature_enabled":true,"jetpack_social_post_already_shared":true,"jetpack_social_options":{"image_generator_settings":{"template":"highway","enabled":false}}},"categories":[57],"tags":[],"jetpack_publicize_connections":[],"jetpack_featured_media_url":"https:\/\/baraka.cc\/wp-content\/uploads\/2014\/04\/10156458_10152306556527445_378438263_o.jpg","jetpack_shortlink":"https:\/\/wp.me\/p4eHWX-Bf","jetpack_sharing_enabled":true,"_links":{"self":[{"href":"https:\/\/baraka.cc\/index.php?rest_route=\/wp\/v2\/posts\/2309"}],"collection":[{"href":"https:\/\/baraka.cc\/index.php?rest_route=\/wp\/v2\/posts"}],"about":[{"href":"https:\/\/baraka.cc\/index.php?rest_route=\/wp\/v2\/types\/post"}],"author":[{"embeddable":true,"href":"https:\/\/baraka.cc\/index.php?rest_route=\/wp\/v2\/users\/1"}],"replies":[{"embeddable":true,"href":"https:\/\/baraka.cc\/index.php?rest_route=%2Fwp%2Fv2%2Fcomments&post=2309"}],"version-history":[{"count":1,"href":"https:\/\/baraka.cc\/index.php?rest_route=\/wp\/v2\/posts\/2309\/revisions"}],"predecessor-version":[{"id":2311,"href":"https:\/\/baraka.cc\/index.php?rest_route=\/wp\/v2\/posts\/2309\/revisions\/2311"}],"wp:featuredmedia":[{"embeddable":true,"href":"https:\/\/baraka.cc\/index.php?rest_route=\/wp\/v2\/media\/2310"}],"wp:attachment":[{"href":"https:\/\/baraka.cc\/index.php?rest_route=%2Fwp%2Fv2%2Fmedia&parent=2309"}],"wp:term":[{"taxonomy":"category","embeddable":true,"href":"https:\/\/baraka.cc\/index.php?rest_route=%2Fwp%2Fv2%2Fcategories&post=2309"},{"taxonomy":"post_tag","embeddable":true,"href":"https:\/\/baraka.cc\/index.php?rest_route=%2Fwp%2Fv2%2Ftags&post=2309"}],"curies":[{"name":"wp","href":"https:\/\/api.w.org\/{rel}","templated":true}]}}