{"id":2312,"date":"2014-04-08T16:40:53","date_gmt":"2014-04-08T14:40:53","guid":{"rendered":"https:\/\/baraka.cc\/?p=2312"},"modified":"2014-04-09T10:44:21","modified_gmt":"2014-04-09T08:44:21","slug":"noldu-bizim-is-noldu-gencligin-ve-halkin-isi","status":"publish","type":"post","link":"https:\/\/baraka.cc\/?p=2312","title":{"rendered":"\u201cNOLDU B\u0130Z\u0130M \u0130\u015e? NOLDU GEN\u00c7L\u0130\u011e\u0130N VE HALKIN \u0130\u015e\u0130?\u201d"},"content":{"rendered":"<p><a href=\"https:\/\/baraka.cc\/wp-content\/uploads\/2014\/04\/1111.jpg\"><img decoding=\"async\" loading=\"lazy\" class=\"alignleft size-medium wp-image-2313\" alt=\"1111\" src=\"https:\/\/baraka.cc\/wp-content\/uploads\/2014\/04\/1111-300x200.jpg\" width=\"300\" height=\"200\" srcset=\"https:\/\/baraka.cc\/wp-content\/uploads\/2014\/04\/1111-300x200.jpg 300w, https:\/\/baraka.cc\/wp-content\/uploads\/2014\/04\/1111.jpg 640w\" sizes=\"(max-width: 300px) 100vw, 300px\" \/><\/a> Baraka K\u00fclt\u00fcr Merkezi ile TDP ve BKP gen\u00e7lik \u00f6rg\u00fctleri meclis \u00f6n\u00fcnde pankartl\u0131 bir bas\u0131n a\u00e7\u0131klamas\u0131 ger\u00e7ekle\u015ftirerek askerlik yasas\u0131 ile ilgili kayg\u0131lar\u0131n\u0131 dile getirdi ve milletvekillerine \u201cnoldu bizim i\u015f\u201d sorusunu y\u00f6neltti.<\/p>\n<p>Askerlik yasas\u0131n\u0131n meclis komitesine uzun s\u00fcre \u00f6nce geldi\u011fi ve \u00f6rg\u00fctlerin konu ile ilgili g\u00f6r\u00fc\u015flerini de komiteye aktard\u0131klar\u0131n\u0131 belirten \u00f6rg\u00fct temsilcileri, \u00f6nemle \u00fczerinde durduklar\u0131 askerlik s\u00fcresinin k\u0131salt\u0131lmas\u0131, askerler aras\u0131 s\u00fcre e\u015fitsizli\u011finin ortadan kald\u0131r\u0131lmas\u0131 ve vicdani ret hakk\u0131n\u0131n tan\u0131nmas\u0131 ile ilgili ge\u00e7en s\u00fcrede her hangi bir ad\u0131m\u0131n at\u0131lmamas\u0131n\u0131n\u00a0 kayg\u0131 yaratt\u0131\u011f\u0131n\u0131 belirtti. A\u00e7\u0131klamada ayr\u0131ca vicdani reddin baz\u0131 milletvekillerinin iddia etti\u011finin aksine anayasaya ayk\u0131r\u0131 olmad\u0131\u011f\u0131 \u00f6rnek de verilerek a\u00e7\u0131kland\u0131.<\/p>\n<p>A\u00e7\u0131klama \u201cnoldu bizim i\u015f? noldu gen\u00e7li\u011fin ve halk\u0131n i\u015fi?\u201d sorular\u0131n\u0131n tekrardan dile getirilmesi ile sona erdi.<\/p>\n<p><a href=\"https:\/\/baraka.cc\/wp-content\/uploads\/2014\/04\/22222.jpg\"><img decoding=\"async\" loading=\"lazy\" alt=\"22222\" src=\"https:\/\/baraka.cc\/wp-content\/uploads\/2014\/04\/22222-300x200.jpg\" width=\"300\" height=\"200\" \/><\/a><\/p>\n<p>A\u00e7\u0131klaman\u0131n tam metni:<\/p>\n<p>&nbsp;<\/p>\n<p><b>Noldu bizim i\u015f?<\/b><\/p>\n<p>Askerlik ile ilgili yasa \u00f6nerilerinin Meclis komitesinde ele al\u0131nmas\u0131n\u0131n\u00a0 \u00fczerinden uzun bir zaman ge\u00e7ti. Bu yasa \u00f6nerilerinin g\u00f6r\u00fc\u015f\u00fclmeye ba\u015flamas\u0131ndan \u00f6nce ve sonra, askerlik s\u00fcresinin k\u0131salt\u0131lmas\u0131, er ve \u00e7avu\u015flar aras\u0131 s\u00fcre e\u015fitsizli\u011finin ortadan kald\u0131r\u0131lmas\u0131, sivil kamu hizmeti yolu ile vicdani ret hakk\u0131n\u0131n tan\u0131nmas\u0131 konular\u0131n\u0131 g\u00fcndeme getirmi\u015f, komiteye de bu do\u011frultuda g\u00f6r\u00fc\u015flerimizi aylar \u00f6nce sunmu\u015ftuk.<\/p>\n<p>Bug\u00fcn burada gen\u00e7lik \u00f6rg\u00fct\u00fc temsilcileri olarak geli\u015fen s\u00fcre\u00e7le ilgili kayg\u0131lar\u0131m\u0131z\u0131 dile getirmek ve gen\u00e7li\u011fin bu \u00f6nemli sorunu ile ilgili komiteye \u201cnoldu bizim i\u015f\u201d sorusunu y\u00f6nlendirmek i\u00e7in toplanm\u0131\u015f bulunmaktay\u0131z.<\/p>\n<p>Komiteye g\u00f6r\u00fc\u015flerimizi belirtmemizden bug\u00fcne, g\u00f6r\u00fcyoruz ki s\u00fcre k\u0131salt\u0131lmas\u0131 ve askerler aras\u0131 s\u00fcre e\u015fitsizli\u011fin ortadan kald\u0131r\u0131lmas\u0131 ile ilgili somut her hangi bir ad\u0131m at\u0131lmam\u0131\u015ft\u0131r. Vicdani ret konusunda ise milletveklillerimiz Anayasa de\u011fi\u015fikli\u011fi gerekece\u011fi, bu sebeple konunun yasa kapsam\u0131na al\u0131namayaca\u011f\u0131 yorumunu yapmaktad\u0131r.<\/p>\n<p>\u00d6ncelikle bu konuya bir netlik getirmek istiyoruz. Anayasa\u2019n\u0131n 74\u2019\u00fcnc\u00fc maddesi \u201cYurt \u00d6devi\u201d ba\u015fl\u0131\u011f\u0131 alt\u0131nda, \u201cSilahl\u0131 Kuvvetlerde yurt \u00f6devi, her yurtta\u015f\u0131n hakk\u0131 ve kutsal \u00f6devidir\u201d demektedir ve \u201cYurt \u00f6devine ili\u015fkin kurallar yasa ile d\u00fczenlenir\u201d \u015feklinde devam etmektedir. Anayasa, yurt \u00f6devinin ne \u015fekilde yap\u0131laca\u011f\u0131n\u0131 d\u00fczenlememekte, silah kullan\u0131larak yap\u0131lmak zorunda oldu\u011funu s\u00f6ylememektedir. Dolay\u0131s\u0131yla askerlik hizmetinin, yasa ile d\u00fczenlenirken, alternatif kamu hizmeti \u015feklinde de yapl\u0131abilece\u011fi a\u00e7\u0131kt\u0131r. Maddenin d\u00fcz okunmas\u0131ndan, alternatif kamu hizmetinin verilece\u011fi yerin silahl\u0131 kuvvetler olmas\u0131 gerekti\u011fi anlam\u0131 \u00e7\u0131ksa dahi Anayasa\u2019n\u0131n bu maddesi, Silahl\u0131 Kuvvetlere ba\u011fl\u0131 olarak ba\u015fka yerlerde de alternatif kamu hizmeti verilebilece\u011fi \u015feklinde yorumlanabilir. \u00c7\u00fcnk\u00fc Anayasa mekan olarak de\u011fil, otorite olarak Silahl\u0131 Kuvvetleri i\u015faret etmektedir. Buna ek olarak, ayn\u0131 Anayasa d\u00fc\u015f\u00fcnce, s\u00f6z ve ifade \u00f6zgrl\u00fc\u011f\u00fcn\u00fc de temel bir hak olarak tan\u0131maktad\u0131r. Vicdani ret hakk\u0131 da, \u0130nsan Haklar\u0131 Evrensel Beyannamesi ve Uluslararas\u0131 Medeni ve Siyasi Haklar S\u00f6zle\u015fmesi\u2019nde d\u00fc\u015f\u00fcnce ve ifade \u00f6zg\u00fcrl\u00fc\u011f\u00fc, vicdan ve din \u00f6zg\u00fcrl\u00fc\u011f\u00fc kapsam\u0131nda yer almaktad\u0131r. Ayr\u0131ca vicdani ret hakk\u0131, Birle\u015fmi\u015f Milletler \u0130nsan Haklar\u0131 Komisyonu ve Avrupa Parlamentosu taraf\u0131ndan da temel insani hak olarak kabul edilmi\u015ftir. Anayasa, sadece bir maddesine de\u011fil t\u00fcm\u00fcne, sadece laf\u0131na de\u011fil ruhuna bak\u0131ld\u0131\u011f\u0131nda ve di\u011fer mevzuatla birlikte yorumland\u0131\u011f\u0131nda vicdani ret hakk\u0131na engel te\u015fkil etmemektedir. Kald\u0131 ki mevcut Askerlik Yasas\u0131\u2019nda (madde 17\/1\/A ve \u00c7) hi\u00e7 askere gitmeden, Silahl\u0131 Kuvvetlerin kap\u0131s\u0131ndan dahi girmeden, bedelli olarak yurt \u00f6devinin yerine getirilebilece\u011fi belirtilmektedir. Dolay\u0131s\u0131yla sadece para \u00f6deyerek yerine getirilmesi Anayasa\u2019ya ayk\u0131r\u0131 olmayan bu \u201cyurt \u00f6devi\u201dnin alternatif kamu hizmeti ile yerine getirilmesinin Anayasa\u2019ya ayk\u0131r\u0131 g\u00f6r\u00fclmesi mant\u0131k d\u0131\u015f\u0131d\u0131r.<\/p>\n<p>&nbsp;<\/p>\n<p>S\u00fcrecin uzamas\u0131 ve herhangi bir geli\u015fmenin olmay\u0131\u015f\u0131 bizlerde konunun unutturulmaya ya da yasada k\u00fc\u00e7\u00fck de\u011fi\u015fiklikler yap\u0131larak rafa kald\u0131r\u0131lmaya \u00e7al\u0131\u015f\u0131ld\u0131\u011f\u0131 kayg\u0131s\u0131n\u0131 yaratmaktad\u0131r. Komite \u00fcyesi milletvekillerimizi yasan\u0131n \u00fczerine ciddiyet ve samimiyet ile e\u011filerek mazeret de\u011fil \u00e7\u00f6z\u00fcm \u00fcreten bir yasa de\u011fi\u015fikli\u011fini haz\u0131rlay\u0131p meclise sunmaya \u00e7a\u011f\u0131r\u0131yoruz.<\/p>\n<p>Son olarak tekrdan soruyoruz \u201cnoldu bizim i\u015f? noldu gen\u00e7li\u011fin ve halk\u0131n i\u015fi?\u201d<\/p>\n<p>&nbsp;<\/p>\n","protected":false},"excerpt":{"rendered":"<p>Baraka K\u00fclt\u00fcr Merkezi ile TDP ve BKP gen\u00e7lik \u00f6rg\u00fctleri meclis \u00f6n\u00fcnde pankartl\u0131 bir bas\u0131n a\u00e7\u0131klamas\u0131 ger\u00e7ekle\u015ftirerek askerlik yasas\u0131 ile ilgili kayg\u0131lar\u0131n\u0131 dile getirdi ve milletvekillerine<\/p>\n","protected":false},"author":1,"featured_media":2313,"comment_status":"open","ping_status":"open","sticky":false,"template":"","format":"standard","meta":{"jetpack_post_was_ever_published":false,"_jetpack_newsletter_access":"","_jetpack_newsletter_tier_id":0,"jetpack_publicize_message":"\u201cNOLDU B\u0130Z\u0130M \u0130\u015e? NOLDU GEN\u00c7L\u0130\u011e\u0130N VE HALKIN \u0130\u015e\u0130?\u201d","jetpack_is_tweetstorm":false,"jetpack_publicize_feature_enabled":true,"jetpack_social_post_already_shared":true,"jetpack_social_options":{"image_generator_settings":{"template":"highway","enabled":false}}},"categories":[66],"tags":[],"jetpack_publicize_connections":[],"jetpack_featured_media_url":"https:\/\/baraka.cc\/wp-content\/uploads\/2014\/04\/1111.jpg","jetpack_shortlink":"https:\/\/wp.me\/p4eHWX-Bi","jetpack_sharing_enabled":true,"_links":{"self":[{"href":"https:\/\/baraka.cc\/index.php?rest_route=\/wp\/v2\/posts\/2312"}],"collection":[{"href":"https:\/\/baraka.cc\/index.php?rest_route=\/wp\/v2\/posts"}],"about":[{"href":"https:\/\/baraka.cc\/index.php?rest_route=\/wp\/v2\/types\/post"}],"author":[{"embeddable":true,"href":"https:\/\/baraka.cc\/index.php?rest_route=\/wp\/v2\/users\/1"}],"replies":[{"embeddable":true,"href":"https:\/\/baraka.cc\/index.php?rest_route=%2Fwp%2Fv2%2Fcomments&post=2312"}],"version-history":[{"count":1,"href":"https:\/\/baraka.cc\/index.php?rest_route=\/wp\/v2\/posts\/2312\/revisions"}],"predecessor-version":[{"id":2315,"href":"https:\/\/baraka.cc\/index.php?rest_route=\/wp\/v2\/posts\/2312\/revisions\/2315"}],"wp:featuredmedia":[{"embeddable":true,"href":"https:\/\/baraka.cc\/index.php?rest_route=\/wp\/v2\/media\/2313"}],"wp:attachment":[{"href":"https:\/\/baraka.cc\/index.php?rest_route=%2Fwp%2Fv2%2Fmedia&parent=2312"}],"wp:term":[{"taxonomy":"category","embeddable":true,"href":"https:\/\/baraka.cc\/index.php?rest_route=%2Fwp%2Fv2%2Fcategories&post=2312"},{"taxonomy":"post_tag","embeddable":true,"href":"https:\/\/baraka.cc\/index.php?rest_route=%2Fwp%2Fv2%2Ftags&post=2312"}],"curies":[{"name":"wp","href":"https:\/\/api.w.org\/{rel}","templated":true}]}}