{"id":2324,"date":"2014-04-15T08:53:47","date_gmt":"2014-04-15T06:53:47","guid":{"rendered":"https:\/\/baraka.cc\/?p=2324"},"modified":"2014-04-15T08:53:47","modified_gmt":"2014-04-15T06:53:47","slug":"ktmmob-mimarlar-odasi-ve-baraka-kulturden-ortak-belgesel-gosterimi-ekumenopolis","status":"publish","type":"post","link":"https:\/\/baraka.cc\/?p=2324","title":{"rendered":"KTMMOB M\u0130MARLAR ODASI VE BARAKA K\u00dcLT\u00dcR\u2019DEN  ORTAK BELGESEL G\u00d6STER\u0130M\u0130 \u201cEK\u00dcMENOPOL\u0130S\u201d"},"content":{"rendered":"<p id=\"yui_3_13_0_1_1397539998159_9521\"><b id=\"yui_3_13_0_1_1397539998159_9520\"><a href=\"https:\/\/baraka.cc\/wp-content\/uploads\/2014\/04\/ekumenopolis-foto.jpg\"><img decoding=\"async\" loading=\"lazy\" class=\"alignleft size-medium wp-image-2325\" alt=\"ekumenopolis foto\" src=\"https:\/\/baraka.cc\/wp-content\/uploads\/2014\/04\/ekumenopolis-foto-300x199.jpg\" width=\"300\" height=\"199\" srcset=\"https:\/\/baraka.cc\/wp-content\/uploads\/2014\/04\/ekumenopolis-foto-300x199.jpg 300w, https:\/\/baraka.cc\/wp-content\/uploads\/2014\/04\/ekumenopolis-foto-1024x682.jpg 1024w, https:\/\/baraka.cc\/wp-content\/uploads\/2014\/04\/ekumenopolis-foto.jpg 1361w\" sizes=\"(max-width: 300px) 100vw, 300px\" \/><\/a>KTMMOB Mimarlar Odas\u0131 ve Baraka K\u00fclt\u00fcr Merkezi ortak bir etkinlik d\u00fczenliyor: 17 Nisan Per\u015fembe g\u00fcn\u00fc saat 19.00\u2019da, Muhtar Yusuf Galeria Sinemas\u0131\u2019nda \u201cEk\u00fcmenopolis\u201d adl\u0131 belgeseli g\u00f6sterilecek. Film g\u00f6sterimi \u00f6ncesinde, \u00fclkemizde de ya\u015fanmaya ve tart\u0131\u015f\u0131lmaya ba\u015flanan kentsel d\u00f6n\u00fc\u015f\u00fcm, kent hakk\u0131, kentsel muhalefet gibi konularda sunum ger\u00e7ekle\u015ftirilecek. Belgeselin izlenmesinin ard\u0131ndan ise kat\u0131l\u0131mc\u0131larla s\u00f6yle\u015fi yap\u0131lacak. \u00dccretsiz ve halka a\u00e7\u0131k olan etkinli\u011fe, kentine sahip \u00e7\u0131kan ve daha iyi bir kent aray\u0131\u015f\u0131nda olan t\u00fcm halk\u0131m\u0131z davetlidir. <\/b><\/p>\n<p id=\"yui_3_13_0_1_1397539998159_9555\">\u0130stanbul \u015fehrini temel alarak bir kentin plans\u0131z b\u00fcy\u00fcmesinin sonu\u00e7lar\u0131n\u0131 anlatan, neoliberal anlay\u0131\u015f\u0131n h\u00fck\u00fcm s\u00fcrmesiyle\u00a0\u0130stanbul&#8217;un\u00a0rant pazar\u0131na d\u00f6n\u00fc\u015f\u00fcm\u00fc konu alan bir ara\u015ft\u0131rman\u0131n\u00a0beyaz perdeye\u00a0yans\u0131mas\u0131 Ek\u00fcmenopolis. <i id=\"yui_3_13_0_1_1397539998159_9559\">\u201cEkolojik e\u015fikler a\u015f\u0131lm\u0131\u015f. Ekonomik e\u015fikler a\u015f\u0131lm\u0131\u015f. N\u00fcfus e\u015fikleri a\u015f\u0131lm\u0131\u015f. Sosyal ahenk bozulmu\u015f. \u0130\u015fte neoliberal kentle\u015fmenin foto\u011fraf\u0131&#8230; Ek\u00fcmenopolis de\u011fi\u015fim kadar, de\u011fi\u015fimin alt\u0131ndaki dinamikleri de sorguluyor. Bizi y\u0131k\u0131lm\u0131\u015f gecekondu mahallelerinden g\u00f6kdelenlerin tepelerine, Marmaray\u2019\u0131n derinliklerinden 3. k\u00f6pr\u00fcn\u00fcn g\u00fczergah\u0131na, gayrimenkul yat\u0131r\u0131mc\u0131lar\u0131ndan kentsel muhalefete, bu u\u00e7suz bucaks\u0131z kentte uzun bir yolculu\u011fa \u00e7\u0131kart\u0131yor. Uzmanlar, akademisyenler, yazarlar, mahalleliler, yat\u0131r\u0131mc\u0131lar, kentliler ile konu\u015facak, kente makro \u00f6l\u00e7ekte bir bak\u0131\u015f\u0131 grafiklerle izleyeceksiniz.\u201d<\/i><\/p>\n<p id=\"yui_3_13_0_1_1397539998159_9562\">Mimarlar Odas\u0131 ve Baraka K\u00fclt\u00fcr Merkezi\u2019nin ortak etkinli\u011finde, ba\u015fka co\u011frafyalardaki deneyimlerden faydalanarak \u00fclkemize ve \u015fehrimize farkl\u0131 bir g\u00f6zle bakabilmek, kentimizin belli b\u00f6lgelerinde ya\u015fanan rant tart\u0131\u015fmalar\u0131n\u0131 daha iyi kavramak ve halk\u0131n kent hakk\u0131n\u0131 \u00f6n plana \u00e7\u0131karmak da ama\u00e7lanmakta.<\/p>\n","protected":false},"excerpt":{"rendered":"<p>KTMMOB Mimarlar Odas\u0131 ve Baraka K\u00fclt\u00fcr Merkezi ortak bir etkinlik d\u00fczenliyor: 17 Nisan Per\u015fembe g\u00fcn\u00fc saat 19.00\u2019da, Muhtar Yusuf Galeria Sinemas\u0131\u2019nda \u201cEk\u00fcmenopolis\u201d adl\u0131 belgeseli g\u00f6sterilecek.<\/p>\n","protected":false},"author":1,"featured_media":2325,"comment_status":"open","ping_status":"open","sticky":false,"template":"","format":"standard","meta":{"jetpack_post_was_ever_published":false,"_jetpack_newsletter_access":"","_jetpack_newsletter_tier_id":0,"jetpack_publicize_message":"","jetpack_is_tweetstorm":false,"jetpack_publicize_feature_enabled":true,"jetpack_social_post_already_shared":true,"jetpack_social_options":{"image_generator_settings":{"template":"highway","enabled":false}}},"categories":[60],"tags":[],"jetpack_publicize_connections":[],"jetpack_featured_media_url":"https:\/\/baraka.cc\/wp-content\/uploads\/2014\/04\/ekumenopolis-foto.jpg","jetpack_shortlink":"https:\/\/wp.me\/p4eHWX-Bu","jetpack_sharing_enabled":true,"_links":{"self":[{"href":"https:\/\/baraka.cc\/index.php?rest_route=\/wp\/v2\/posts\/2324"}],"collection":[{"href":"https:\/\/baraka.cc\/index.php?rest_route=\/wp\/v2\/posts"}],"about":[{"href":"https:\/\/baraka.cc\/index.php?rest_route=\/wp\/v2\/types\/post"}],"author":[{"embeddable":true,"href":"https:\/\/baraka.cc\/index.php?rest_route=\/wp\/v2\/users\/1"}],"replies":[{"embeddable":true,"href":"https:\/\/baraka.cc\/index.php?rest_route=%2Fwp%2Fv2%2Fcomments&post=2324"}],"version-history":[{"count":1,"href":"https:\/\/baraka.cc\/index.php?rest_route=\/wp\/v2\/posts\/2324\/revisions"}],"predecessor-version":[{"id":2326,"href":"https:\/\/baraka.cc\/index.php?rest_route=\/wp\/v2\/posts\/2324\/revisions\/2326"}],"wp:featuredmedia":[{"embeddable":true,"href":"https:\/\/baraka.cc\/index.php?rest_route=\/wp\/v2\/media\/2325"}],"wp:attachment":[{"href":"https:\/\/baraka.cc\/index.php?rest_route=%2Fwp%2Fv2%2Fmedia&parent=2324"}],"wp:term":[{"taxonomy":"category","embeddable":true,"href":"https:\/\/baraka.cc\/index.php?rest_route=%2Fwp%2Fv2%2Fcategories&post=2324"},{"taxonomy":"post_tag","embeddable":true,"href":"https:\/\/baraka.cc\/index.php?rest_route=%2Fwp%2Fv2%2Ftags&post=2324"}],"curies":[{"name":"wp","href":"https:\/\/api.w.org\/{rel}","templated":true}]}}