{"id":2335,"date":"2014-04-30T20:41:15","date_gmt":"2014-04-30T18:41:15","guid":{"rendered":"https:\/\/baraka.cc\/?p=2335"},"modified":"2014-04-30T20:41:15","modified_gmt":"2014-04-30T18:41:15","slug":"baraka-kultur-merkezi-1-mayis-mesaji","status":"publish","type":"post","link":"https:\/\/baraka.cc\/?p=2335","title":{"rendered":"BARAKA K\u00dcLT\u00dcR MERKEZ\u0130 1 MAYIS MESAJI"},"content":{"rendered":"<p id=\"yui_3_13_0_1_1398882719730_5102\"><a href=\"https:\/\/baraka.cc\/wp-content\/uploads\/2014\/04\/1_may\u0131s_2013.jpg\"><img decoding=\"async\" loading=\"lazy\" class=\"alignleft size-medium wp-image-2336\" alt=\"1_may\u0131s_2013\" src=\"https:\/\/baraka.cc\/wp-content\/uploads\/2014\/04\/1_may\u0131s_2013-198x300.jpg\" width=\"198\" height=\"300\" srcset=\"https:\/\/baraka.cc\/wp-content\/uploads\/2014\/04\/1_may\u0131s_2013-198x300.jpg 198w, https:\/\/baraka.cc\/wp-content\/uploads\/2014\/04\/1_may\u0131s_2013.jpg 636w\" sizes=\"(max-width: 198px) 100vw, 198px\" \/><\/a>1 May\u0131s, \u0130\u015f\u00e7inin ve Emek\u00e7inin bayram\u0131. 1 May\u0131s, i\u015f\u00e7i, emek\u00e7i ve ezilenlerin birlik i\u00e7inde sokaklara \u00e7\u0131kt\u0131\u011f\u0131, ezenlere kar\u015f\u0131 sesini y\u00fckseltti\u011fi g\u00fcn. Baraka, her y\u0131l oldu\u011fu gibi bu y\u0131l da 1 May\u0131s\u2019ta sokaklarda, emek\u00e7ilerin yan\u0131nda olacak. \u00c7\u00fcnk\u00fc s\u00f6ylenecek s\u00f6zler bitmedi. \u00c7\u00fcnk\u00fc;<\/p>\n<p id=\"yui_3_13_0_1_1398882719730_5100\"><b>\u00a0<\/b><\/p>\n<p id=\"yui_3_13_0_1_1398882719730_5099\">-Neoliberal poltikalarla yap\u0131lan \u00f6zelle\u015ftirmeler hala can\u0131m\u0131z\u0131 yak\u0131yor. Elektrik kurumundan \u00a0sonra belediyelere ba\u011fl\u0131 k\u00fclt\u00fcr evlerimiz de sat\u0131l\u0131\u011fa \u00e7\u0131kar\u0131l\u0131yor.<\/p>\n<p id=\"yui_3_13_0_1_1398882719730_5098\">-Paras\u0131z e\u011fitim ve sa\u011fl\u0131k hakk\u0131m\u0131z hala gasp ediliyor.<\/p>\n<p id=\"yui_3_13_0_1_1398882719730_5096\">-Do\u011fam\u0131z her ge\u00e7en g\u00fcn a\u011f\u0131r darbeler al\u0131yor. D\u00f6rt yan\u0131 sularla kapl\u0131 Adam\u0131za borularla su getirilmeye \u00e7al\u0131\u015f\u0131l\u0131yor. Ta\u015f ocaklar\u0131yla da\u011flar\u0131m\u0131z oyulmaya devam ediyor.<\/p>\n<p id=\"yui_3_13_0_1_1398882719730_5095\">-Adan\u0131n her iki yakas\u0131nda fa\u015fizim devlet eliyle korunuyor. G\u00fcneyde Elam \u00f6rg\u00fct\u00fc elini kolunu sallayarak sald\u0131r\u0131lar d\u00fczenlerken, kuzeyde halk\u0131 tehdit eden \u00dclk\u00fc Ocaklar\u0131n\u0131n \u00e7i\u00e7ekleri Meclis Ba\u015fkan\u0131 taraf\u0131ndan memnuniyetle kabul ediliyor.<\/p>\n<p>-Sokaklar\u0131m\u0131z \u00f6zg\u00fcrle\u015fmedi hala, sesimiz barikatlarla kesilmeye \u00e7al\u0131\u015f\u0131l\u0131yor.<\/p>\n<p id=\"yui_3_13_0_1_1398882719730_5092\">&#8211; Bir\u00e7ok emek\u00e7imiz g\u00fcvencesiz \u00e7al\u0131\u015fma ortamlar\u0131nda al\u0131n teri d\u00f6kerken, \u00f6zel sekt\u00f6r patronlar\u0131 \u00e7al\u0131\u015fanlar\u0131n\u0131 k\u00f6le gibi ezip sendikas\u0131z olmalar\u0131ndan faydalanarak haklar\u0131n\u0131 gasp ediyor.<\/p>\n<p id=\"yui_3_13_0_1_1398882719730_5091\">-Kamu emek\u00e7ilerimiz g\u00f6\u00e7 yasas\u0131n\u0131n etkisinde g\u00fcn ge\u00e7tik\u00e7e daha da yoksulla\u015ft\u0131r\u0131l\u0131yor. E\u015fit i\u015fe e\u015fit \u00fccret hakk\u0131m\u0131z g\u00f6rmezden geliniyor.<\/p>\n<p>-Dilimize, k\u00fclt\u00fcr\u00fcm\u00fcze yap\u0131lan asimilasyon sald\u0131r\u0131lar\u0131na kar\u015f\u0131 durmaktan vazge\u00e7medik.<\/p>\n<p id=\"yui_3_13_0_1_1398882719730_5089\">-Toplumsal cinsiyet e\u015fitli\u011fi i\u00e7in, \u00f6tekile\u015ftirilmeler, bask\u0131lar ve \u015fiddet son bulsun diye at\u0131lacak ad\u0131mlar t\u00fckenmedi hen\u00fcz.<\/p>\n<p id=\"yui_3_13_0_1_1398882719730_5087\">\u00a0Ba\u011f\u0131ms\u0131z ve Halklar\u0131 karde\u015f bir K\u0131br\u0131s i\u00e7in s\u00f6ylenecek s\u00f6zler verilecek m\u00fccadeleler var daha. Kuzeyi ve g\u00fcneyi ile bu Ada bizim.<\/p>\n<p id=\"yui_3_13_0_1_1398882719730_5071\">Uzun bir aradan sonra bu y\u0131l 1 May\u0131s\u2019ta K\u0131br\u0131sl\u0131 T\u00fcrkler ve K\u0131br\u0131sl\u0131 Elenler yeniden ortak bir eylemde bulu\u015fuyor.\u00a0 Bizler de Baraka olarak t\u00fcm dostlar\u0131m\u0131zla birlikte 17:00da Lefko\u015fa Otob\u00fcs terminalinde toplanarak Ku\u011fulu Parka y\u00fcr\u00fcd\u00fckten sonra, ara b\u00f6lgedeki Taksim sahas\u0131nda g\u00fcneyden gelen eylemcilerle bulu\u015fuyoruz.<\/p>\n<p id=\"yui_3_13_0_1_1398882719730_5070\">Adada ya\u015fanacak bar\u0131\u015f\u0131n kapal\u0131 kap\u0131lar ard\u0131nda yap\u0131lan g\u00f6r\u00fc\u015fmelerle de\u011fil, iki halk\u0131n ortak m\u00fccadelesi ile olaca\u011f\u0131n\u0131 biliyoruz.<\/p>\n<p id=\"yui_3_13_0_1_1398882719730_5068\">T\u00fcm halk\u0131m\u0131z\u0131 sesimize ses m\u00fccadelemize g\u00fc\u00e7 katmaya bekliyoruz.<\/p>\n<p id=\"yui_3_13_0_1_1398882719730_5066\">Saat 17:00da Lefko\u015fa otob\u00fcs terminalinde bulu\u015fal\u0131m, birlikte hayk\u0131ral\u0131m.<\/p>\n<p id=\"yui_3_13_0_1_1398882719730_5064\">Tek Yol Ba\u011f\u0131ms\u0131z K\u0131br\u0131s \u0130\u00e7in M\u00fccadele<\/p>\n","protected":false},"excerpt":{"rendered":"<p>1 May\u0131s, \u0130\u015f\u00e7inin ve Emek\u00e7inin bayram\u0131. 1 May\u0131s, i\u015f\u00e7i, emek\u00e7i ve ezilenlerin birlik i\u00e7inde sokaklara \u00e7\u0131kt\u0131\u011f\u0131, ezenlere kar\u015f\u0131 sesini y\u00fckseltti\u011fi g\u00fcn. Baraka, her y\u0131l oldu\u011fu<\/p>\n","protected":false},"author":1,"featured_media":2336,"comment_status":"open","ping_status":"open","sticky":false,"template":"","format":"standard","meta":{"jetpack_post_was_ever_published":false,"_jetpack_newsletter_access":"","_jetpack_newsletter_tier_id":0,"jetpack_publicize_message":"","jetpack_is_tweetstorm":false,"jetpack_publicize_feature_enabled":true,"jetpack_social_post_already_shared":true,"jetpack_social_options":{"image_generator_settings":{"template":"highway","enabled":false}}},"categories":[51],"tags":[],"jetpack_publicize_connections":[],"jetpack_featured_media_url":"https:\/\/baraka.cc\/wp-content\/uploads\/2014\/04\/1_may\u0131s_2013.jpg","jetpack_shortlink":"https:\/\/wp.me\/p4eHWX-BF","jetpack_sharing_enabled":true,"_links":{"self":[{"href":"https:\/\/baraka.cc\/index.php?rest_route=\/wp\/v2\/posts\/2335"}],"collection":[{"href":"https:\/\/baraka.cc\/index.php?rest_route=\/wp\/v2\/posts"}],"about":[{"href":"https:\/\/baraka.cc\/index.php?rest_route=\/wp\/v2\/types\/post"}],"author":[{"embeddable":true,"href":"https:\/\/baraka.cc\/index.php?rest_route=\/wp\/v2\/users\/1"}],"replies":[{"embeddable":true,"href":"https:\/\/baraka.cc\/index.php?rest_route=%2Fwp%2Fv2%2Fcomments&post=2335"}],"version-history":[{"count":2,"href":"https:\/\/baraka.cc\/index.php?rest_route=\/wp\/v2\/posts\/2335\/revisions"}],"predecessor-version":[{"id":6780,"href":"https:\/\/baraka.cc\/index.php?rest_route=\/wp\/v2\/posts\/2335\/revisions\/6780"}],"wp:featuredmedia":[{"embeddable":true,"href":"https:\/\/baraka.cc\/index.php?rest_route=\/wp\/v2\/media\/2336"}],"wp:attachment":[{"href":"https:\/\/baraka.cc\/index.php?rest_route=%2Fwp%2Fv2%2Fmedia&parent=2335"}],"wp:term":[{"taxonomy":"category","embeddable":true,"href":"https:\/\/baraka.cc\/index.php?rest_route=%2Fwp%2Fv2%2Fcategories&post=2335"},{"taxonomy":"post_tag","embeddable":true,"href":"https:\/\/baraka.cc\/index.php?rest_route=%2Fwp%2Fv2%2Ftags&post=2335"}],"curies":[{"name":"wp","href":"https:\/\/api.w.org\/{rel}","templated":true}]}}