{"id":2339,"date":"2014-05-03T07:26:34","date_gmt":"2014-05-03T05:26:34","guid":{"rendered":"https:\/\/baraka.cc\/?p=2339"},"modified":"2014-05-07T07:31:33","modified_gmt":"2014-05-07T05:31:33","slug":"ortak-1-mayista-sol-anahtari-sahne-aldi","status":"publish","type":"post","link":"https:\/\/baraka.cc\/?p=2339","title":{"rendered":"Ortak 1 May\u0131s&#8217;ta Sol Anahtar\u0131 Sahne Ald\u0131"},"content":{"rendered":"<p><a href=\"https:\/\/baraka.cc\/wp-content\/uploads\/2014\/05\/DSC_0043.jpg\"><img decoding=\"async\" loading=\"lazy\" class=\"alignleft size-medium wp-image-2340\" alt=\"DSC_0043\" src=\"https:\/\/baraka.cc\/wp-content\/uploads\/2014\/05\/DSC_0043-300x199.jpg\" width=\"300\" height=\"199\" srcset=\"https:\/\/baraka.cc\/wp-content\/uploads\/2014\/05\/DSC_0043-300x199.jpg 300w, https:\/\/baraka.cc\/wp-content\/uploads\/2014\/05\/DSC_0043-1024x680.jpg 1024w\" sizes=\"(max-width: 300px) 100vw, 300px\" \/><\/a>\u00a0 Ortak 1 May\u0131s&#8217;ta Sol Anahtar\u0131 hem sokakta hem sahnede idi. 17:30 da Baraka K\u00fclt\u00fcr Merkezi&#8217;nin Lefkosa terminalinden ba\u015flayan kortejinde y\u00fcr\u00fcy\u00fc\u015fe kat\u0131lan Sol Anahtar\u0131 elemanlar\u0131 ara b\u00f6lgede yap\u0131lan ortak 1 May\u0131s alan\u0131na gelince\u00a0Arda \u00a0G\u00fcnd\u00fcz ile sahne \u00a0ald\u0131ve \u00a01 Mayis alan\u0131n\u0131 dolduran kitleyi co\u015fturdu.<\/p>\n<p>&nbsp;<\/p>\n<p>&nbsp;<\/p>\n<p><a href=\"https:\/\/baraka.cc\/wp-content\/uploads\/2014\/05\/DSC_0108.jpg\"><img decoding=\"async\" loading=\"lazy\" alt=\"DSC_0108\" src=\"https:\/\/baraka.cc\/wp-content\/uploads\/2014\/05\/DSC_0108-300x199.jpg\" width=\"300\" height=\"199\" \/><\/a><\/p>\n<p><a href=\"https:\/\/baraka.cc\/wp-content\/uploads\/2014\/05\/DSC_0883.jpg\"><img decoding=\"async\" loading=\"lazy\" alt=\"DSC_0883\" src=\"https:\/\/baraka.cc\/wp-content\/uploads\/2014\/05\/DSC_0883-300x199.jpg\" width=\"300\" height=\"199\" \/><\/a><\/p>\n<p>&nbsp;<\/p>\n","protected":false},"excerpt":{"rendered":"<p>\u00a0 Ortak 1 May\u0131s&#8217;ta Sol Anahtar\u0131 hem sokakta hem sahnede idi. 17:30 da Baraka K\u00fclt\u00fcr Merkezi&#8217;nin Lefkosa terminalinden ba\u015flayan kortejinde y\u00fcr\u00fcy\u00fc\u015fe kat\u0131lan Sol Anahtar\u0131 elemanlar\u0131<\/p>\n","protected":false},"author":1,"featured_media":2340,"comment_status":"open","ping_status":"open","sticky":false,"template":"","format":"standard","meta":{"jetpack_post_was_ever_published":false,"_jetpack_newsletter_access":"","_jetpack_newsletter_tier_id":0,"jetpack_publicize_message":"","jetpack_is_tweetstorm":false,"jetpack_publicize_feature_enabled":true,"jetpack_social_post_already_shared":true,"jetpack_social_options":{"image_generator_settings":{"template":"highway","enabled":false}}},"categories":[51,24,23],"tags":[],"jetpack_publicize_connections":[],"jetpack_featured_media_url":"https:\/\/baraka.cc\/wp-content\/uploads\/2014\/05\/DSC_0043.jpg","jetpack_shortlink":"https:\/\/wp.me\/p4eHWX-BJ","jetpack_sharing_enabled":true,"_links":{"self":[{"href":"https:\/\/baraka.cc\/index.php?rest_route=\/wp\/v2\/posts\/2339"}],"collection":[{"href":"https:\/\/baraka.cc\/index.php?rest_route=\/wp\/v2\/posts"}],"about":[{"href":"https:\/\/baraka.cc\/index.php?rest_route=\/wp\/v2\/types\/post"}],"author":[{"embeddable":true,"href":"https:\/\/baraka.cc\/index.php?rest_route=\/wp\/v2\/users\/1"}],"replies":[{"embeddable":true,"href":"https:\/\/baraka.cc\/index.php?rest_route=%2Fwp%2Fv2%2Fcomments&post=2339"}],"version-history":[{"count":2,"href":"https:\/\/baraka.cc\/index.php?rest_route=\/wp\/v2\/posts\/2339\/revisions"}],"predecessor-version":[{"id":2344,"href":"https:\/\/baraka.cc\/index.php?rest_route=\/wp\/v2\/posts\/2339\/revisions\/2344"}],"wp:featuredmedia":[{"embeddable":true,"href":"https:\/\/baraka.cc\/index.php?rest_route=\/wp\/v2\/media\/2340"}],"wp:attachment":[{"href":"https:\/\/baraka.cc\/index.php?rest_route=%2Fwp%2Fv2%2Fmedia&parent=2339"}],"wp:term":[{"taxonomy":"category","embeddable":true,"href":"https:\/\/baraka.cc\/index.php?rest_route=%2Fwp%2Fv2%2Fcategories&post=2339"},{"taxonomy":"post_tag","embeddable":true,"href":"https:\/\/baraka.cc\/index.php?rest_route=%2Fwp%2Fv2%2Ftags&post=2339"}],"curies":[{"name":"wp","href":"https:\/\/api.w.org\/{rel}","templated":true}]}}