{"id":2345,"date":"2014-05-02T07:31:48","date_gmt":"2014-05-02T05:31:48","guid":{"rendered":"https:\/\/baraka.cc\/?p=2345"},"modified":"2014-05-07T07:40:32","modified_gmt":"2014-05-07T05:40:32","slug":"58-yil-sonra-kibris-halklari-dayatmalara-karsi-ortak-direnis-dedi","status":"publish","type":"post","link":"https:\/\/baraka.cc\/?p=2345","title":{"rendered":"58 YIL SONRA\u2026 KIBRIS HALKLARI DAYATMALARA KAR\u015eI ORTAK D\u0130REN\u0130\u015e DED\u0130"},"content":{"rendered":"<p><a href=\"https:\/\/baraka.cc\/wp-content\/uploads\/2014\/05\/DSC_0843.jpg\"><img decoding=\"async\" loading=\"lazy\" class=\"alignleft size-medium wp-image-2346\" alt=\"DSC_0843\" src=\"https:\/\/baraka.cc\/wp-content\/uploads\/2014\/05\/DSC_0843-300x199.jpg\" width=\"300\" height=\"199\" srcset=\"https:\/\/baraka.cc\/wp-content\/uploads\/2014\/05\/DSC_0843-300x199.jpg 300w, https:\/\/baraka.cc\/wp-content\/uploads\/2014\/05\/DSC_0843-1024x680.jpg 1024w\" sizes=\"(max-width: 300px) 100vw, 300px\" \/><\/a>1 May\u0131s, \u00a0Lefko\u015fa ara b\u00f6lgede bulunan Taksim Sahas\u0131\u2019nda 56 y\u0131l aradan sonra baz\u0131 K\u0131br\u0131sl\u0131 T\u00fcrk ve K\u0131br\u0131sl\u0131 Elen \u00f6rg\u00fctlerin ortak d\u00fczenledi\u011fi etkinlikle kutland\u0131. Mitinge K\u0131br\u0131s\u2019\u0131n kuzeyi ve g\u00fcneyinden binlerce ki\u015fi kat\u0131ld\u0131.<\/p>\n<p>1958 y\u0131l\u0131ndan sonra K\u0131br\u0131sl\u0131 T\u00fcrk ve K\u0131br\u0131sl\u0131 Elen \u00f6rg\u00fctlerin d\u00fczenledi\u011fi ilk ortak 1 May\u0131s kutlamas\u0131 olma \u00f6zelli\u011fini ta\u015f\u0131yan etkinli\u011fe yo\u011fun kat\u0131l\u0131m oldu. Ledra Palace Kap\u0131s\u0131\u2019nda y\u0131\u011f\u0131lmalalar meydana geldi, polisin tutumu ge\u00e7i\u015flerin uzamas\u0131na neden oldu.<\/p>\n<p>&nbsp;<\/p>\n<p>Ortak miting; KKTC\u2019den Devrimci \u0130\u015f\u00e7i Sendikas\u0131 Federasyonu (Dev-\u0130\u015f), K\u0131br\u0131s T\u00fcrk \u00d6\u011fretmenler Sendikas\u0131 (KT\u00d6S), K\u0131br\u0131s T\u00fcrk Orta E\u011fitim \u00d6\u011fretmenler Sendikas\u0131 (KTOE\u00d6S), Belediye Emek\u00e7ileri Sendikas\u0131 (BES) ve K\u0131br\u0131s T\u00fcrk Amme Memurlar\u0131 Sendikas\u0131 (KTAMS), G\u00fcney K\u0131br\u0131s\u2019tan ise K\u0131br\u0131s \u0130\u015f\u00e7i Sendikalar\u0131 Federasyonu\u2019nun (PEO) i\u015fbirli\u011finde d\u00fczenlendi.<\/p>\n<p>Her iki kesimden gelen binlerce ki\u015fi Ankara\u2019n\u0131n ve Troyka\u2019n\u0131n dayatmalar\u0131na kar\u015f\u0131 direni\u015f mesajlar\u0131 verdiler.<\/p>\n<p>&nbsp;<\/p>\n<p>&nbsp;<\/p>\n<p><a href=\"https:\/\/baraka.cc\/wp-content\/uploads\/2014\/05\/DSC_0043.jpg\"><img decoding=\"async\" loading=\"lazy\" alt=\"DSC_0043\" src=\"https:\/\/baraka.cc\/wp-content\/uploads\/2014\/05\/DSC_0043-300x199.jpg\" width=\"300\" height=\"199\" \/><\/a>\u201cDayatmalara Hay\u0131r. Ortak Vatan \u0130\u00e7in Ortak M\u00fccadele\u201d slogan\u0131 ile d\u00fczenlenen mitingde Grup Baria, Arda G\u00fcnd\u00fcz, Sol Anahtar\u0131 ile Kulis Thedodoru ve Grubu konser verdi.<\/p>\n<p><a href=\"https:\/\/baraka.cc\/wp-content\/uploads\/2014\/05\/DSC_0883.jpg\"><img decoding=\"async\" loading=\"lazy\" alt=\"DSC_0883\" src=\"https:\/\/baraka.cc\/wp-content\/uploads\/2014\/05\/DSC_0883-300x199.jpg\" width=\"300\" height=\"199\" \/><\/a><\/p>\n<p><a href=\"https:\/\/baraka.cc\/wp-content\/uploads\/2014\/05\/DSC_0108.jpg\"><img decoding=\"async\" loading=\"lazy\" alt=\"DSC_0108\" src=\"https:\/\/baraka.cc\/wp-content\/uploads\/2014\/05\/DSC_0108-300x199.jpg\" width=\"300\" height=\"199\" \/><\/a><\/p>\n<p><a href=\"https:\/\/baraka.cc\/wp-content\/uploads\/2014\/05\/DSC_0553.jpg\"><img decoding=\"async\" loading=\"lazy\" alt=\"DSC_0553\" src=\"https:\/\/baraka.cc\/wp-content\/uploads\/2014\/05\/DSC_0553-300x199.jpg\" width=\"300\" height=\"199\" \/><\/a><\/p>\n<p><a href=\"https:\/\/baraka.cc\/wp-content\/uploads\/2014\/05\/DSC_0556.jpg\"><img decoding=\"async\" loading=\"lazy\" alt=\"DSC_0556\" src=\"https:\/\/baraka.cc\/wp-content\/uploads\/2014\/05\/DSC_0556-300x199.jpg\" width=\"300\" height=\"199\" \/><\/a><\/p>\n<p><a href=\"https:\/\/baraka.cc\/wp-content\/uploads\/2014\/05\/DSC_0837.jpg\"><img decoding=\"async\" loading=\"lazy\" alt=\"DSC_0837\" src=\"https:\/\/baraka.cc\/wp-content\/uploads\/2014\/05\/DSC_0837-300x199.jpg\" width=\"300\" height=\"199\" \/><\/a><\/p>\n<p>&nbsp;<\/p>\n","protected":false},"excerpt":{"rendered":"<p>1 May\u0131s, \u00a0Lefko\u015fa ara b\u00f6lgede bulunan Taksim Sahas\u0131\u2019nda 56 y\u0131l aradan sonra baz\u0131 K\u0131br\u0131sl\u0131 T\u00fcrk ve K\u0131br\u0131sl\u0131 Elen \u00f6rg\u00fctlerin ortak d\u00fczenledi\u011fi etkinlikle kutland\u0131. Mitinge K\u0131br\u0131s\u2019\u0131n<\/p>\n","protected":false},"author":1,"featured_media":2349,"comment_status":"open","ping_status":"open","sticky":false,"template":"","format":"standard","meta":{"jetpack_post_was_ever_published":false,"_jetpack_newsletter_access":"","_jetpack_newsletter_tier_id":0,"jetpack_publicize_message":"58 YIL SONRA\u2026 KIBRIS HALKLARI DAYATMALARA KAR\u015eI ORTAK D\u0130REN\u0130\u015e DED\u0130","jetpack_is_tweetstorm":false,"jetpack_publicize_feature_enabled":true,"jetpack_social_post_already_shared":true,"jetpack_social_options":{"image_generator_settings":{"template":"highway","enabled":false}}},"categories":[51,24,23],"tags":[],"jetpack_publicize_connections":[],"jetpack_featured_media_url":"https:\/\/baraka.cc\/wp-content\/uploads\/2014\/05\/DSC_0837.jpg","jetpack_shortlink":"https:\/\/wp.me\/p4eHWX-BP","jetpack_sharing_enabled":true,"_links":{"self":[{"href":"https:\/\/baraka.cc\/index.php?rest_route=\/wp\/v2\/posts\/2345"}],"collection":[{"href":"https:\/\/baraka.cc\/index.php?rest_route=\/wp\/v2\/posts"}],"about":[{"href":"https:\/\/baraka.cc\/index.php?rest_route=\/wp\/v2\/types\/post"}],"author":[{"embeddable":true,"href":"https:\/\/baraka.cc\/index.php?rest_route=\/wp\/v2\/users\/1"}],"replies":[{"embeddable":true,"href":"https:\/\/baraka.cc\/index.php?rest_route=%2Fwp%2Fv2%2Fcomments&post=2345"}],"version-history":[{"count":1,"href":"https:\/\/baraka.cc\/index.php?rest_route=\/wp\/v2\/posts\/2345\/revisions"}],"predecessor-version":[{"id":2350,"href":"https:\/\/baraka.cc\/index.php?rest_route=\/wp\/v2\/posts\/2345\/revisions\/2350"}],"wp:featuredmedia":[{"embeddable":true,"href":"https:\/\/baraka.cc\/index.php?rest_route=\/wp\/v2\/media\/2349"}],"wp:attachment":[{"href":"https:\/\/baraka.cc\/index.php?rest_route=%2Fwp%2Fv2%2Fmedia&parent=2345"}],"wp:term":[{"taxonomy":"category","embeddable":true,"href":"https:\/\/baraka.cc\/index.php?rest_route=%2Fwp%2Fv2%2Fcategories&post=2345"},{"taxonomy":"post_tag","embeddable":true,"href":"https:\/\/baraka.cc\/index.php?rest_route=%2Fwp%2Fv2%2Ftags&post=2345"}],"curies":[{"name":"wp","href":"https:\/\/api.w.org\/{rel}","templated":true}]}}