{"id":2352,"date":"2014-05-07T12:54:11","date_gmt":"2014-05-07T10:54:11","guid":{"rendered":"https:\/\/baraka.cc\/?p=2352"},"modified":"2014-05-07T12:54:11","modified_gmt":"2014-05-07T10:54:11","slug":"uc-fidan-anildi","status":"publish","type":"post","link":"https:\/\/baraka.cc\/?p=2352","title":{"rendered":"\u201c\u00dc\u00e7 Fidan\u201d An\u0131ld\u0131"},"content":{"rendered":"<p><a href=\"https:\/\/baraka.cc\/wp-content\/uploads\/2014\/05\/10306979_505965829504667_1048118178_n.jpg\"><img decoding=\"async\" loading=\"lazy\" class=\"alignleft size-medium wp-image-2353\" alt=\"10306979_505965829504667_1048118178_n\" src=\"https:\/\/baraka.cc\/wp-content\/uploads\/2014\/05\/10306979_505965829504667_1048118178_n-300x199.jpg\" width=\"300\" height=\"199\" srcset=\"https:\/\/baraka.cc\/wp-content\/uploads\/2014\/05\/10306979_505965829504667_1048118178_n-300x199.jpg 300w, https:\/\/baraka.cc\/wp-content\/uploads\/2014\/05\/10306979_505965829504667_1048118178_n.jpg 960w\" sizes=\"(max-width: 300px) 100vw, 300px\" \/><\/a>Lirik \u015eiir Grubu taraf\u0131ndan organize edilen ve Baraka ile K\u0131br\u0131s Pir Sultan Abdal K\u00fclt\u00fcr Derne\u011fi\u2019nin de destekledi\u011fi 6 May\u0131s Anma Etkinli\u011fi ger\u00e7ekle\u015ftirildi. Gecede Baraka M\u00fczik Toplulu\u011fu Sol Anahtar\u0131 seslendirdi\u011fi be\u015f par\u00e7a ile dinleyicileri b\u00fcy\u00fcledi. Deniz Gezmi\u015f, Yusuf Aslan ve H\u00fcseyin \u0130nan\u2019\u0131n foto\u011fraflar\u0131n\u0131n projeksiyon ile perdeye yans\u0131t\u0131ld\u0131\u011f\u0131 gece boyunca; Lirik \u015eiir Grubu \u00dc\u00e7 Fidan i\u00e7in yaz\u0131lm\u0131\u015f \u015fiirleri b\u00fcy\u00fck bir co\u015fku ve duygulu bir performans ile okudu. Lirik \u015eiir Grubu\u2019nun ard\u0131ndan sahne alan Sol Anahtar\u0131 da sahnedeki duru\u015fu, m\u00fczikalitesi ve kararl\u0131l\u0131\u011f\u0131 ile geceye damgas\u0131n\u0131 vurdu. \u00dclkemizde devrimci m\u00fczi\u011fin \u00f6nc\u00fcl\u00fc\u011f\u00fcn\u00fc yapan Sol Anahtar\u0131\u2019n\u0131n ba\u015far\u0131l\u0131 performans\u0131 ve Lirik \u015eiir Grubu\u2019nun sanatsal duru\u015fu geceye kat\u0131lanlar\u0131n g\u00f6zya\u015flar\u0131na hakim olamamas\u0131na neden oldu. Devrimin ve devrimcili\u011fin ge\u00e7mi\u015fe ait bir an\u0131, anlat\u0131larak t\u00fcketilecek bir hat\u0131ra veya dost sohbetlerine meze yap\u0131lmak istendi\u011fi ko\u015fullarda; 6 May\u0131s 2014 tarihinde ger\u00e7ekle\u015fen etkinlik devrimcili\u011fin ya\u015fayan bir eylem, ge\u00e7mi\u015fin bilinci ile bug\u00fcn varolan bir tav\u0131r oldu\u011fu bir kez daha bilin\u00e7lerde yer buldu. Devrim m\u00fccadelelerinde hayatlar\u0131n\u0131 kaybedenlerin \u015fiirlerle, \u015fark\u0131larla an\u0131lmas\u0131; \u00f6l\u00fcm\u00fc \u201ct\u00fcrk\u00fclerle mar\u015flarla kar\u015f\u0131layanlara\u201d, idam sehpas\u0131nda Rodrigo dinlemek arzusu duyanlara yani hayat\u0131 devrim k\u0131lanlara borcumuzdu&#8230;<\/p>\n<p><a href=\"https:\/\/baraka.cc\/wp-content\/uploads\/2014\/05\/10312064_505965826171334_2044801704_n.jpg\"><img decoding=\"async\" loading=\"lazy\" alt=\"10312064_505965826171334_2044801704_n\" src=\"https:\/\/baraka.cc\/wp-content\/uploads\/2014\/05\/10312064_505965826171334_2044801704_n-300x199.jpg\" width=\"300\" height=\"199\" \/><\/a><\/p>\n<p><a href=\"https:\/\/baraka.cc\/wp-content\/uploads\/2014\/05\/10314544_10154073635445461_7775091053300375035_n.jpg\"><img decoding=\"async\" loading=\"lazy\" alt=\"10314544_10154073635445461_7775091053300375035_n\" src=\"https:\/\/baraka.cc\/wp-content\/uploads\/2014\/05\/10314544_10154073635445461_7775091053300375035_n-300x225.jpg\" width=\"300\" height=\"225\" \/><\/a><\/p>\n<p>&nbsp;<\/p>\n","protected":false},"excerpt":{"rendered":"<p>Lirik \u015eiir Grubu taraf\u0131ndan organize edilen ve Baraka ile K\u0131br\u0131s Pir Sultan Abdal K\u00fclt\u00fcr Derne\u011fi\u2019nin de destekledi\u011fi 6 May\u0131s Anma Etkinli\u011fi ger\u00e7ekle\u015ftirildi. Gecede Baraka M\u00fczik<\/p>\n","protected":false},"author":1,"featured_media":2353,"comment_status":"open","ping_status":"open","sticky":false,"template":"","format":"standard","meta":{"jetpack_post_was_ever_published":false,"_jetpack_newsletter_access":"","_jetpack_newsletter_tier_id":0,"jetpack_publicize_message":"","jetpack_is_tweetstorm":false,"jetpack_publicize_feature_enabled":true,"jetpack_social_post_already_shared":true,"jetpack_social_options":{"image_generator_settings":{"template":"highway","enabled":false}}},"categories":[57,24,23],"tags":[],"jetpack_publicize_connections":[],"jetpack_featured_media_url":"https:\/\/baraka.cc\/wp-content\/uploads\/2014\/05\/10306979_505965829504667_1048118178_n.jpg","jetpack_shortlink":"https:\/\/wp.me\/p4eHWX-BW","jetpack_sharing_enabled":true,"_links":{"self":[{"href":"https:\/\/baraka.cc\/index.php?rest_route=\/wp\/v2\/posts\/2352"}],"collection":[{"href":"https:\/\/baraka.cc\/index.php?rest_route=\/wp\/v2\/posts"}],"about":[{"href":"https:\/\/baraka.cc\/index.php?rest_route=\/wp\/v2\/types\/post"}],"author":[{"embeddable":true,"href":"https:\/\/baraka.cc\/index.php?rest_route=\/wp\/v2\/users\/1"}],"replies":[{"embeddable":true,"href":"https:\/\/baraka.cc\/index.php?rest_route=%2Fwp%2Fv2%2Fcomments&post=2352"}],"version-history":[{"count":1,"href":"https:\/\/baraka.cc\/index.php?rest_route=\/wp\/v2\/posts\/2352\/revisions"}],"predecessor-version":[{"id":2356,"href":"https:\/\/baraka.cc\/index.php?rest_route=\/wp\/v2\/posts\/2352\/revisions\/2356"}],"wp:featuredmedia":[{"embeddable":true,"href":"https:\/\/baraka.cc\/index.php?rest_route=\/wp\/v2\/media\/2353"}],"wp:attachment":[{"href":"https:\/\/baraka.cc\/index.php?rest_route=%2Fwp%2Fv2%2Fmedia&parent=2352"}],"wp:term":[{"taxonomy":"category","embeddable":true,"href":"https:\/\/baraka.cc\/index.php?rest_route=%2Fwp%2Fv2%2Fcategories&post=2352"},{"taxonomy":"post_tag","embeddable":true,"href":"https:\/\/baraka.cc\/index.php?rest_route=%2Fwp%2Fv2%2Ftags&post=2352"}],"curies":[{"name":"wp","href":"https:\/\/api.w.org\/{rel}","templated":true}]}}