{"id":2360,"date":"2014-05-14T13:26:56","date_gmt":"2014-05-14T11:26:56","guid":{"rendered":"https:\/\/baraka.cc\/?p=2360"},"modified":"2014-05-14T13:26:56","modified_gmt":"2014-05-14T11:26:56","slug":"is-kazasi-degil-cinayet","status":"publish","type":"post","link":"https:\/\/baraka.cc\/?p=2360","title":{"rendered":"\u0130\u015e KAZASI DE\u011e\u0130L C\u0130NAYET"},"content":{"rendered":"<p>D\u00fcn T\u00fcrkiye\u2019de Soma Maden \u0130\u015fletmeleri\u2019nde ger\u00e7ekle\u015fen patlama sonucunda 200\u2019\u00fc a\u015fk\u0131n i\u015f\u00e7i hayat\u0131n\u0131 kaybetti. Daha fazla i\u015f\u00e7i ise yaraland\u0131. Maalesef hala k\u00f6t\u00fc haberler gelmeye devam ediyor. \u00d6ncelikle hayat\u0131n\u0131 kaybeden i\u015f\u00e7ilerin ailelerine ve dostlar\u0131na ba\u015f sa\u011fl\u0131\u011f\u0131 dileklerimizi iletmek istiyoruz. Ac\u0131n\u0131z ac\u0131m\u0131zd\u0131r.<\/p>\n<p>Ya\u015fananlar bug\u00fcn i\u015f kazas\u0131 ve hatta kader olarak adland\u0131r\u0131lmaya \u00e7al\u0131\u015f\u0131lmakta, buradan duyurmak istiyoruz ki bu ya\u015fananlar i\u015f kazas\u0131 veya kader de\u011fildir; haz\u0131rlan\u0131lm\u0131\u015f bir katliamd\u0131r.<\/p>\n<p>Kar amac\u0131 ile kapasitesinin kat ve kat \u00fcst\u00fcnde i\u015f\u00e7i \u00e7al\u0131\u015ft\u0131ran, i\u015f g\u00fcvencesi nam\u0131na hi\u00e7 bir \u00f6nlem almadan uzun \u00e7al\u0131\u015fma saatleriyle i\u015f\u00e7ileri madenlere kapatan sermayedarlar ve bu durumun zeminini haz\u0131rlayan devlet , i\u015f\u00e7ilerin ekmek kap\u0131lar\u0131n\u0131 mezara d\u00f6n\u00fc\u015ft\u00fcrm\u00fc\u015ft\u00fcr. \u00a0Onlar bu katliam\u0131n sorumlusu katillerdir.<\/p>\n<p>\u00d6zelle\u015ftirmeler ve ta\u015feronla\u015ft\u0131rma politikalar\u0131 bu cinayetlerin kayna\u011f\u0131d\u0131r. K\u0131br\u0131s\u2019\u0131n kuzeyinde de bu politikalar i\u015f\u00e7ilerin hayatlar\u0131 ile oynamaktad\u0131r. Ge\u00e7ti\u011fimiz g\u00fcnlerde ta\u015focaklar\u0131nda i\u015f g\u00fcvenli\u011finden yoksun \u00e7al\u0131\u015ft\u0131rma sonucu ya\u015fanan i\u015f cinayetinin ard\u0131ndan, 3 ta\u015feron \u00e7al\u0131\u015fan i\u015f\u00e7inin a\u011f\u0131r yaralanmas\u0131 ile sonu\u00e7lanan in\u015faat facias\u0131 ayn\u0131 politaklar\u0131n sonucudur.<\/p>\n<p>T\u00fcrkiye\u2019deki i\u015f\u00e7i katliam\u0131n\u0131n ac\u0131s\u0131n\u0131 bizler de hissediyoruz ve m\u00fccadeleleri ile dayan\u0131\u015f\u0131yoruz. Yerli egemenleri ise adam\u0131zda i\u015f g\u00fcvenli\u011fi ve ta\u015feronla\u015fmaya kar\u015f\u0131 acil \u00f6nlemler almaya \u00e7a\u011f\u0131r\u0131yoruz.<\/p>\n<p>DEV-\u0130\u015e ,\u00a0<i>BKP, TDP, YKP, Baraka, DKB, Pir Sultan Abdal<\/i><\/p>\n<p>&nbsp;<\/p>\n<p>\u201c\u0130\u015e KAZASI DE\u011e\u0130L KATL\u0130AM\u201d DEMEK \u0130\u00c7\u0130N EYLEM<\/p>\n<p><span style=\"color: #333333;\"><a href=\"x-apple-data-detectors:\/\/1\">Bug\u00fcn saat 16.30\u2019da<\/a>\u00a0T\u00fcrkiye\u2019de Soma\u2019da ya\u015fanan katliam\u0131 protesto etmek, ac\u0131lar\u0131 payla\u015fmak,i\u015f\u00e7ilerin hayatlar\u0131na mal olan ve adam\u0131zda da etkli olan ta\u015feronla\u015ft\u0131rma ve i\u015f g\u00fcvenli\u011finden yoksun \u00e7al\u0131\u015ft\u0131rmaya dikkat \u00e7ekmek i\u00e7in Ku\u011fulu Park\u2019ta toplan\u0131p TC El\u00e7il\u011fine y\u00fcr\u00fcyoruz.<\/span><\/p>\n<p><i>BKP, TDP, YKP, Baraka, DKB, Pir Sultan Abdal, ve di\u011fer kat\u0131l\u0131mc\u0131 \u00f6rg\u00fctler<\/i><\/p>\n","protected":false},"excerpt":{"rendered":"<p>D\u00fcn T\u00fcrkiye\u2019de Soma Maden \u0130\u015fletmeleri\u2019nde ger\u00e7ekle\u015fen patlama sonucunda 200\u2019\u00fc a\u015fk\u0131n i\u015f\u00e7i hayat\u0131n\u0131 kaybetti. Daha fazla i\u015f\u00e7i ise yaraland\u0131. Maalesef hala k\u00f6t\u00fc haberler gelmeye devam ediyor.<\/p>\n","protected":false},"author":1,"featured_media":2361,"comment_status":"open","ping_status":"open","sticky":false,"template":"","format":"standard","meta":{"jetpack_post_was_ever_published":false,"_jetpack_newsletter_access":"","_jetpack_newsletter_tier_id":0,"jetpack_publicize_message":"","jetpack_is_tweetstorm":false,"jetpack_publicize_feature_enabled":true,"jetpack_social_post_already_shared":true,"jetpack_social_options":{"image_generator_settings":{"template":"highway","enabled":false}}},"categories":[66,47],"tags":[],"jetpack_publicize_connections":[],"jetpack_featured_media_url":"https:\/\/baraka.cc\/wp-content\/uploads\/2014\/05\/image.jpg","jetpack_shortlink":"https:\/\/wp.me\/p4eHWX-C4","jetpack_sharing_enabled":true,"_links":{"self":[{"href":"https:\/\/baraka.cc\/index.php?rest_route=\/wp\/v2\/posts\/2360"}],"collection":[{"href":"https:\/\/baraka.cc\/index.php?rest_route=\/wp\/v2\/posts"}],"about":[{"href":"https:\/\/baraka.cc\/index.php?rest_route=\/wp\/v2\/types\/post"}],"author":[{"embeddable":true,"href":"https:\/\/baraka.cc\/index.php?rest_route=\/wp\/v2\/users\/1"}],"replies":[{"embeddable":true,"href":"https:\/\/baraka.cc\/index.php?rest_route=%2Fwp%2Fv2%2Fcomments&post=2360"}],"version-history":[{"count":1,"href":"https:\/\/baraka.cc\/index.php?rest_route=\/wp\/v2\/posts\/2360\/revisions"}],"predecessor-version":[{"id":2362,"href":"https:\/\/baraka.cc\/index.php?rest_route=\/wp\/v2\/posts\/2360\/revisions\/2362"}],"wp:featuredmedia":[{"embeddable":true,"href":"https:\/\/baraka.cc\/index.php?rest_route=\/wp\/v2\/media\/2361"}],"wp:attachment":[{"href":"https:\/\/baraka.cc\/index.php?rest_route=%2Fwp%2Fv2%2Fmedia&parent=2360"}],"wp:term":[{"taxonomy":"category","embeddable":true,"href":"https:\/\/baraka.cc\/index.php?rest_route=%2Fwp%2Fv2%2Fcategories&post=2360"},{"taxonomy":"post_tag","embeddable":true,"href":"https:\/\/baraka.cc\/index.php?rest_route=%2Fwp%2Fv2%2Ftags&post=2360"}],"curies":[{"name":"wp","href":"https:\/\/api.w.org\/{rel}","templated":true}]}}