{"id":2460,"date":"2014-08-15T11:25:39","date_gmt":"2014-08-15T09:25:39","guid":{"rendered":"https:\/\/baraka.cc\/?p=2460"},"modified":"2014-09-18T11:26:17","modified_gmt":"2014-09-18T09:26:17","slug":"bagimsiz-kibris-icin-haykirdik","status":"publish","type":"post","link":"https:\/\/baraka.cc\/?p=2460","title":{"rendered":"Ba\u011f\u0131ms\u0131z K\u0131br\u0131s i\u00e7in hayk\u0131rd\u0131k."},"content":{"rendered":"<p><a href=\"https:\/\/baraka.cc\/wp-content\/uploads\/2014\/09\/Bag\u0131ms\u0131zK\u0131br\u0131s1.jpg\"><img decoding=\"async\" loading=\"lazy\" class=\"alignleft size-medium wp-image-2461\" alt=\"Bag\u0131ms\u0131zK\u0131br\u0131s1\" src=\"https:\/\/baraka.cc\/wp-content\/uploads\/2014\/09\/Bag\u0131ms\u0131zK\u0131br\u0131s1-300x225.jpg\" width=\"300\" height=\"225\" srcset=\"https:\/\/baraka.cc\/wp-content\/uploads\/2014\/09\/Bag\u0131ms\u0131zK\u0131br\u0131s1-300x225.jpg 300w, https:\/\/baraka.cc\/wp-content\/uploads\/2014\/09\/Bag\u0131ms\u0131zK\u0131br\u0131s1-1024x768.jpg 1024w\" sizes=\"(max-width: 300px) 100vw, 300px\" \/><\/a>Baraka K\u00fclt\u00fcr Merkezi ve TDP-Gen\u00e7lik \u00f6rg\u00fct\u00fcn\u00fcn ortak organize etti\u011fi ve Pir Sultan Abdal K\u00fclt\u00fcr Derne\u011fi\u2019nin de destek verdi\u011fi Ba\u011f\u0131ms\u0131z K\u0131br\u0131s etkinli\u011fi d\u00fcn ak\u015fam G\u00f6\u00e7menk\u00f6y Park\u0131\u2019nda ger\u00e7ekle\u015ftirildi.<\/p>\n<p>Serkan Soyalan\u2019\u0131n sunuculu\u011funu yapt\u0131\u011f\u0131 etkinlikte ile olarak Grup Firar sahne ald\u0131.<\/p>\n<p>Ard\u0131ndan ise sanat\u00e7\u0131 Ya\u015far Ersoy konu\u015fmas\u0131n yapmak i\u00e7in sahneye \u00e7\u0131kt\u0131. Ersoy konu\u015fmas\u0131nda ba\u011f\u0131ms\u0131zl\u0131\u011f\u0131 ancak bedel \u00f6deyerek ula\u015f\u0131labilece\u011fine vurgu yapt\u0131\u011f\u0131 konu\u015fmas\u0131n da bunun i\u00e7inde ganimet d\u00fczen ve onun yaratt\u0131\u011f\u0131 konformizmden hesapla\u015f\u0131lmas\u0131 gerekti\u011finin alt\u0131n\u0131 \u00e7izdi.<\/p>\n<p>Etkinlikte T\u00fcrkiye\u2019den \u00d6DP ve Halkevleri taraf\u0131ndan yollanan dayan\u0131\u015fma mesajlar\u0131 okundu. K\u0131br\u0131s\u2019\u0131n g\u00fcneyinden Agkkara grubu temsilcisi sahneden dayan\u0131\u015fma mesajlar\u0131n\u0131 okuyarak ortak m\u00fccadelenin \u00f6nemine vurgu yapt\u0131.<\/p>\n<p>Gece boyunca kat\u0131l\u0131mc\u0131lar ayr\u0131ca Ba\u011f\u0131ms\u0131z K\u0131br\u0131s Hat\u0131ras\u0131 pankart\u0131n\u0131n \u00f6n\u00fcnde hat\u0131ra foto\u011fraf\u0131 da \u00e7ektirdi.<\/p>\n<p>&nbsp;<\/p>\n<p>Son olarak ise Baraka Tiyatro Ekibi ve ard\u0131ndan Sol Anahtar\u0131 sahneye \u00e7\u0131karak tiyatro ve \u015fark\u0131larla kat\u0131l\u0131mc\u0131lara g\u00fczel ve co\u015fku dolu anlar ya\u015fatt\u0131lar.<\/p>\n","protected":false},"excerpt":{"rendered":"<p>Baraka K\u00fclt\u00fcr Merkezi ve TDP-Gen\u00e7lik \u00f6rg\u00fct\u00fcn\u00fcn ortak organize etti\u011fi ve Pir Sultan Abdal K\u00fclt\u00fcr Derne\u011fi\u2019nin de destek verdi\u011fi Ba\u011f\u0131ms\u0131z K\u0131br\u0131s etkinli\u011fi d\u00fcn ak\u015fam G\u00f6\u00e7menk\u00f6y Park\u0131\u2019nda<\/p>\n","protected":false},"author":1,"featured_media":2461,"comment_status":"open","ping_status":"open","sticky":false,"template":"","format":"standard","meta":{"jetpack_post_was_ever_published":false,"_jetpack_newsletter_access":"","_jetpack_newsletter_tier_id":0,"jetpack_publicize_message":"","jetpack_is_tweetstorm":false,"jetpack_publicize_feature_enabled":true,"jetpack_social_post_already_shared":true,"jetpack_social_options":{"image_generator_settings":{"template":"highway","enabled":false}}},"categories":[54,47,1],"tags":[],"jetpack_publicize_connections":[],"jetpack_featured_media_url":"https:\/\/baraka.cc\/wp-content\/uploads\/2014\/09\/Bag\u0131ms\u0131zK\u0131br\u0131s1.jpg","jetpack_shortlink":"https:\/\/wp.me\/p4eHWX-DG","jetpack_sharing_enabled":true,"_links":{"self":[{"href":"https:\/\/baraka.cc\/index.php?rest_route=\/wp\/v2\/posts\/2460"}],"collection":[{"href":"https:\/\/baraka.cc\/index.php?rest_route=\/wp\/v2\/posts"}],"about":[{"href":"https:\/\/baraka.cc\/index.php?rest_route=\/wp\/v2\/types\/post"}],"author":[{"embeddable":true,"href":"https:\/\/baraka.cc\/index.php?rest_route=\/wp\/v2\/users\/1"}],"replies":[{"embeddable":true,"href":"https:\/\/baraka.cc\/index.php?rest_route=%2Fwp%2Fv2%2Fcomments&post=2460"}],"version-history":[{"count":1,"href":"https:\/\/baraka.cc\/index.php?rest_route=\/wp\/v2\/posts\/2460\/revisions"}],"predecessor-version":[{"id":2462,"href":"https:\/\/baraka.cc\/index.php?rest_route=\/wp\/v2\/posts\/2460\/revisions\/2462"}],"wp:featuredmedia":[{"embeddable":true,"href":"https:\/\/baraka.cc\/index.php?rest_route=\/wp\/v2\/media\/2461"}],"wp:attachment":[{"href":"https:\/\/baraka.cc\/index.php?rest_route=%2Fwp%2Fv2%2Fmedia&parent=2460"}],"wp:term":[{"taxonomy":"category","embeddable":true,"href":"https:\/\/baraka.cc\/index.php?rest_route=%2Fwp%2Fv2%2Fcategories&post=2460"},{"taxonomy":"post_tag","embeddable":true,"href":"https:\/\/baraka.cc\/index.php?rest_route=%2Fwp%2Fv2%2Ftags&post=2460"}],"curies":[{"name":"wp","href":"https:\/\/api.w.org\/{rel}","templated":true}]}}