{"id":2508,"date":"2014-11-04T10:00:14","date_gmt":"2014-11-04T08:00:14","guid":{"rendered":"https:\/\/baraka.cc\/?p=2508"},"modified":"2014-11-04T10:00:14","modified_gmt":"2014-11-04T08:00:14","slug":"baraka-kultur-merkezi-kultur-sanat-danisma-kuruluna-secildi","status":"publish","type":"post","link":"https:\/\/baraka.cc\/?p=2508","title":{"rendered":"BARAKA K\u00dcLT\u00dcR MERKEZ\u0130 K\u00dcLT\u00dcR SANAT DANI\u015eMA KURULU\u2019NA SE\u00c7\u0130LD\u0130"},"content":{"rendered":"<p><img decoding=\"async\" loading=\"lazy\" class=\"alignleft size-medium wp-image-2509\" style=\"border: 1px solid black;\" alt=\"baraka_su1-660x330\" src=\"https:\/\/baraka.cc\/wp-content\/uploads\/2014\/11\/baraka_su1-660x330-300x150.jpg\" width=\"300\" height=\"150\" srcset=\"https:\/\/baraka.cc\/wp-content\/uploads\/2014\/11\/baraka_su1-660x330-300x150.jpg 300w, https:\/\/baraka.cc\/wp-content\/uploads\/2014\/11\/baraka_su1-660x330.jpg 660w\" sizes=\"(max-width: 300px) 100vw, 300px\" \/><\/p>\n<p>&nbsp;<\/p>\n<p><span style=\"line-height: 1.5em;\">Baraka K\u00fclt\u00fcr Merkezi aktivisti ve derne\u011fin tiyatro ekibi sorumlusu Nazen \u015eansal, sahne (g\u00f6steri) sanat\u00e7\u0131s\u0131 alan\u0131nda yap\u0131lan se\u00e7imlerde en fazla oyu alarak, bu alandaki dernekleri temsil etmek \u00fczere K\u00fclt\u00fcr Sanat Dan\u0131\u015fma Kurulu\u2019na se\u00e7ildi. K\u00fclt\u00fcr Sanat Dan\u0131\u015fma Kurulu T\u00fcz\u00fc\u011f\u00fc uyar\u0131nca \u00fc\u00e7 y\u0131lda bir K\u00fclt\u00fcr Dairesi b\u00fcnyesinde ger\u00e7ekle\u015ftirilen se\u00e7imlere, tiyatro ve dans konusunda faaliyet g\u00f6steren pek \u00e7ok dernek temsilcisi kat\u0131ld\u0131. Dernek temsilcileri, toplant\u0131da \u00f6ncelikle sahne ve g\u00f6steri sanatlar\u0131 konusunda ya\u015fad\u0131klar\u0131 sorunlar\u0131 ve deneyimleri payla\u015farak K\u00fclt\u00fcr Dairesi\u2019nin politikalar\u0131n\u0131 de\u011ferlendirdiler. K\u00fclt\u00fcr Sanat Dan\u0131\u015fma Kurulu\u2019nun ge\u00e7mi\u015f d\u00f6nemlerdeki \u00e7al\u0131\u015fmalar\u0131n\u0131n ve \u00f6rg\u00fctlerin \u00e7abalar\u0131na ra\u011fmen K\u00fclt\u00fcr Dairesi y\u00f6netiminden kaynaklanan aksakl\u0131klar\u0131n da aktar\u0131ld\u0131\u011f\u0131 toplant\u0131 sonras\u0131nda Kurul\u2019a iki temsilci se\u00e7imi i\u00e7in adaylar\u0131n belirlenmesine ve ard\u0131ndan oylamaya\u00a0<\/span><span style=\"line-height: 1.5em;\">ge\u00e7ildi. Yap\u0131lan oylama neticesinde \u00fc\u00e7 y\u0131l i\u00e7in Kurul\u2019da g\u00f6rev yapmak \u00fczere, Baraka aktivisti Nazen \u015eansal ve Tango K\u0131br\u0131s Derne\u011fi temsilcisi Mustafa Elmas se\u00e7ildi.\u00a0<\/span><\/p>\n<p>Baraka K\u00fclt\u00fcr Merkezi, yatay ve demokratik anlay\u0131\u015f\u0131na uygun olarak, Kurul\u2019da, sahne (g\u00f6steri) sanatlar\u0131 alan\u0131nda faaliyet g\u00f6steren t\u00fcm derneklerin menfaatlerini savunmay\u0131 ve derneklerle s\u00fcrekli temas halinde olup fikir al\u0131\u015f veri\u015fi yaparak Kurul \u00e7al\u0131\u015fmalar\u0131na aktarmay\u0131 hedeflemektedir.<\/p>\n<p>T\u00fcz\u00fc\u011f\u00fcne g\u00f6re K\u00fclt\u00fcr Sanat Dan\u0131\u015fma Kurulu, K\u00fclt\u00fcr Bakan\u0131, K\u00fclt\u00fcr Dairesi M\u00fcd\u00fcr\u00fc, Bakan\u2019\u0131n atayaca\u011f\u0131 \u00fc\u00e7 ki\u015fi, iki yazar, iki g\u00f6rsel sanat\u00e7\u0131, iki sahne (g\u00f6steri) sanat\u00e7\u0131s\u0131, iki m\u00fczik sanat\u00e7\u0131s\u0131, iki ara\u015ft\u0131rmac\u0131, \u00fc\u00e7 halkbilim derne\u011fi temsilcisi ve iki \u00fcniversite temsilcisinden olu\u015fuyor. Ba\u015fl\u0131ca g\u00f6rev ve yetkileri ise k\u00fclt\u00fcr sanat konular\u0131nda dan\u0131\u015fma nitelikli kararlar \u00fcretmek; yasa, t\u00fcz\u00fck, y\u00f6netmelik ve karar taslaklar\u0131 hakk\u0131nda g\u00f6r\u00fc\u015f belirtmek; k\u00fclt\u00fcr sanat alan\u0131ndaki sorunlara \u00e7\u00f6z\u00fcm \u00f6nerilerinde bulunmak; K\u00fclt\u00fcr Dairesi ile k\u00fclt\u00fcr sanatla u\u011fra\u015fan ki\u015fi ve kurumlar aras\u0131nda ili\u015fkiler sa\u011flamak; yurt d\u0131\u015f\u0131nda k\u00fclt\u00fcr sanat \u00e7al\u0131\u015fmalar\u0131 yapan kurumlarla ili\u015fkiler kurmak ve geli\u015ftirmektir. Ayr\u0131ca g\u00fczel sanatlarla ilgili derneklere K\u00fclt\u00fcr Dairesi\u2019nin mali yard\u0131mlar\u0131n\u0131 de\u011ferlendiren kurula da, K\u00fclt\u00fcr Sanat Dan\u0131\u015fma Kurulu i\u00e7erisinden d\u00f6rt temsilci se\u00e7ilmekte<\/p>\n<p>.<\/p>\n","protected":false},"excerpt":{"rendered":"<p>&nbsp; Baraka K\u00fclt\u00fcr Merkezi aktivisti ve derne\u011fin tiyatro ekibi sorumlusu Nazen \u015eansal, sahne (g\u00f6steri) sanat\u00e7\u0131s\u0131 alan\u0131nda yap\u0131lan se\u00e7imlerde en fazla oyu alarak, bu alandaki dernekleri<\/p>\n","protected":false},"author":1,"featured_media":2509,"comment_status":"open","ping_status":"open","sticky":false,"template":"","format":"standard","meta":{"jetpack_post_was_ever_published":false,"_jetpack_newsletter_access":"","_jetpack_newsletter_tier_id":0,"jetpack_publicize_message":"","jetpack_is_tweetstorm":false,"jetpack_publicize_feature_enabled":true,"jetpack_social_post_already_shared":true,"jetpack_social_options":{"image_generator_settings":{"template":"highway","enabled":false}}},"categories":[9,1],"tags":[],"jetpack_publicize_connections":[],"jetpack_featured_media_url":"https:\/\/baraka.cc\/wp-content\/uploads\/2014\/11\/baraka_su1-660x330.jpg","jetpack_shortlink":"https:\/\/wp.me\/p4eHWX-Es","jetpack_sharing_enabled":true,"_links":{"self":[{"href":"https:\/\/baraka.cc\/index.php?rest_route=\/wp\/v2\/posts\/2508"}],"collection":[{"href":"https:\/\/baraka.cc\/index.php?rest_route=\/wp\/v2\/posts"}],"about":[{"href":"https:\/\/baraka.cc\/index.php?rest_route=\/wp\/v2\/types\/post"}],"author":[{"embeddable":true,"href":"https:\/\/baraka.cc\/index.php?rest_route=\/wp\/v2\/users\/1"}],"replies":[{"embeddable":true,"href":"https:\/\/baraka.cc\/index.php?rest_route=%2Fwp%2Fv2%2Fcomments&post=2508"}],"version-history":[{"count":1,"href":"https:\/\/baraka.cc\/index.php?rest_route=\/wp\/v2\/posts\/2508\/revisions"}],"predecessor-version":[{"id":2510,"href":"https:\/\/baraka.cc\/index.php?rest_route=\/wp\/v2\/posts\/2508\/revisions\/2510"}],"wp:featuredmedia":[{"embeddable":true,"href":"https:\/\/baraka.cc\/index.php?rest_route=\/wp\/v2\/media\/2509"}],"wp:attachment":[{"href":"https:\/\/baraka.cc\/index.php?rest_route=%2Fwp%2Fv2%2Fmedia&parent=2508"}],"wp:term":[{"taxonomy":"category","embeddable":true,"href":"https:\/\/baraka.cc\/index.php?rest_route=%2Fwp%2Fv2%2Fcategories&post=2508"},{"taxonomy":"post_tag","embeddable":true,"href":"https:\/\/baraka.cc\/index.php?rest_route=%2Fwp%2Fv2%2Ftags&post=2508"}],"curies":[{"name":"wp","href":"https:\/\/api.w.org\/{rel}","templated":true}]}}