{"id":2511,"date":"2014-11-10T15:52:50","date_gmt":"2014-11-10T13:52:50","guid":{"rendered":"https:\/\/baraka.cc\/?p=2511"},"modified":"2014-11-10T15:52:50","modified_gmt":"2014-11-10T13:52:50","slug":"baraka-kultur-merkezi-akdogan-yenilikci-kadinlar-dernegi-ile-bulustu","status":"publish","type":"post","link":"https:\/\/baraka.cc\/?p=2511","title":{"rendered":"BARAKA K\u00dcLT\u00dcR MERKEZ\u0130, AKDO\u011eAN YEN\u0130L\u0130K\u00c7\u0130 KADINLAR DERNE\u011e\u0130 \u0130LE BULU\u015eTU."},"content":{"rendered":"<p><a href=\"https:\/\/baraka.cc\/wp-content\/uploads\/2014\/11\/akdo\u011fan2.jpg\"><img decoding=\"async\" loading=\"lazy\" class=\"alignleft size-medium wp-image-2513\" style=\"border: 1px solid black; margin-top: 1px; margin-bottom: 1px;\" alt=\"akdo\u011fan2\" src=\"https:\/\/baraka.cc\/wp-content\/uploads\/2014\/11\/akdo\u011fan2-300x168.jpg\" width=\"300\" height=\"168\" srcset=\"https:\/\/baraka.cc\/wp-content\/uploads\/2014\/11\/akdo\u011fan2-300x168.jpg 300w, https:\/\/baraka.cc\/wp-content\/uploads\/2014\/11\/akdo\u011fan2.jpg 960w\" sizes=\"(max-width: 300px) 100vw, 300px\" \/><\/a>\u00a0Baraka aktivisti Nazen \u015eansal, Akdo\u011fan\u2019da \u00e7e\u015fitli faaliyetlerin yan\u0131 s\u0131ra kad\u0131nlara y\u00f6nelik e\u011fitim \u00e7al\u0131\u015fmalar\u0131 da d\u00fczenleyen Yenilik\u00e7i Kad\u0131nlar Derne\u011fi\u2019nde bir seminer verdi. \u201cNeoliberal Politikalar ve Muhafazakarl\u0131k K\u0131skac\u0131nda Kad\u0131n\u201d konulu seminerde, \u00a0neoliberalizmin genelde t\u00fcm toplumun \u00f6zelde ise kad\u0131nlar\u0131n g\u00fcnl\u00fck ya\u015fam\u0131na etkileri anlat\u0131ld\u0131. Ayr\u0131ca halklara, neoliberal yasalarla birlikte dayat\u0131lan muhafazakar politikalar\u0131n da kad\u0131nlar\u0131n \u00f6zg\u00fcrl\u00fcklerini ne \u015fekilde k\u0131s\u0131tlad\u0131\u011f\u0131, T\u00fcrkiye\u2019den ve \u00fclkemizden \u00f6rneklerle detayland\u0131r\u0131ld\u0131. Yenilik\u00e7i kad\u0131nlar Derne\u011fi<span style=\"line-height: 1.5em;\">Etkinli\u011fin birinci b\u00f6l\u00fcm\u00fcnde kad\u0131n\u0131n toplumdaki rol\u00fcn\u00fcn tarihsel s\u00fcre\u00e7 i\u00e7erisindeki m\u00fccadelelerle s\u00fcrekli de\u011fi\u015fimlere u\u011frad\u0131\u011f\u0131, dolay\u0131s\u0131yla bug\u00fcnk\u00fc e\u015fitsiz ve adaletsiz konumunun da de\u011fi\u015febilece\u011fi vurguland\u0131ktan sonra neoliberal d\u00f6nemin sebepleri ve sonu\u00e7lar\u0131 anlat\u0131ld\u0131. \u00dclkemizden \u00f6rneklerle neoliberalizmin anlat\u0131ld\u0131\u011f\u0131 b\u00f6l\u00fcmde, emeklilik ya\u015f\u0131n\u0131n art\u0131r\u0131lmas\u0131, kad\u0131nlar\u0131n y\u0131pranma pay\u0131n\u0131n kald\u0131rl\u0131mas\u0131, esnek ve g\u00fcvencesiz \u00e7al\u0131\u015fma koo\u015fullar\u0131n\u0131n yarat\u0131lmas\u0131, e\u011fitim, sa\u011fl\u0131k, ula\u015f\u0131m, bar\u0131nma gibi en temel haklar\u0131n piyasaya a\u00e7\u0131lmas\u0131 gibi konular\u0131n kad\u0131nlar \u00fczerindeki olumsuz etkileri incelendi. Kat\u0131l\u0131mc\u0131lar\u0131n kendi ya\u015famlar\u0131ndan \u00f6rneklerle katk\u0131 koyduklar\u0131 s\u00f6yle\u015finin ikinci b\u00f6l\u00fcm\u00fcnde ise \u00fclkemize ithal edilen muhafazakar anlay\u0131\u015f\u0131n \u00f6zellikle kad\u0131nlar\u0131n \u00f6zg\u00fcrl\u00fcklerini k\u0131s\u0131tlad\u0131\u011f\u0131 vurguland\u0131. \u00c7e\u015fitli \u00fclkelerdeki kad\u0131nlar\u0131n direni\u015flerinin ve hak m\u00fccadelelerinin de payla\u015f\u0131ld\u0131\u011f\u0131 seminer, dernek \u00fcyesi kad\u0131nlar\u0131n sorular\u0131n\u0131n cevaplanmas\u0131 ile sona erdi.<\/span>\u00a0\u00fcyelerinin katk\u0131 ve sorular\u0131yla da \u015fekillenen seminer, kad\u0131nlar\u0131n yoksulla\u015fmaya ve muhafazakarl\u0131\u011fa kar\u015f\u0131 haklar\u0131n\u0131 savunmalar\u0131 inanc\u0131yla son buldu.<\/p>\n<p><img decoding=\"async\" loading=\"lazy\" class=\"alignleft size-medium wp-image-2512\" style=\"border: 1px solid black; margin-top: 1px; margin-bottom: 1px;\" alt=\"akdo\u011fan1\" src=\"https:\/\/baraka.cc\/wp-content\/uploads\/2014\/11\/akdo\u011fan1-300x168.jpg\" width=\"300\" height=\"168\" srcset=\"https:\/\/baraka.cc\/wp-content\/uploads\/2014\/11\/akdo\u011fan1-300x168.jpg 300w, https:\/\/baraka.cc\/wp-content\/uploads\/2014\/11\/akdo\u011fan1.jpg 960w\" sizes=\"(max-width: 300px) 100vw, 300px\" \/><\/p>\n","protected":false},"excerpt":{"rendered":"<p>\u00a0Baraka aktivisti Nazen \u015eansal, Akdo\u011fan\u2019da \u00e7e\u015fitli faaliyetlerin yan\u0131 s\u0131ra kad\u0131nlara y\u00f6nelik e\u011fitim \u00e7al\u0131\u015fmalar\u0131 da d\u00fczenleyen Yenilik\u00e7i Kad\u0131nlar Derne\u011fi\u2019nde bir seminer verdi. \u201cNeoliberal Politikalar ve Muhafazakarl\u0131k<\/p>\n","protected":false},"author":1,"featured_media":2512,"comment_status":"open","ping_status":"open","sticky":false,"template":"","format":"standard","meta":{"jetpack_post_was_ever_published":false,"_jetpack_newsletter_access":"","_jetpack_newsletter_tier_id":0,"jetpack_publicize_message":"","jetpack_is_tweetstorm":false,"jetpack_publicize_feature_enabled":true,"jetpack_social_post_already_shared":true,"jetpack_social_options":{"image_generator_settings":{"template":"highway","enabled":false}}},"categories":[9,1],"tags":[],"jetpack_publicize_connections":[],"jetpack_featured_media_url":"https:\/\/baraka.cc\/wp-content\/uploads\/2014\/11\/akdo\u011fan1.jpg","jetpack_shortlink":"https:\/\/wp.me\/p4eHWX-Ev","jetpack_sharing_enabled":true,"_links":{"self":[{"href":"https:\/\/baraka.cc\/index.php?rest_route=\/wp\/v2\/posts\/2511"}],"collection":[{"href":"https:\/\/baraka.cc\/index.php?rest_route=\/wp\/v2\/posts"}],"about":[{"href":"https:\/\/baraka.cc\/index.php?rest_route=\/wp\/v2\/types\/post"}],"author":[{"embeddable":true,"href":"https:\/\/baraka.cc\/index.php?rest_route=\/wp\/v2\/users\/1"}],"replies":[{"embeddable":true,"href":"https:\/\/baraka.cc\/index.php?rest_route=%2Fwp%2Fv2%2Fcomments&post=2511"}],"version-history":[{"count":2,"href":"https:\/\/baraka.cc\/index.php?rest_route=\/wp\/v2\/posts\/2511\/revisions"}],"predecessor-version":[{"id":2515,"href":"https:\/\/baraka.cc\/index.php?rest_route=\/wp\/v2\/posts\/2511\/revisions\/2515"}],"wp:featuredmedia":[{"embeddable":true,"href":"https:\/\/baraka.cc\/index.php?rest_route=\/wp\/v2\/media\/2512"}],"wp:attachment":[{"href":"https:\/\/baraka.cc\/index.php?rest_route=%2Fwp%2Fv2%2Fmedia&parent=2511"}],"wp:term":[{"taxonomy":"category","embeddable":true,"href":"https:\/\/baraka.cc\/index.php?rest_route=%2Fwp%2Fv2%2Fcategories&post=2511"},{"taxonomy":"post_tag","embeddable":true,"href":"https:\/\/baraka.cc\/index.php?rest_route=%2Fwp%2Fv2%2Ftags&post=2511"}],"curies":[{"name":"wp","href":"https:\/\/api.w.org\/{rel}","templated":true}]}}