{"id":2617,"date":"2015-01-26T15:56:42","date_gmt":"2015-01-26T13:56:42","guid":{"rendered":"https:\/\/baraka.cc\/?p=2617"},"modified":"2015-01-26T15:56:42","modified_gmt":"2015-01-26T13:56:42","slug":"baraka-edonun-etkinligine-katildi-sinirsiz-sinifsiz-halklari-kardes-bagimsiz-bir-kibris-icin-2","status":"publish","type":"post","link":"https:\/\/baraka.cc\/?p=2617","title":{"rendered":"Baraka Edon&#8217;un etkinli\u011fine kat\u0131ld\u0131: &#8220;S\u0131n\u0131rs\u0131z, s\u0131n\u0131fs\u0131z, halklar\u0131 karde\u015f ba\u011f\u0131ms\u0131z bir K\u0131br\u0131s i\u00e7in&#8221;"},"content":{"rendered":"<p dir=\"ltr\" id=\"yui_3_16_0_1_1421992279920_452555\">\n<p dir=\"ltr\" id=\"yui_3_16_0_1_1421992279920_452558\"><a href=\"https:\/\/baraka.cc\/wp-content\/uploads\/2015\/01\/edon.jpg\"><img decoding=\"async\" loading=\"lazy\" class=\"alignleft size-medium wp-image-2613\" style=\"border: 1px solid black; margin-top: 1px; margin-bottom: 1px;\" alt=\"edon\" src=\"https:\/\/baraka.cc\/wp-content\/uploads\/2015\/01\/edon-300x180.jpg\" width=\"300\" height=\"180\" srcset=\"https:\/\/baraka.cc\/wp-content\/uploads\/2015\/01\/edon-300x180.jpg 300w, https:\/\/baraka.cc\/wp-content\/uploads\/2015\/01\/edon-1024x614.jpg 1024w\" sizes=\"(max-width: 300px) 100vw, 300px\" \/><\/a>Baraka, Edon&#8217;un her y\u0131l geleneksel olarak d\u00fczenledi\u011fi, &#8220;Edon Trodos Gezisi&#8221;ne kat\u0131ld\u0131. 1950&#8217;lerden beri her y\u0131l ger\u00e7ekle\u015fen etkinlikte \u00f6nce Trodos&#8217;ta bulanan \u0130ngiliz \u00fcstlerine y\u00fcr\u00fcy\u00fc\u015f ger\u00e7ekle\u015ftirildi. Y\u00fcr\u00fcy\u00fc\u015fte, &#8220;\u0130ngiliz \u00fcstleri d\u0131\u015far&#8221; &#8220;K\u0131br\u0131s Nato&#8217;nun uzant\u0131s\u0131 olmayacak&#8221; gibi sloganlar at\u0131ld\u0131 ve Edon Gen\u00e7lik \u00d6rg\u00fct\u00fc \u00fcstler \u00f6n\u00fcnde k\u0131sa bir konu\u015fma yapt\u0131. Y\u00fcr\u00fcy\u00fc\u015f\u00fcn ard\u0131ndan piknik alan\u0131na gidilerek burada da s\u0131ras\u0131yla Edon Gen\u00e7lik \u00d6rg\u00fct\u00fc Ba\u015fkan\u0131, AKEL Genel Sekreteri, TDP Gen\u00e7lik \u00d6rg\u00fct\u00fc ve Baraka K\u00fclt\u00fcr Merkezi konu\u015fma ger\u00e7ekle\u015ftirdi. Konu\u015fmalar\u0131n ard\u0131ndan Baraka ve TDP Gen\u00e7lik \u00d6rg\u00fct\u00fc&#8217;ne, EDON&#8217;un 70. y\u0131l\u0131 nedeniyle plaket verildi.<br \/>\nBaraka K\u00fclt\u00fcr Merkezi ad\u0131na konu\u015fma yapan Baraka Aktivisti Firuzan Nalbanto\u011flu&#8217;nun konu\u015fmas\u0131n\u0131n tam metni \u015f\u00f6yle;<\/p>\n<p dir=\"ltr\" id=\"yui_3_16_0_1_1421992279920_452618\">&#8220;Etkinli\u011finizi, hem \u00e7ok yak\u0131n hem \u00e7ok uzak bir yerden; adam\u0131z\u0131n kuzeyinden karde\u015f\u00e7e selaml\u0131yoruz. Ve, bu topraklar\u0131n yeti\u015ftirdi\u011fi de\u011ferli \u015fairlerden Fikret Demira\u011f&#8217;\u0131n bir \u015fiiriyle seslenmek istiyoruz sizlere:<br \/>\nBar\u0131\u015f bir \u015fark\u0131l\u0131 gen\u00e7liktir<br \/>\nbaz\u0131 d\u00f6nemlerde tam aln\u0131ndan vurulur<br \/>\ng\u00fcl y\u00fcrekler g\u00f6\u011f\u00fcs-kafeste \u00e7\u00fcr\u00fct\u00fcl\u00fcr<\/p>\n<p>Gider gelir bir umut a\u011flar gecede&#8230;<\/p>\n<p>Umutlar kavgalarda omuz omuzad\u0131r<br \/>\ndurmadan gerilir bir \u00e7elik \u015fark\u0131 teli<br \/>\ndurmadan \u015fafa\u011f\u0131n vaktine saat kurulur<\/p>\n<p>Gider gelir bir \u015fark\u0131 a\u011flar gecede&#8230;<\/p>\n<p>Sevgi baz\u0131 d\u00fczenlerde<br \/>\nbir yaral\u0131 kekliktir<br \/>\nu\u00e7ar iken kanad\u0131ndan vurulur<\/p>\n<p>Gider gelir bir y\u00fcrek a\u011flar gecede&#8230;<\/p>\n<p>Durmadan \u015fafa\u011f\u0131n vaktinde saat kurulur<br \/>\nhi\u00e7 ku\u015fkun olmas\u0131n k\u0131nal\u0131 keklik<br \/>\nhi\u00e7 ku\u015fkun olmas\u0131n yaral\u0131 gen\u00e7lik<\/p>\n<p>Her \u015feyin hesab\u0131 bir g\u00fcn sorulur&#8230;<\/p>\n<p>Bizler K\u0131br\u0131s\u2019\u0131n ba\u011f\u0131ms\u0131z olmas\u0131, K\u0131br\u0131sl\u0131 T\u00fcrklerin ve K\u0131brsl\u0131 Elenlerin ise ba\u011f\u0131ms\u0131z bir \u00fclkede, kendi kaderlerine h\u00fckmeden halklar olarak birlikte ya\u015famas\u0131 gerekti\u011fini savunuyoruz. Elbette K\u0131br\u0131s\u2019\u0131n ba\u011f\u0131ms\u0131zl\u0131\u011f\u0131n\u0131n da iki halk\u0131n karde\u015fli\u011finden ge\u00e7ti\u011fine inan\u0131yoruz.\u00a0\u0130ki halk\u0131n karde\u015fli\u011fi anti-emperyalist m\u00fccadeleden ge\u00e7mektedir ve adam\u0131z \u00fczerinde ABD, \u0130ngiltere, AB, T\u00fcrkiye ve Yunanistan\u2019\u0131n de\u011fil, K\u0131br\u0131s halklar\u0131n\u0131n s\u00f6z sahibi olmas\u0131 m\u00fccadelesidir.<br \/>\nAdan\u0131n b\u00f6l\u00fcnm\u00fc\u015fl\u00fc\u011f\u00fc g\u00fcn ge\u00e7tik\u00e7e daha da kal\u0131c\u0131 hale gelirken, yakla\u015f\u0131k elli y\u0131ld\u0131r s\u00fcrmekte olan \u201cmasa ba\u015f\u0131 g\u00f6r\u00fc\u015fmeler\u201d monoton ve s\u0131k\u0131c\u0131 bir rit\u00fcele d\u00f6n\u00fc\u015ft\u00fc. \u00d6te yandan her iki halk aras\u0131nda da milliyet\u00e7i sesler, ge\u00e7mi\u015fe ili\u015fkin birbirini su\u00e7layan kesimler hi\u00e7 de az de\u011fil. Bu durumda K\u0131br\u0131s yaln\u0131zca s\u0131n\u0131rlar\u0131n kalkmas\u0131yla de\u011fil, adada ya\u015fayan halklar\u0131n yeniden karde\u015fle\u015fmesi anlam\u0131nda da tekrar birle\u015fmeli, birle\u015ftirilmeli. Bunun da iki liderin g\u00f6r\u00fc\u015fmesi veya imzas\u0131 ile ger\u00e7ekle\u015fmesi m\u00fcmk\u00fcn de\u011fil. Ger\u00e7ek bir bar\u0131\u015f ancak halklar taraf\u0131ndan in\u015fa edilebilir. Ama nas\u0131l?<br \/>\nBizler; halklar, ezilenler, y\u0131llard\u0131r birle\u015fmeye \u00e7al\u0131\u015f\u0131rken, egemenler, neo liberalizm ad\u0131 al\u0131nda \u00e7oktan birle\u015fmi\u015f durumda. Bize T\u00fcrkiye&#8217;den size ise Troyka taraf\u0131ndan dayat\u0131lan neo liberal politikalar, ya\u015fam alanlar\u0131m\u0131z\u0131 her ge\u00e7en g\u00fcn daha da daraltmakta. Bizleri sosyal ve ekonomik haklardan yoksunla\u015ft\u0131r\u0131p yoksulla\u015ft\u0131rmakta. Hava yollar\u0131nda, haberle\u015fmede, enerjide, sa\u011fl\u0131k ve e\u011fitimde \u00f6zelle\u015ftirme, kurals\u0131zla\u015ft\u0131rma, ta\u015feronla\u015ft\u0131rma ve sendikas\u0131zla\u015ft\u0131rma sald\u0131r\u0131s\u0131 hepimizin ortak sorunu. Hal b\u00f6yleyken, ihtiyac\u0131m\u0131z olan bar\u0131\u015f ve g\u00fcven ortam\u0131n\u0131 ancak T\u00fcrkiye ile hesapla\u015fan K\u0131br\u0131sl\u0131 T\u00fcrkler ve Yunanistan ile hesapla\u015fan K\u0131br\u0131sl\u0131 Elenler yaratabilir. Ve bu m\u00fccadele yaln\u0131zca anti-emperyalist bir m\u00fccadele de\u011fil; Troyka\u2019n\u0131n ve T\u00fcrkiye&#8217;den \u00a0gelen dayatmalar\u0131n neo liberal i\u00e7eri\u011fi d\u00fc\u015f\u00fcn\u00fcld\u00fc\u011f\u00fcnde anti-kapitalist bir m\u00fccadeledir de.<br \/>\nBug\u00fcn sizinle burada olmak, yar\u0131n s\u0131n\u0131r\u0131n farkl\u0131 taraflar\u0131nda da olsa ayn\u0131 \u015feylere kar\u015f\u0131 m\u00fccadele etmek a\u00e7\u0131s\u0131ndan bizim i\u00e7in \u00f6nemli ve de\u011ferli. S\u0131n\u0131rs\u0131z ve s\u0131n\u0131fs\u0131z, halklar\u0131 karde\u015f ve ba\u011f\u0131ms\u0131z bir K\u0131br\u0131s i\u00e7in&#8230; &#8220;<\/p>\n","protected":false},"excerpt":{"rendered":"<p>Baraka, Edon&#8217;un her y\u0131l geleneksel olarak d\u00fczenledi\u011fi, &#8220;Edon Trodos Gezisi&#8221;ne kat\u0131ld\u0131. 1950&#8217;lerden beri her y\u0131l ger\u00e7ekle\u015fen etkinlikte \u00f6nce Trodos&#8217;ta bulanan \u0130ngiliz \u00fcstlerine y\u00fcr\u00fcy\u00fc\u015f ger\u00e7ekle\u015ftirildi. Y\u00fcr\u00fcy\u00fc\u015fte,<\/p>\n","protected":false},"author":1,"featured_media":2613,"comment_status":"open","ping_status":"open","sticky":false,"template":"","format":"standard","meta":{"jetpack_post_was_ever_published":false,"_jetpack_newsletter_access":"","_jetpack_newsletter_tier_id":0,"jetpack_publicize_message":"","jetpack_is_tweetstorm":false,"jetpack_publicize_feature_enabled":true,"jetpack_social_post_already_shared":true,"jetpack_social_options":{"image_generator_settings":{"template":"highway","enabled":false}}},"categories":[58,9,1],"tags":[],"jetpack_publicize_connections":[],"jetpack_featured_media_url":"https:\/\/baraka.cc\/wp-content\/uploads\/2015\/01\/edon.jpg","jetpack_shortlink":"https:\/\/wp.me\/p4eHWX-Gd","jetpack_sharing_enabled":true,"_links":{"self":[{"href":"https:\/\/baraka.cc\/index.php?rest_route=\/wp\/v2\/posts\/2617"}],"collection":[{"href":"https:\/\/baraka.cc\/index.php?rest_route=\/wp\/v2\/posts"}],"about":[{"href":"https:\/\/baraka.cc\/index.php?rest_route=\/wp\/v2\/types\/post"}],"author":[{"embeddable":true,"href":"https:\/\/baraka.cc\/index.php?rest_route=\/wp\/v2\/users\/1"}],"replies":[{"embeddable":true,"href":"https:\/\/baraka.cc\/index.php?rest_route=%2Fwp%2Fv2%2Fcomments&post=2617"}],"version-history":[{"count":2,"href":"https:\/\/baraka.cc\/index.php?rest_route=\/wp\/v2\/posts\/2617\/revisions"}],"predecessor-version":[{"id":2619,"href":"https:\/\/baraka.cc\/index.php?rest_route=\/wp\/v2\/posts\/2617\/revisions\/2619"}],"wp:featuredmedia":[{"embeddable":true,"href":"https:\/\/baraka.cc\/index.php?rest_route=\/wp\/v2\/media\/2613"}],"wp:attachment":[{"href":"https:\/\/baraka.cc\/index.php?rest_route=%2Fwp%2Fv2%2Fmedia&parent=2617"}],"wp:term":[{"taxonomy":"category","embeddable":true,"href":"https:\/\/baraka.cc\/index.php?rest_route=%2Fwp%2Fv2%2Fcategories&post=2617"},{"taxonomy":"post_tag","embeddable":true,"href":"https:\/\/baraka.cc\/index.php?rest_route=%2Fwp%2Fv2%2Ftags&post=2617"}],"curies":[{"name":"wp","href":"https:\/\/api.w.org\/{rel}","templated":true}]}}