{"id":2909,"date":"2015-04-30T17:43:32","date_gmt":"2015-04-30T15:43:32","guid":{"rendered":"https:\/\/baraka.cc\/?p=2909"},"modified":"2015-04-30T18:14:48","modified_gmt":"2015-04-30T16:14:48","slug":"baraka-kultur-merkezinin-1-mayis-mesaji-hade-herkes-1-mayisa","status":"publish","type":"post","link":"https:\/\/baraka.cc\/?p=2909","title":{"rendered":"Baraka K\u00fclt\u00fcr Merkezi&#8217;nin 1 May\u0131s Mesaj\u0131: Hade Herkes 1 May\u0131s&#8217;a..!"},"content":{"rendered":"<p>&nbsp;<\/p>\n<p><span style=\"line-height: 1.5em;\"><a href=\"https:\/\/baraka.cc\/wp-content\/uploads\/2015\/04\/231381.bmp\"><img decoding=\"async\" loading=\"lazy\" class=\"aligncenter size-medium wp-image-2912\" alt=\"23138\" src=\"https:\/\/baraka.cc\/wp-content\/uploads\/2015\/04\/231381.bmp\" width=\"1\" height=\"1\" \/><\/a><\/span><a style=\"line-height: 1.5em;\" href=\"https:\/\/baraka.cc\/wp-content\/uploads\/2015\/04\/baraka1.jpg\"><img decoding=\"async\" loading=\"lazy\" class=\"alignnone size-medium wp-image-2917\" alt=\"baraka1\" src=\"https:\/\/baraka.cc\/wp-content\/uploads\/2015\/04\/baraka1-300x135.jpg\" width=\"300\" height=\"135\" srcset=\"https:\/\/baraka.cc\/wp-content\/uploads\/2015\/04\/baraka1-300x135.jpg 300w, https:\/\/baraka.cc\/wp-content\/uploads\/2015\/04\/baraka1.jpg 960w\" sizes=\"(max-width: 300px) 100vw, 300px\" \/><\/a><span style=\"line-height: 1.5em;\">\u00a0\u00a0<\/span><\/p>\n<p><span style=\"line-height: 1.5em;\">HADE, HERKES 1 MAYIS\u2019A<\/span><\/p>\n<p>T\u00fcm d\u00fcnyada i\u015f\u00e7i, emek\u00e7i ve ezilenlerin bir araya gelerek patronlara ve egemenlere kar\u015f\u0131 sesini y\u00fckseltti\u011fi ortak g\u00fcnd\u00fcr 1 May\u0131s. \u00a0\u0130\u015f\u00e7i ve emek\u00e7ilerin b\u00fcy\u00fck m\u00fccadelelerle elde etti\u011fi bu \u00f6nemli g\u00fcnde, Baraka, her y\u0131l oldu\u011fu gibi bu y\u0131l da alanda yerini alacak ve emek\u00e7ilerin yan\u0131nda oldu\u011funu t\u00fcm g\u00fcc\u00fcyle hayk\u0131racak. \u00a040 y\u0131l\u0131 a\u015fk\u0131n s\u00fcredir b\u00f6l\u00fcnmeye mahkum b\u0131rak\u0131lan bu k\u00fc\u00e7\u00fcc\u00fck adada, ancak 56 y\u0131l aradan sonra ortakla\u015fabilen 1 May\u0131s\u0131, bu y\u0131l da ge\u00e7ti\u011fimiz y\u0131l oldu\u011fu gibi K\u0131br\u0131sl\u0131 Elen halk\u0131yla birlikte kutluyoruz. Ancak, u\u011fruna bedeller \u00f6denen bu ortakla\u015fma her ne kadar ho\u015fumuza gitse de, adada ya\u015fayan yerli, yabanc\u0131, g\u00f6\u00e7men t\u00fcm emek\u00e7ilerin kat\u0131labilece\u011fi, s\u0131n\u0131rlar\u0131n a\u015f\u0131ld\u0131\u011f\u0131 1 May\u0131slar i\u00e7in m\u00fccadelemize devam etmeliyiz. \u00a0Bir yandan halklar\u0131n karde\u015fli\u011fi m\u00fccadelesi verirken, \u00f6te yandan Ankara\u2019n\u0131n dayatt\u0131\u011f\u0131 neo-liberal politikalarla bo\u011fu\u015fan K\u0131br\u0131sl\u0131 T\u00fcrkler, her ge\u00e7en g\u00fcn kurumlar\u0131n\u0131n \u00f6zelle\u015ftirilmesi ve pe\u015fke\u015f \u00e7ekilmesiyle kar\u015f\u0131 kar\u015f\u0131ya\u2026 G\u00fcn\u00fcm\u00fcz ko\u015fullar\u0131nda okullar\u0131n bilim yuvalar\u0131 haline gelmesi gerekirken, dersler hala \u015foven, \u0131rk\u00e7\u0131 ve ataerkil m\u00fcfredatlar i\u00e7erisine s\u0131\u011fd\u0131r\u0131lm\u0131\u015f durumda. Bunun yan\u0131nda istenen har\u00e7larla \u00f6\u011frenciler ve veliler paras\u0131z bilimsel demokratik e\u011fitim hakk\u0131ndan mahrum b\u0131rak\u0131l\u0131yor\u2026 Sa\u011fl\u0131k hakk\u0131 vizite \u00fccretine tabi tutuluyor. Kad\u0131n eme\u011fi, ya ucuz i\u015fg\u00fcc\u00fc say\u0131l\u0131yor ya da de\u011feresiz bulunuyor, kad\u0131nlar ya\u015fam\u0131n hemen her alan\u0131nda yok say\u0131l\u0131yor\u2026 G\u00f6\u00e7 Yasas\u0131 ile 2011 sonras\u0131 kamuda \u00e7al\u0131\u015fmaya ba\u015flayan emek\u00e7ilerin e\u015fit i\u015fe e\u015fit \u00fccret hakk\u0131 g\u00f6rmezden geliniyor, kamu reformu ad\u0131 alt\u0131nda t\u00fcm \u00e7al\u0131\u015fanlar\u0131n haklar\u0131 birer birer budan\u0131yor\u2026 \u00d6zel sekt\u00f6rde g\u00fcvencesiz \u00e7al\u0131\u015fma ko\u015fullar\u0131 had safhaya ula\u015f\u0131rken, patronlar\u0131n almad\u0131\u011f\u0131 \u00f6nlemler sebebiyle i\u015f kazalar\u0131n\u0131n sonu gelmiyor. G\u00f6\u00e7men emek\u00e7ilerin ekonomik ve sosyal ya\u015fam ko\u015fullar\u0131 giderek zorla\u015f\u0131yor\u2026 K\u00fclt\u00fcrel de\u011ferlerimiz bilin\u00e7li olarak asimile edilirken, denizlerimizde yap\u0131lan sondaj \u00e7al\u0131\u015fmalar\u0131 ve K\u0131br\u0131s\u2019\u0131 T\u00fcrkiye\u2019ye g\u00f6bekten ba\u011flama projesi olarak an\u0131lan, TC\u2019den su getirme projesi ile do\u011fam\u0131z tahrip ediliyor, ba\u011f\u0131ml\u0131l\u0131\u011f\u0131m\u0131z bir o kadar daha art\u0131yor\u2026 \u00a0Ya\u015fanan t\u00fcm bu olumsuzluklara ra\u011fmen, halk\u0131m\u0131z\u0131n umudunun ve g\u00fczel g\u00fcnlere inanc\u0131n\u0131n t\u00fckenmedi\u011fini de g\u00f6rmekteyiz. Ezilen halklar\u0131n \u00f6fkesiyle \u00f6rg\u00fctl\u00fc m\u00fccadeleye inanan bizler;<\/p>\n<p>Eme\u011fin ve emek\u00e7inin s\u00f6m\u00fcr\u00fclmedi\u011fi g\u00fcnler i\u00e7in \u00a0Dayatma paketlerle y\u00f6netilen de\u011fil, kendi ayaklar\u0131 \u00fczerinde duran K\u0131br\u0131s i\u00e7in\u2026 E\u011fitim hakk\u0131, sa\u011fl\u0131k Hakk\u0131, \u00e7evre hakk\u0131 i\u00e7in\u2026 Feminist bir d\u00fcnya i\u00e7in&#8230; \u00d6zel sekt\u00f6rde sendika ve insanca \u00e7al\u0131\u015fma ko\u015fullar\u0131 i\u00e7in\u2026 Ba\u011f\u0131ms\u0131z, halklar\u0131 karde\u015f, s\u0131n\u0131rs\u0131z bir K\u0131br\u0131s, s\u0131n\u0131rs\u0131z bir D\u00fcnya i\u00e7in soka\u011fa \u00e7\u0131kmal\u0131y\u0131z.<\/p>\n<p>S\u00f6yleyecek s\u00f6z\u00fcm\u00fcz, verilecek \u00e7ok m\u00fccadelemiz var daha\u2026 \u0130\u015fte tam da bu nedenle Baraka olarak t\u00fcm dostlar\u0131m\u0131z\u0131 saat 16:00\u2019da Lefko\u015fa Otob\u00fcs terminaline bekliyoruz. Oradan Ku\u011fulu Parka y\u00fcr\u00fcnecek ve ara b\u00f6lgedeki Taksim sahas\u0131na gidilerek, g\u00fcneyden gelen eylemcilerle ortak 1 May\u0131s kutlanacak\u2026<\/p>\n<p>\u2018\u2019Ba\u011f\u0131ms\u0131z K\u0131br\u0131s B\u00fct\u00fcn Halklar Karde\u015ftir\u2019\u2019 \u015fiar\u0131n\u0131 hep birlikle y\u00fckseltmek i\u00e7in 1 May\u0131s g\u00fcn\u00fc t\u00fcm dostlar\u0131m\u0131z\u0131 kortejimize bekliyoruz.<\/p>\n<p>&nbsp;<\/p>\n<p>Mustafa Batak<\/p>\n<p>Baraka K\u00fclt\u00fcr Merkezi Aktivisti<\/p>\n","protected":false},"excerpt":{"rendered":"<p>&nbsp; \u00a0\u00a0 HADE, HERKES 1 MAYIS\u2019A T\u00fcm d\u00fcnyada i\u015f\u00e7i, emek\u00e7i ve ezilenlerin bir araya gelerek patronlara ve egemenlere kar\u015f\u0131 sesini y\u00fckseltti\u011fi ortak g\u00fcnd\u00fcr 1 May\u0131s.<\/p>\n","protected":false},"author":1,"featured_media":2920,"comment_status":"open","ping_status":"open","sticky":false,"template":"","format":"standard","meta":{"jetpack_post_was_ever_published":false,"_jetpack_newsletter_access":"","_jetpack_newsletter_tier_id":0,"jetpack_publicize_message":"","jetpack_is_tweetstorm":false,"jetpack_publicize_feature_enabled":true,"jetpack_social_post_already_shared":true,"jetpack_social_options":{"image_generator_settings":{"template":"highway","enabled":false}}},"categories":[51,41,47,9,1],"tags":[],"jetpack_publicize_connections":[],"jetpack_featured_media_url":"https:\/\/baraka.cc\/wp-content\/uploads\/2015\/04\/1_may\u0131s_2013.jpg","jetpack_shortlink":"https:\/\/wp.me\/p4eHWX-KV","jetpack_sharing_enabled":true,"_links":{"self":[{"href":"https:\/\/baraka.cc\/index.php?rest_route=\/wp\/v2\/posts\/2909"}],"collection":[{"href":"https:\/\/baraka.cc\/index.php?rest_route=\/wp\/v2\/posts"}],"about":[{"href":"https:\/\/baraka.cc\/index.php?rest_route=\/wp\/v2\/types\/post"}],"author":[{"embeddable":true,"href":"https:\/\/baraka.cc\/index.php?rest_route=\/wp\/v2\/users\/1"}],"replies":[{"embeddable":true,"href":"https:\/\/baraka.cc\/index.php?rest_route=%2Fwp%2Fv2%2Fcomments&post=2909"}],"version-history":[{"count":6,"href":"https:\/\/baraka.cc\/index.php?rest_route=\/wp\/v2\/posts\/2909\/revisions"}],"predecessor-version":[{"id":2919,"href":"https:\/\/baraka.cc\/index.php?rest_route=\/wp\/v2\/posts\/2909\/revisions\/2919"}],"wp:featuredmedia":[{"embeddable":true,"href":"https:\/\/baraka.cc\/index.php?rest_route=\/wp\/v2\/media\/2920"}],"wp:attachment":[{"href":"https:\/\/baraka.cc\/index.php?rest_route=%2Fwp%2Fv2%2Fmedia&parent=2909"}],"wp:term":[{"taxonomy":"category","embeddable":true,"href":"https:\/\/baraka.cc\/index.php?rest_route=%2Fwp%2Fv2%2Fcategories&post=2909"},{"taxonomy":"post_tag","embeddable":true,"href":"https:\/\/baraka.cc\/index.php?rest_route=%2Fwp%2Fv2%2Ftags&post=2909"}],"curies":[{"name":"wp","href":"https:\/\/api.w.org\/{rel}","templated":true}]}}