{"id":2936,"date":"2015-05-01T22:19:49","date_gmt":"2015-05-01T20:19:49","guid":{"rendered":"https:\/\/baraka.cc\/?p=2936"},"modified":"2015-05-01T22:19:49","modified_gmt":"2015-05-01T20:19:49","slug":"baraka-1-mayista-alanlardaydi-2","status":"publish","type":"post","link":"https:\/\/baraka.cc\/?p=2936","title":{"rendered":"BARAKA 1 MAYIS&#8217;TA ALANLARDAYDI"},"content":{"rendered":"<p><a href=\"https:\/\/baraka.cc\/wp-content\/uploads\/2015\/05\/DSC0014.jpg\"><img decoding=\"async\" loading=\"lazy\" class=\"alignnone size-medium wp-image-2923\" alt=\"_DSC0014\" src=\"https:\/\/baraka.cc\/wp-content\/uploads\/2015\/05\/DSC0014-300x199.jpg\" width=\"300\" height=\"199\" srcset=\"https:\/\/baraka.cc\/wp-content\/uploads\/2015\/05\/DSC0014-300x199.jpg 300w, https:\/\/baraka.cc\/wp-content\/uploads\/2015\/05\/DSC0014-1024x680.jpg 1024w\" sizes=\"(max-width: 300px) 100vw, 300px\" \/><\/a>1 May\u0131s, \u00a0Lefko\u015fa ara b\u00f6lgede bulunan Taksim Sahas\u0131\u2019nda K\u0131br\u0131sl\u0131 T\u00fcrk ve K\u0131br\u0131sl\u0131 Elen \u00f6rg\u00fctlerin ortak d\u00fczenledi\u011fi etkinlikle kutland\u0131.\u00a0Baraka \u00a0bu y\u0131l da 1 May\u0131s\u2019ta alanlardayd\u0131. Saat 16:00\u2019da Terminal\u2019de toplanan Barakac\u0131lar \u00f6nce Ku\u011fulu Park\u2019a sonra da ara b\u00f6lgede bulunan Taksim Sahas\u0131\u2019ndaki ortak 1 May\u0131s\u2019a kat\u0131ld\u0131lar. Y\u00fcr\u00fcy\u00fc\u015f \u00a0boyunca \u201cAnkara Elini Yakam\u0131zdan \u00c7ek\u201d, \u201cK\u0131br\u0131s Vatand\u0131r Yavru Baband\u0131r\u201d, \u201cYa\u015fas\u0131n halklar\u0131n Karde\u015fli\u011fi\u201d sloganlar\u0131 at\u0131ld\u0131. Baraka bandosu ve \u201cBiz Geliyoruz\u201d yaz\u0131l\u0131 d\u00f6vizler tutan \u00e7ocuklar kortejin \u00f6n saflar\u0131nda yer ald\u0131lar.<\/p>\n<p><a href=\"https:\/\/baraka.cc\/wp-content\/uploads\/2015\/05\/DSC0041.jpg\"><img decoding=\"async\" loading=\"lazy\" class=\"alignnone size-medium wp-image-2931\" alt=\"_DSC0041\" src=\"https:\/\/baraka.cc\/wp-content\/uploads\/2015\/05\/DSC0041-300x199.jpg\" width=\"300\" height=\"199\" srcset=\"https:\/\/baraka.cc\/wp-content\/uploads\/2015\/05\/DSC0041-300x199.jpg 300w, https:\/\/baraka.cc\/wp-content\/uploads\/2015\/05\/DSC0041-1024x680.jpg 1024w\" sizes=\"(max-width: 300px) 100vw, 300px\" \/><\/a>\u00a0 \u00a0 \u00a0 \u00a0<a href=\"https:\/\/baraka.cc\/wp-content\/uploads\/2015\/05\/DSC0100.jpg\"><img decoding=\"async\" loading=\"lazy\" class=\"alignnone size-medium wp-image-2929\" alt=\"_DSC0100\" src=\"https:\/\/baraka.cc\/wp-content\/uploads\/2015\/05\/DSC0100-300x199.jpg\" width=\"300\" height=\"199\" srcset=\"https:\/\/baraka.cc\/wp-content\/uploads\/2015\/05\/DSC0100-300x199.jpg 300w, https:\/\/baraka.cc\/wp-content\/uploads\/2015\/05\/DSC0100-1024x680.jpg 1024w\" sizes=\"(max-width: 300px) 100vw, 300px\" \/><\/a><\/p>\n<p><a href=\"https:\/\/baraka.cc\/wp-content\/uploads\/2015\/05\/DSC0073.jpg\"><img decoding=\"async\" loading=\"lazy\" class=\"alignnone size-medium wp-image-2928\" alt=\"_DSC0073\" src=\"https:\/\/baraka.cc\/wp-content\/uploads\/2015\/05\/DSC0073-300x199.jpg\" width=\"300\" height=\"199\" srcset=\"https:\/\/baraka.cc\/wp-content\/uploads\/2015\/05\/DSC0073-300x199.jpg 300w, https:\/\/baraka.cc\/wp-content\/uploads\/2015\/05\/DSC0073-1024x680.jpg 1024w\" sizes=\"(max-width: 300px) 100vw, 300px\" \/><\/a>\u00a0 \u00a0 \u00a0\u00a0<a href=\"https:\/\/baraka.cc\/wp-content\/uploads\/2015\/05\/DSC0080.jpg\"><img decoding=\"async\" loading=\"lazy\" class=\"alignnone size-medium wp-image-2927\" alt=\"_DSC0080\" src=\"https:\/\/baraka.cc\/wp-content\/uploads\/2015\/05\/DSC0080-300x199.jpg\" width=\"300\" height=\"199\" srcset=\"https:\/\/baraka.cc\/wp-content\/uploads\/2015\/05\/DSC0080-300x199.jpg 300w, https:\/\/baraka.cc\/wp-content\/uploads\/2015\/05\/DSC0080-1024x680.jpg 1024w\" sizes=\"(max-width: 300px) 100vw, 300px\" \/><\/a><\/p>\n<p><a href=\"https:\/\/baraka.cc\/wp-content\/uploads\/2015\/05\/DSC0042.jpg\"><img decoding=\"async\" loading=\"lazy\" class=\"alignnone size-medium wp-image-2924\" alt=\"_DSC0042\" src=\"https:\/\/baraka.cc\/wp-content\/uploads\/2015\/05\/DSC0042-300x199.jpg\" width=\"300\" height=\"199\" srcset=\"https:\/\/baraka.cc\/wp-content\/uploads\/2015\/05\/DSC0042-300x199.jpg 300w, https:\/\/baraka.cc\/wp-content\/uploads\/2015\/05\/DSC0042-1024x680.jpg 1024w\" sizes=\"(max-width: 300px) 100vw, 300px\" \/><\/a>\u00a0 \u00a0 \u00a0\u00a0<a href=\"https:\/\/baraka.cc\/wp-content\/uploads\/2015\/05\/DSC0058.jpg\"><img decoding=\"async\" loading=\"lazy\" class=\"alignnone size-medium wp-image-2925\" alt=\"_DSC0058\" src=\"https:\/\/baraka.cc\/wp-content\/uploads\/2015\/05\/DSC0058-300x199.jpg\" width=\"300\" height=\"199\" srcset=\"https:\/\/baraka.cc\/wp-content\/uploads\/2015\/05\/DSC0058-300x199.jpg 300w, https:\/\/baraka.cc\/wp-content\/uploads\/2015\/05\/DSC0058-1024x680.jpg 1024w\" sizes=\"(max-width: 300px) 100vw, 300px\" \/><\/a><\/p>\n<p>&nbsp;<\/p>\n","protected":false},"excerpt":{"rendered":"<p>1 May\u0131s, \u00a0Lefko\u015fa ara b\u00f6lgede bulunan Taksim Sahas\u0131\u2019nda K\u0131br\u0131sl\u0131 T\u00fcrk ve K\u0131br\u0131sl\u0131 Elen \u00f6rg\u00fctlerin ortak d\u00fczenledi\u011fi etkinlikle kutland\u0131.\u00a0Baraka \u00a0bu y\u0131l da 1 May\u0131s\u2019ta alanlardayd\u0131. Saat<\/p>\n","protected":false},"author":7,"featured_media":2923,"comment_status":"open","ping_status":"open","sticky":false,"template":"","format":"standard","meta":{"jetpack_post_was_ever_published":false,"_jetpack_newsletter_access":"","_jetpack_newsletter_tier_id":0,"jetpack_publicize_message":"","jetpack_is_tweetstorm":false,"jetpack_publicize_feature_enabled":true,"jetpack_social_post_already_shared":true,"jetpack_social_options":{"image_generator_settings":{"template":"highway","enabled":false}}},"categories":[51,45,47,9,1],"tags":[],"jetpack_publicize_connections":[],"jetpack_featured_media_url":"https:\/\/baraka.cc\/wp-content\/uploads\/2015\/05\/DSC0014.jpg","jetpack_shortlink":"https:\/\/wp.me\/p4eHWX-Lm","jetpack_sharing_enabled":true,"_links":{"self":[{"href":"https:\/\/baraka.cc\/index.php?rest_route=\/wp\/v2\/posts\/2936"}],"collection":[{"href":"https:\/\/baraka.cc\/index.php?rest_route=\/wp\/v2\/posts"}],"about":[{"href":"https:\/\/baraka.cc\/index.php?rest_route=\/wp\/v2\/types\/post"}],"author":[{"embeddable":true,"href":"https:\/\/baraka.cc\/index.php?rest_route=\/wp\/v2\/users\/7"}],"replies":[{"embeddable":true,"href":"https:\/\/baraka.cc\/index.php?rest_route=%2Fwp%2Fv2%2Fcomments&post=2936"}],"version-history":[{"count":1,"href":"https:\/\/baraka.cc\/index.php?rest_route=\/wp\/v2\/posts\/2936\/revisions"}],"predecessor-version":[{"id":2937,"href":"https:\/\/baraka.cc\/index.php?rest_route=\/wp\/v2\/posts\/2936\/revisions\/2937"}],"wp:featuredmedia":[{"embeddable":true,"href":"https:\/\/baraka.cc\/index.php?rest_route=\/wp\/v2\/media\/2923"}],"wp:attachment":[{"href":"https:\/\/baraka.cc\/index.php?rest_route=%2Fwp%2Fv2%2Fmedia&parent=2936"}],"wp:term":[{"taxonomy":"category","embeddable":true,"href":"https:\/\/baraka.cc\/index.php?rest_route=%2Fwp%2Fv2%2Fcategories&post=2936"},{"taxonomy":"post_tag","embeddable":true,"href":"https:\/\/baraka.cc\/index.php?rest_route=%2Fwp%2Fv2%2Ftags&post=2936"}],"curies":[{"name":"wp","href":"https:\/\/api.w.org\/{rel}","templated":true}]}}