{"id":2939,"date":"2015-05-04T18:10:33","date_gmt":"2015-05-04T16:10:33","guid":{"rendered":"https:\/\/baraka.cc\/?p=2939"},"modified":"2015-05-05T10:42:02","modified_gmt":"2015-05-05T08:42:02","slug":"gulfer-akkaya-ile-soylesi","status":"publish","type":"post","link":"https:\/\/baraka.cc\/?p=2939","title":{"rendered":"G\u00dcLFER AKKAYA \u0130LE \u015e\u00d6YLE\u015e\u0130"},"content":{"rendered":"<p style=\"text-align: center;\"><a href=\"https:\/\/baraka.cc\/wp-content\/uploads\/2015\/05\/G\u00dcLFER-AKKAYA-AF\u0130\u015e.jpg\"><img decoding=\"async\" loading=\"lazy\" class=\"size-medium wp-image-2944 aligncenter\" style=\"margin-top: 1px; margin-bottom: 1px; border: 1px solid black;\" alt=\"G\u00dcLFER AKKAYA AF\u0130\u015e\" src=\"https:\/\/baraka.cc\/wp-content\/uploads\/2015\/05\/G\u00dcLFER-AKKAYA-AF\u0130\u015e-300x164.jpg\" width=\"300\" height=\"164\" srcset=\"https:\/\/baraka.cc\/wp-content\/uploads\/2015\/05\/G\u00dcLFER-AKKAYA-AF\u0130\u015e-300x164.jpg 300w, https:\/\/baraka.cc\/wp-content\/uploads\/2015\/05\/G\u00dcLFER-AKKAYA-AF\u0130\u015e-1024x563.jpg 1024w, https:\/\/baraka.cc\/wp-content\/uploads\/2015\/05\/G\u00dcLFER-AKKAYA-AF\u0130\u015e.jpg 2048w\" sizes=\"(max-width: 300px) 100vw, 300px\" \/><\/a><\/p>\n<p>Baraka K\u00fclt\u00fcr Merkezi ile K\u0131br\u0131s Pir Sultan Abdal K\u00fclt\u00fcr Derne\u011fi&#8217;nin birlikte d\u00fczenledi\u011fi G\u00fclfer Akkaya ile S\u00f6yle\u015fi etkinli\u011fi 10 May\u0131s Pazar saat 16.00\u2019da G\u00f6nyeli Belediyesi\u2019nde ger\u00e7ekle\u015ftirilecek.<\/p>\n<p>Yazar G\u00fclfer Akkaya\u2019n\u0131n konuk olaca\u011f\u0131 etkinlikte yeni \u00e7\u0131kan \u201cS\u0131r \u0130\u00e7inde S\u0131r Olanlar Alevi Kad\u0131nlar\u201d kitab\u0131 ve Alevi kad\u0131nlar \u00fczerine s\u00f6yle\u015fi yap\u0131lacak ve kat\u0131l\u0131mc\u0131lar kitap alarak yazara imzalatma imkan\u0131 da bulacaklar.<br \/>\nEtkinli\u011fe t\u00fcm halk\u0131m\u0131z davetlidir.<\/p>\n","protected":false},"excerpt":{"rendered":"<p>Baraka K\u00fclt\u00fcr Merkezi ile K\u0131br\u0131s Pir Sultan Abdal K\u00fclt\u00fcr Derne\u011fi&#8217;nin birlikte d\u00fczenledi\u011fi G\u00fclfer Akkaya ile S\u00f6yle\u015fi etkinli\u011fi 10 May\u0131s Pazar saat 16.00\u2019da G\u00f6nyeli Belediyesi\u2019nde ger\u00e7ekle\u015ftirilecek.<\/p>\n","protected":false},"author":3,"featured_media":2944,"comment_status":"open","ping_status":"open","sticky":false,"template":"","format":"standard","meta":{"jetpack_post_was_ever_published":false,"_jetpack_newsletter_access":"","_jetpack_newsletter_tier_id":0,"jetpack_publicize_message":"","jetpack_is_tweetstorm":false,"jetpack_publicize_feature_enabled":true,"jetpack_social_post_already_shared":true,"jetpack_social_options":{"image_generator_settings":{"template":"highway","enabled":false}}},"categories":[63,46,45,9,56,1],"tags":[],"jetpack_publicize_connections":[],"jetpack_featured_media_url":"https:\/\/baraka.cc\/wp-content\/uploads\/2015\/05\/G\u00dcLFER-AKKAYA-AF\u0130\u015e.jpg","jetpack_shortlink":"https:\/\/wp.me\/p4eHWX-Lp","jetpack_sharing_enabled":true,"_links":{"self":[{"href":"https:\/\/baraka.cc\/index.php?rest_route=\/wp\/v2\/posts\/2939"}],"collection":[{"href":"https:\/\/baraka.cc\/index.php?rest_route=\/wp\/v2\/posts"}],"about":[{"href":"https:\/\/baraka.cc\/index.php?rest_route=\/wp\/v2\/types\/post"}],"author":[{"embeddable":true,"href":"https:\/\/baraka.cc\/index.php?rest_route=\/wp\/v2\/users\/3"}],"replies":[{"embeddable":true,"href":"https:\/\/baraka.cc\/index.php?rest_route=%2Fwp%2Fv2%2Fcomments&post=2939"}],"version-history":[{"count":5,"href":"https:\/\/baraka.cc\/index.php?rest_route=\/wp\/v2\/posts\/2939\/revisions"}],"predecessor-version":[{"id":2946,"href":"https:\/\/baraka.cc\/index.php?rest_route=\/wp\/v2\/posts\/2939\/revisions\/2946"}],"wp:featuredmedia":[{"embeddable":true,"href":"https:\/\/baraka.cc\/index.php?rest_route=\/wp\/v2\/media\/2944"}],"wp:attachment":[{"href":"https:\/\/baraka.cc\/index.php?rest_route=%2Fwp%2Fv2%2Fmedia&parent=2939"}],"wp:term":[{"taxonomy":"category","embeddable":true,"href":"https:\/\/baraka.cc\/index.php?rest_route=%2Fwp%2Fv2%2Fcategories&post=2939"},{"taxonomy":"post_tag","embeddable":true,"href":"https:\/\/baraka.cc\/index.php?rest_route=%2Fwp%2Fv2%2Ftags&post=2939"}],"curies":[{"name":"wp","href":"https:\/\/api.w.org\/{rel}","templated":true}]}}