{"id":2966,"date":"2015-05-11T16:22:56","date_gmt":"2015-05-11T14:22:56","guid":{"rendered":"https:\/\/baraka.cc\/?p=2966"},"modified":"2015-05-11T16:22:56","modified_gmt":"2015-05-11T14:22:56","slug":"bkp-heyeti-barakayi-ziyaret-etti","status":"publish","type":"post","link":"https:\/\/baraka.cc\/?p=2966","title":{"rendered":"BKP Heyeti Baraka&#8217;y\u0131 Ziyaret Etti"},"content":{"rendered":"<p><a href=\"https:\/\/baraka.cc\/wp-content\/uploads\/2015\/05\/11263724_10206698397638305_1258706592_n.jpg\"><img decoding=\"async\" loading=\"lazy\" class=\"size-medium wp-image-2967 alignleft\" alt=\"11263724_10206698397638305_1258706592_n\" src=\"https:\/\/baraka.cc\/wp-content\/uploads\/2015\/05\/11263724_10206698397638305_1258706592_n-300x168.jpg\" width=\"300\" height=\"168\" srcset=\"https:\/\/baraka.cc\/wp-content\/uploads\/2015\/05\/11263724_10206698397638305_1258706592_n-300x168.jpg 300w, https:\/\/baraka.cc\/wp-content\/uploads\/2015\/05\/11263724_10206698397638305_1258706592_n.jpg 960w\" sizes=\"(max-width: 300px) 100vw, 300px\" \/><\/a>Birle\u015fik K\u0131br\u0131s Partisi, Baraka\u2019y\u0131 ziyaret etti. Ziyaret s\u0131ras\u0131nda \u00fclkede gelinen son siyasi s\u00fcre\u00e7 ve \u00f6rg\u00fctlerin i\u015fbirli\u011fini ilerletmesi konular\u0131 konu\u015fuldu.<\/p>\n<p>&nbsp;<\/p>\n<p>G\u00f6r\u00fc\u015fme \u00f6ncesi d\u00fczenlenen bas\u0131n toplant\u0131s\u0131nda konu\u015fan BKP Genel Ba\u015fkan\u0131 \u0130zzet \u0130zcan ilk ziyareti Baraka K\u00fclt\u00fcr Merkezi\u2019ne yapt\u0131klar\u0131n\u0131 belirterek, K\u0131br\u0131s sorununun \u00e7\u00f6z\u00fcm s\u00fcrecinde, genel se\u00e7imlerde ve siyasi m\u00fccadelede ortak bir \u00e7at\u0131da, bir g\u00fc\u00e7birli\u011finde bulu\u015farak ortak m\u00fccadele y\u00fcr\u00fctmek istediklerini s\u00f6yledi. Cumhurba\u015fkanl\u0131\u011f\u0131 se\u00e7iminde halk\u0131n iradesinin de\u011fi\u015fimden, federal \u00e7\u00f6z\u00fcmden ve g\u00f6r\u00fc\u015fme s\u00fcrecinin ba\u015flayarak bar\u0131\u015fa ula\u015fmaktan yana oldu\u011funu belirten \u0130zcan, ayn\u0131 zamanda halk\u0131n iradesi ile CTP-BG\/DP-UG h\u00fck\u00fcmetinin fiilen ortadan kald\u0131rd\u0131\u011f\u0131n\u0131, hi\u00e7bir me\u015frulu\u011funun kalmad\u0131\u011f\u0131n\u0131 ekledi. Gelinen a\u015famda BKP olarak siyasal iktidar\u0131 devralmak i\u00e7in sol, yurtsever ve federal \u00e7\u00f6z\u00fcm yanl\u0131s\u0131 g\u00fc\u00e7lerin en geni\u00e7 g\u00fc\u00e7birli\u011finin ortak bir \u00e7at\u0131 ve program \u00e7er\u00e7evesinde olu\u015fturulmas\u0131n\u0131 ka\u00e7\u0131n\u0131lmaz g\u00f6rd\u00fcklerini belirten \u0130zcan, bu \u00e7er\u00e7evede t\u00fcm karde\u015f siyasi parti ve \u00f6rg\u00fctleri ziyaret edeceklerini ve ortak \u00e7al\u0131\u015fma gruplar\u0131 kurmay\u0131 ve izlenecek yol haritas\u0131n\u0131 birlikte olu\u015fturmay\u0131 hedeflediklerini kaydetti.<\/p>\n<p>&nbsp;<\/p>\n<p>Baraka Aktivisti M\u00fcn\u00fcr Rahvanc\u0131o\u011flu ise, BKP heyetini kar\u015f\u0131lamaktan memnuniyet duyduklar\u0131n\u0131 belirterek \u015f\u00f6yle konu\u015ftu: <i>\u201cBaraka uzunca bir s\u00fcreden beridir, i\u015f-g\u00fc\u00e7-eylem birliktelikleri temelinde y\u00fcr\u00fct\u00fclecek ortak m\u00fccadeleleri toplumsal varolu\u015fumuz i\u00e7in en \u00f6nemli mesele olarak g\u00f6rmektedir. Bir s\u00fcreden beridir olu\u015fturulmu\u015f olan ittifak\u0131n devam\u0131 ve geni\u015flemesi, derinle\u015fmesi ve m\u00fccadelenin y\u00fckseltilmesini de bu ba\u011flamda ciddi bir g\u00fcndem olarak \u00f6n\u00fcne alm\u0131\u015ft\u0131r. Halk\u0131m\u0131zda sol g\u00fc\u00e7lerin her se\u00e7im \u00f6ncesi birliktelikler kurup daha sonra da kar\u015f\u0131l\u0131kl\u0131 kavgaya tutu\u015fmas\u0131n\u0131 normal kabul eden bir alg\u0131 yarat\u0131lm\u0131\u015ft\u0131. Bu durum s\u00fcrekli birbiri ile didi\u015fen sol \u00f6rg\u00fctlerin kendi yaratt\u0131klar\u0131 bir alg\u0131yd\u0131. Ancak son genel se\u00e7imlerden ba\u015flayarak, yerel se\u00e7imlerde de geni\u015fleyerek devam eden ittifak s\u00fcreci bu ezberi bozmu\u015f durumdad\u0131r. Baraka \u00f6rg\u00fctler aras\u0131 samimiyete ve g\u00fcvene dayal\u0131 bu i\u015fbirli\u011finin s\u00fcrd\u00fcr\u00fclerek geni\u015fletilmesini elbette olumlu bulmaktad\u0131r. Bu \u00e7er\u00e7evede halk\u0131m\u0131z\u0131n bizlerden beklenditisinin, toplumsal varolu\u015fumuz ile ilgili konularda yaln\u0131z hareket etmememiz ve ittifak s\u00fcrecini b\u00fcy\u00fctmemiz oldu\u011funun fark\u0131nday\u0131z. \u00d6zellikle Mersin Akkuyu\u2019da yap\u0131lmakta olan n\u00fckleer santrale kar\u015f\u0131 ve \u00fclkemizde TC eliyle olu\u015fturulan koordinasyon ofisine kar\u015f\u0131 sokakta y\u00fcr\u00fctlecek m\u00fccadeleler bu ba\u011flamda \u00e7ok \u00f6nemlidir. Ayr\u0131ca \u00f6zel sekt\u00f6rde sendikala\u015fma m\u00fccadelesinin de ittifak bile\u015fenlerinin temel taleplerinden birisi olmas\u0131 gerekti\u011fini d\u00fc\u015f\u00fcnmekteyiz. Bu gibi konulara katk\u0131s\u0131 olaca\u011f\u0131n\u0131 d\u00fc\u015f\u00fcnd\u00fc\u011f\u00fcm\u00fcz bu ziyareti de memnuniyetle kar\u015f\u0131l\u0131yoruz&#8230;\u201d<\/i><\/p>\n<p>Bas\u0131n\u0131n ayr\u0131lmas\u0131ndan sonra, heyetler kar\u015f\u0131l\u0131k\u0131 fikir al\u0131\u015fveri\u015finde bulundu.<\/p>\n","protected":false},"excerpt":{"rendered":"<p>Birle\u015fik K\u0131br\u0131s Partisi, Baraka\u2019y\u0131 ziyaret etti. Ziyaret s\u0131ras\u0131nda \u00fclkede gelinen son siyasi s\u00fcre\u00e7 ve \u00f6rg\u00fctlerin i\u015fbirli\u011fini ilerletmesi konular\u0131 konu\u015fuldu. &nbsp; G\u00f6r\u00fc\u015fme \u00f6ncesi d\u00fczenlenen bas\u0131n toplant\u0131s\u0131nda<\/p>\n","protected":false},"author":1,"featured_media":2967,"comment_status":"open","ping_status":"open","sticky":false,"template":"","format":"standard","meta":{"jetpack_post_was_ever_published":false,"_jetpack_newsletter_access":"","_jetpack_newsletter_tier_id":0,"jetpack_publicize_message":"","jetpack_is_tweetstorm":false,"jetpack_publicize_feature_enabled":true,"jetpack_social_post_already_shared":true,"jetpack_social_options":{"image_generator_settings":{"template":"highway","enabled":false}}},"categories":[9,1],"tags":[],"jetpack_publicize_connections":[],"jetpack_featured_media_url":"https:\/\/baraka.cc\/wp-content\/uploads\/2015\/05\/11263724_10206698397638305_1258706592_n.jpg","jetpack_shortlink":"https:\/\/wp.me\/p4eHWX-LQ","jetpack_sharing_enabled":true,"_links":{"self":[{"href":"https:\/\/baraka.cc\/index.php?rest_route=\/wp\/v2\/posts\/2966"}],"collection":[{"href":"https:\/\/baraka.cc\/index.php?rest_route=\/wp\/v2\/posts"}],"about":[{"href":"https:\/\/baraka.cc\/index.php?rest_route=\/wp\/v2\/types\/post"}],"author":[{"embeddable":true,"href":"https:\/\/baraka.cc\/index.php?rest_route=\/wp\/v2\/users\/1"}],"replies":[{"embeddable":true,"href":"https:\/\/baraka.cc\/index.php?rest_route=%2Fwp%2Fv2%2Fcomments&post=2966"}],"version-history":[{"count":1,"href":"https:\/\/baraka.cc\/index.php?rest_route=\/wp\/v2\/posts\/2966\/revisions"}],"predecessor-version":[{"id":2968,"href":"https:\/\/baraka.cc\/index.php?rest_route=\/wp\/v2\/posts\/2966\/revisions\/2968"}],"wp:featuredmedia":[{"embeddable":true,"href":"https:\/\/baraka.cc\/index.php?rest_route=\/wp\/v2\/media\/2967"}],"wp:attachment":[{"href":"https:\/\/baraka.cc\/index.php?rest_route=%2Fwp%2Fv2%2Fmedia&parent=2966"}],"wp:term":[{"taxonomy":"category","embeddable":true,"href":"https:\/\/baraka.cc\/index.php?rest_route=%2Fwp%2Fv2%2Fcategories&post=2966"},{"taxonomy":"post_tag","embeddable":true,"href":"https:\/\/baraka.cc\/index.php?rest_route=%2Fwp%2Fv2%2Ftags&post=2966"}],"curies":[{"name":"wp","href":"https:\/\/api.w.org\/{rel}","templated":true}]}}