{"id":2969,"date":"2015-05-13T16:07:49","date_gmt":"2015-05-13T14:07:49","guid":{"rendered":"https:\/\/baraka.cc\/?p=2969"},"modified":"2015-05-13T16:07:49","modified_gmt":"2015-05-13T14:07:49","slug":"yeni-dosya-konulu-argasdi-38-sayisindan-guzel-bir-yazi","status":"publish","type":"post","link":"https:\/\/baraka.cc\/?p=2969","title":{"rendered":"&#8220;Yeni&#8221; Dosya Konulu Argasdi 38. Say\u0131s\u0131ndan G\u00fczel Bir Yaz\u0131"},"content":{"rendered":"<p style=\"text-align: right;\"><b>Ali \u015eahin<\/b><\/p>\n<div>\n<p style=\"text-align: right;\"><a style=\"line-height: 1.5em;\" href=\"mailto:aiossemeon@hotmail.com\">aiossemeon@hotmail.com<\/a><\/p>\n<p style=\"text-align: center;\"><strong>YEN\u0130 \u0130\u015e\u00c7\u0130 SINIFI<\/strong><\/p>\n<p><a href=\"https:\/\/baraka.cc\/wp-content\/uploads\/2015\/05\/Untitled.png\"><img decoding=\"async\" loading=\"lazy\" class=\"size-medium wp-image-2970 alignright\" style=\"margin: 1px; border: 1px solid black;\" alt=\"Untitled\" src=\"https:\/\/baraka.cc\/wp-content\/uploads\/2015\/05\/Untitled-300x165.png\" width=\"300\" height=\"165\" srcset=\"https:\/\/baraka.cc\/wp-content\/uploads\/2015\/05\/Untitled-300x165.png 300w, https:\/\/baraka.cc\/wp-content\/uploads\/2015\/05\/Untitled.png 523w\" sizes=\"(max-width: 300px) 100vw, 300px\" \/><\/a><\/p>\n<p>Reel sosyalist deneyimlerin \u00e7\u00f6k\u00fc\u015f\u00fc ve \u201cb\u00fcy\u00fck \u00a0\u00f6l\u00e7ekli \u00a0i\u015fyeri, \u00a0d\u00fczenli istihdam\u201d bi\u00e7imlerinin b\u00fcy\u00fck \u00a0oranda terkedili\u015fi ile birlikte proletaryan\u0131n tarih sahnesinden silindi\u011fi sav\u0131 \u00e7ok uzun y\u0131llard\u0131r dillendirilen \u00a0bir s\u00f6ylem. Peki; ya\u015fad\u0131\u011f\u0131m\u0131z ko\u015fullarda \u00a0ger\u00e7eklik bu mu? \u0130\u015f\u00e7i s\u0131n\u0131f\u0131, bir d\u00f6- nemin tarihi ge\u00e7mi\u015f bir olgusu muydu ve \u00f6mr\u00fcn\u00fc t\u00fcketerek bize elveda m\u0131 dedi? Kapitalizm,\u00a0\u00a0 varetti\u011fi \u00fcretim \u00a0 ili\u015fkileri \u00a0ile \u00a0bu \u00a0sav\u0131n \u00a0koca\u00a0 \u00a0bir \u00a0yalan\u00a0 \u00a0oldu\u011funu binlerce insan\u0131 yoksulluk ve i\u015fsizli\u011fe \u00a0mahkum ederek \u00a0ac\u0131 \u00a0bir \u00a0\u015fekilde\u00a0\u00a0 \u00a0g\u00f6steriyor.\u00a0 \u00a0G\u00fcn\u00fcm\u00fczde, \u00a0yepyeni bir\u00a0 \u00a0proleterle\u015fme\u00a0 \u00a0dalgas\u0131 \u00a0ya\u015fan\u0131yor. Bilhassa \u00a0\u00fcretim \u00a0s\u00fcre\u00e7lerindeki \u00a0teknolojik\u00a0 \u00a0geli\u015fmelerle \u00a0i\u015f\u00e7ili\u011fin\u00a0 \u00a0minimuma \u00a0indirildi\u011fi, \u00a0buna ba\u011fl\u0131 \u00a0olarak da \u00a0i\u015f\u00e7i s\u0131n\u0131f\u0131n\u0131n\u00a0 \u00a0yok\u00a0 \u00a0oldu\u011fu \u00a0g\u00f6r\u00fc\u015f\u00fc \u00a0ger\u00e7e\u011fi yans\u0131tm\u0131yor. Teknolojik geli\u015fmeler baz\u0131 \u00e7al\u0131\u015fma bi\u00e7imlerini gereksiz k\u0131l\u0131yor. \u00a0Ancak \u00a0ya\u015fanan \u00a0geli\u015fmeler\u00a0 \u00a0baz\u0131lar\u0131n\u0131 \u00a0yok ederken \u00a0yeni\u00a0 \u00a0\u00e7al\u0131\u015fma bi\u00e7imlerini de yarat\u0131yor. \u00d6te \u00a0yandan ge\u00e7mi\u015f d\u00f6nemlere \u00a0ait \u00a0klasik \u00a0i\u015f\u00e7i tipi \u00a0yok olmu\u015f de\u011fil. Ta\u015feronla\u015ft\u0131rma gibi uygulamalarla b\u00f6l\u00fcnen \u00fcretim s\u00fcre\u00e7leri, i\u015f\u00e7i s\u0131n\u0131f\u0131n\u0131 farkl\u0131 mekanlara da\u011f\u0131tarak b\u00f6l\u00fcyor ve geni\u015f y\u0131\u011f\u0131nlar\u00a0 \u00a0halinde \u00a0g\u00f6r\u00fcnmesini \u00a0engelliyor. \u00a0Ayr\u0131ca \u00a0d\u00fcnya \u00e7ap\u0131nda n\u00fcfus hareketliliklerindeki art\u0131\u015f \u00a0sonucu her \u00a0\u00fclkede g\u00f6\u00e7men kesimler en \u00a0k\u00f6t\u00fc ko\u015fullardaki i\u015flerde \u00e7al\u0131\u015f\u0131yor. \u00a0\u00dclkelerin yerli \u00a0emek\u00e7i n\u00fcfuslar\u0131n\u0131n \u00a0belirli\u00a0 \u00a0sekt\u00f6rlere \u00a0kayd\u0131\u011f\u0131 ve d\u00fcz \u00a0i\u015f\u00e7ilik olarak g\u00f6r\u00fclen en \u00a0a\u011f\u0131r \u00a0i\u015flerde farkl\u0131 \u00fclkelerden gelen kesimlerin \u00e7al\u0131\u015ft\u0131\u011f\u0131 \u00a0bir ortamda g\u00f6\u00e7men kesimlerin i\u015f\u00e7i s\u0131n\u0131f\u0131n\u0131n \u00a0\u00f6nemli bir b\u00f6l\u00fcm\u00fcn\u00fc olu\u015fturmas\u0131 s\u0131n\u0131f\u0131n \u00a0g\u00f6r\u00fcnmezli\u011finde de \u00a0pay sahibi. \u00c7\u00fcnk\u00fc ya\u015fad\u0131klar\u0131 ko\u015fullar gere\u011fi herhangi bir \u00a0hak \u00a0talebinde bulunamayan, \u00a0yerli \u00a0n\u00fcfus taraf\u0131ndan da \u00a0toplumsal bir \u00f6zne olarak pek \u00a0kabul \u00a0g\u00f6rmeyen g\u00f6\u00e7menler, \u00a0s\u0131n\u0131f\u00a0 \u00a0i\u00e7indeki\u00a0 \u00a0\u00f6nemini \u00a0bir g\u00fcce evriltemiyor. Ne yerli n\u00fcfuslar g\u00f6\u00e7menleri,\u00a0 ne\u00a0 \u00a0de\u00a0 \u00a0g\u00f6\u00e7menler kendilerini \u00fclkenin kaderiyle ilgili sesini \u00a0y\u00fckseltebi- lecek bir \u00f6zne olarak g\u00f6r\u00fcyor. Bu g\u00f6r\u00fcnmezlik, \u00a0i\u015f\u00e7i s\u0131n\u0131f\u0131 m\u00fccadelesini olumsuz etkiliyor. \u00a0K\u0131br\u0131s\u2019\u0131n \u00a0kuzeyinde TC eliyle olu\u015fturulan \u00a0kimlikle\u00a0 \u00a0giri\u015fe\u00a0 \u00a0dayal\u0131\u00a0 \u00a0\u00e7arp\u0131k \u00a0g\u00f6\u00e7men ili\u015fkisinde bu \u00a0durum daha da \u00a0ge\u00e7erli. Hatta son \u00a0y\u0131llarda \u00a0d\u00fcnyan\u0131n farkl\u0131\u00a0 \u00a0co\u011frafyalar\u0131ndan gelen \u00a0emek\u00e7ilerle\u00a0 \u00a0birlikte adadaki \u00a0i\u015f\u00e7i \u00a0s\u0131n\u0131f\u0131 \u00a0profili d\u00fcnyan\u0131n ba\u015fka \u00fclkelerine benzer \u015fekil- de \u00a0gittik\u00e7e g\u00f6\u00e7menle\u015fiyor. Ancak \u00a0t\u00fcm g\u00f6r\u00fcnmezli\u011fine ra\u011fmen emek\u00e7i kitlelerin, ya\u015fad\u0131\u011f\u0131 sorunlar her\u00a0 ge\u00e7en g\u00fcn b\u00fcy\u00fcyerek hayattaki \u00a0yerlerini koruyorlar. Fakat \u00a0g\u00fcn\u00fcm\u00fcz i\u015f\u00e7i s\u0131n\u0131f\u0131n\u0131n \u00a0ana \u00a0g\u00f6vdesini, \u00a0neo-liberal politikalarla eski \u00a0ko\u015fullar\u0131n\u0131\u00a0\u00a0 \u00a0yitirerek proleterle\u015fen \u00a0orta s\u0131n\u0131flar\u00a0 \u00a0olu\u015fturuyor. Yeni \u00a0bir \u00a0i\u015f\u00e7i \u00a0s\u0131n\u0131f\u0131 profili\u00a0 \u00a0yaratan \u00a0neo\u00a0 \u00a0liberal \u00a0politikalar,\u00a020. \u00a0yy\u2019de \u00a0i\u015f\u00e7i s\u0131n\u0131f\u0131na \u00a0dahil \u00a0olmayan ve a\u011f\u0131rl\u0131\u011f\u0131\u00a0 \u00a0kafa\u00a0 \u00a0eme\u011fini satarak \u00a0ge\u00e7inen kitlenin sahip \u00a0oldu\u011fu t\u00fcm\u00a0 \u00a0haklar\u0131 \u00a0yitirerek \u00a0yoksullar s\u0131n\u0131f\u0131na\u00a0 \u00a0eklemlenmesine \u00a0neden oldu. \u00a0Daha \u00a0\u00f6nce beyaz yakal\u0131 diye \u00a0tabir edilen katmanlar, \u00a0kendilerine \u00a0ait \u00a0i\u015fyerlerinde \u00e7al\u0131\u015fan m\u00fchendisler, muhasebeciler, avukatlar gibi \u00a0kesimler, \u00f6zellikle \u00a0g\u00fcn\u00fcm\u00fczde\u00a0 \u00a0yayg\u0131nla\u015fan \u00a0ileti\u015fim, \u00a0bili\u015fim \u00a0firmalar\u0131nda \u00e7al\u0131\u015fan b\u00fcro i\u015f\u00e7ileri, \u00a0devletin ekonomideki rol\u00fc \u00a0de\u011fi\u015ftik\u00e7e \u00a0yoksulla\u015fan \u00a0kamu\u00a0 \u00a0emek\u00e7ileri vb. \u00a0yeni \u00a0i\u015f\u00e7i \u00a0s\u0131n\u0131f\u0131n\u0131n \u00a0gittik\u00e7e b\u00fcy\u00fcyen kitlesini \u00a0olu\u015fturuyor.\u00a0 \u00a0\u00c7o\u011funlu\u011fu \u00a0y\u00fcksek \u00a0\u00f6\u011frenim g\u00f6rm\u00fc\u015f bu \u00a0kesimler, ge\u00e7mi\u015f d\u00f6nemlerde sahip \u00a0olduklar\u0131 e\u011fitim gere\u011fi i\u015f\u00e7i s\u0131n\u0131f\u0131ndan \u00e7ok daha farkl\u0131 \u00e7al\u0131\u015fma ko\u015fullar\u0131na sahiplerdi. Ancak neo- liberal d\u00f6nemin g\u00fcvencesiz \u00e7al\u0131\u015fma ortam\u0131nda bu \u00a0kesimler dahi \u00a0\u00fccret, sosyal haklar, \u00a0\u00fcretim s\u00fcre\u00e7lerinde karar \u00a0verme pozisyonu gibi sahip \u00a0olduklar\u0131 kazan\u0131mlar\u0131 \u00a0b\u00fcy\u00fck \u00a0oranda yitirmi\u015f \u00a0durumdalar. Nitelikli emek g\u00fc\u00e7leri s\u0131radanla\u015farak vas\u0131fs\u0131zla\u015f\u0131yor. Daha \u00a0da \u00a0\u00f6tesi, i\u015fsizlik e\u011fitim \u00a0seviyesi y\u00fcksek nitelikli \u00a0emek \u00a0i\u00e7in bile \u00a0s\u0131radanla\u015fm\u0131\u015f bir \u00a0hal \u00a0ald\u0131. \u00a0K\u0131br\u0131s\u2019\u0131n kuzeyindeki e\u011fitimli gen\u00e7 \u00a0emek\u00e7i \u00a0kitle \u00a0bunun bariz \u00a0\u00f6rne\u011fi. Bu durum, orta s\u0131n\u0131f\u00a0 \u00a0bir\u00a0 \u00a0ya\u015famdan \u00a0gelen \u00a0bu\u00a0 \u00a0kitleyi i\u015f\u00e7i\u00a0 \u00a0s\u0131n\u0131f\u0131\u00a0 \u00a0ile\u00a0 \u00a0gitgide\u00a0\u00a0 yak\u0131nla\u015ft\u0131r\u0131yor. Piyasan\u0131n ac\u0131mas\u0131z ko\u015fullar\u0131na, de\u011fersizle\u015fen nitelikleri ile \u00a0giren ve s\u0131radan i\u015f\u00e7iler \u00a0haline gelen gen\u00e7 emek\u00e7iler, yeti\u015ftikleri orta s\u0131n\u0131f \u00a0k\u00fclt\u00fcr\u00fcne uygun \u00a0bir ortam ar\u0131yor \u00a0fakat bulam\u0131yorlar. Bir anlam\u0131yla,\u00a0\u00a0 \u00a0her \u00a0ge\u00e7en g\u00fcn \u00a0daha da \u00a0dahil olduklar\u0131 \u00a0i\u015f\u00e7i \u00a0s\u0131n\u0131f\u0131 \u00a0ko\u015fullar\u0131n\u0131 \u00a0reddetmelerine ra\u011fmen bu \u00a0d\u00f6n\u00fc\u015f\u00fcm\u00fc engel- leyemiyorlar. Piyasala\u015fan ve \u00f6zelle\u015ftirilen \u00a0e\u011fitim sistemi i\u00e7erisinde zar zor \u00a0bir meslek sahibi \u00a0olan \u00a0gen\u00e7 mezunlar, mezun \u00a0oldu\u011fu b\u00f6l\u00fcm ile ilgili i\u015f bulmakta ya zorlan\u0131yor ya da bulsa \u00a0dahi \u00a0beklentileri \u00a0kar\u015f\u0131l\u0131k \u00a0bulmuyor. Piyasa \u00a0\u015fartlar\u0131nda \u00a0hayatta \u00a0kalabilmenin ko\u015fulu olarak dayat\u0131lan \u00a0g\u00fcvencesiz \u00a0ve esnek \u00a0\u00e7al\u0131\u015fma bi\u00e7imlerinin \u201cprofesyonellik\u201d \u015feklinde sunulmaya \u00e7al\u0131\u015f\u0131lmas\u0131 \u00a0durumu de\u011fi\u015fmiyor. Arad\u0131\u011f\u0131 ko\u015fullar\u0131 bulamayan gen\u00e7 i\u015f\u00e7iler, \u00a0par\u00e7as\u0131 olmay\u0131 \u00a0reddettikleri i\u015f\u00e7i s\u0131n\u0131f\u0131n\u0131n \u00a0bilin\u00e7li \u00a0kitlesini olu\u015fturur hale geliyor. \u00a0\u0130spanya\u2019dan \u00a0Yunanistan\u2019a \u00a0uzanan \u00a0ve Avrupa \u00a0Birli\u011fi\u2019ni sarsan Akdeniz isyanlar\u0131n\u0131n s\u00fcr\u00fckleyici kitlesi \u00a0proleterle\u015fen bu \u00a0orta s\u0131n\u0131flardan ba\u015fkas\u0131 de\u011fil. Bu kitle, \u00a0T\u00fcrkiye\u2019deki \u201cGezi\u201d s\u00fcrecinde de \u00a0belirleyici bir \u00a0role \u00a0sahipti. D\u00fczenli olarak d\u00fczensiz i\u015flerde \u00e7al\u0131\u015fmak zorunda \u00a0b\u0131rak\u0131lan, i\u015fsizli\u011fi \u00a0normalle\u015fmi\u015f \u00a0bir olgu \u00a0olarak s\u00fcrekli \u00a0ya\u015fayan bu katmanlar, yeni i\u015f\u00e7i s\u0131n\u0131f\u0131n\u0131n \u00a0ana \u00a0g\u00f6vdesi olarak yeni \u00a0ba\u015fkald\u0131r\u0131\u015flar\u0131n da \u00a0habercisidirler. Proleterle\u015fen orta s\u0131n\u0131f, 20. yy\u2019deki i\u015f\u00e7i kitleleriyle k\u0131yasland\u0131\u011f\u0131nda farkl\u0131 niteliktedir. Y\u00fcksek e\u011fitimli bu \u00a0yeni \u00a0i\u015f\u00e7i s\u0131n\u0131f\u0131, ge\u00e7mi\u015f i\u015f\u00e7i ve sosyalist hareketlerin trajedisi \u00a0haline gelen ve bug\u00fcn liberal hegemonyan\u0131n bu \u00a0denli \u00a0g\u00fc\u00e7l\u00fc \u00a0olmas\u0131nda b\u00fcy\u00fck \u00a0pay\u0131 olan \u00a0soldaki b\u00fcrokratik yakla\u015f\u0131m\u0131n\u00a0 \u00a0y\u0131k\u0131lmas\u0131na y\u00f6nelik\u00a0 \u00a0\u00f6nemli \u00a0bir potansiyel ta\u015f\u0131yor. Maruz \u00a0kald\u0131\u011f\u0131 \u00a0ko\u015fullara isyan eden gen\u00e7 i\u015f\u00e7iler, do\u011fal olarak daha e\u015fitlik\u00e7i \u00a0ve \u00f6zg\u00fcrl\u00fck\u00e7\u00fc bir \u00a0ya\u015fam m\u00fccadelesinin zeminine ad\u0131m atm\u0131\u015f oluyorlar. Kendi emeklerinin kar\u015f\u0131l\u0131\u011f\u0131 olarak arad\u0131klar\u0131, ister istemez onlar\u0131 \u00a0bu zemine \u00a0do\u011fru kanalize ediyor. Yeni i\u015f\u00e7i s\u0131n\u0131f\u0131n\u0131n \u00a0nitelikleri gere\u011fi ortaya koydu\u011fu \u00f6zg\u00fcrl\u00fck\u00e7\u00fc ve e\u015fitlik\u00e7i \u00a0talepler, \u00a0\u00e7al\u0131\u015fan haklar\u0131ndan kad\u0131n-erkek e\u015fitli\u011fine, do\u011fan\u0131n\u00a0 \u00a0talan \u00a0edilmesine kar\u015f\u0131 \u00a0m\u00fccade- leden kamusal alanlar\u0131n savunulmas\u0131na kadar \u00e7ok geni\u015f bir zemine sahip. \u00a0Bu zemin, \u00a0i\u015f\u00e7i s\u0131n\u0131f\u0131 \u00a0i\u00e7indeki \u00a0di\u011fer katmanlar ve \u00e7e\u015fitli \u00a0ezilen kesimlerle temas\u0131n imkanlar\u0131n\u0131 da \u00a0sunuyor. T\u00fcm \u00a0bunlar, yeni i\u015f\u00e7i s\u0131n\u0131f\u0131n\u0131n \u00a0halk \u00a0hareketlerinde oynayabilece\u011fi devrimci rol\u00fc \u00a0i\u015faret \u00a0ediyor. Liberal\u00a0 \u00a0akl\u0131n\u00a0 \u00a0bilhassa \u00a0sol\u00a0 \u00a0kesimlerde\u00a0 yaratt\u0131\u011f\u0131 ak\u0131l \u00a0tutulmas\u0131na \u00a0ra\u011fmen, \u015fu \u00a0a\u00e7\u0131k \u00a0bir \u00a0\u015fekilde ortada ki; i\u015f\u00e7i s\u0131n\u0131f\u0131 elveda \u00a0falan\u00a0 \u00a0demedi! \u00a0Tarih \u00a0sahnesinden\u00a0\u00a0 \u00a0silindi\u011fi\u00a0 \u00a0iddia\u00a0 \u00a0edilen \u00a0proletarya daha \u00a0da\u00a0 \u00a0geni\u015fleyerek \u00a0ve \u00a0yenilenerek ya\u015famdaki \u00a0rol\u00fcn\u00fc \u00a0s\u00fcrd\u00fcr\u00fcyor. \u00a0Elveda demek bir yana, \u00a0her \u00a0an sermayenin kap\u0131s\u0131na \u00a0dayanacak \u015fekilde \u00f6fkesi art\u0131yor.<\/p>\n<\/div>\n","protected":false},"excerpt":{"rendered":"<p>Ali \u015eahin aiossemeon@hotmail.com YEN\u0130 \u0130\u015e\u00c7\u0130 SINIFI Reel sosyalist deneyimlerin \u00e7\u00f6k\u00fc\u015f\u00fc ve \u201cb\u00fcy\u00fck \u00a0\u00f6l\u00e7ekli \u00a0i\u015fyeri, \u00a0d\u00fczenli istihdam\u201d bi\u00e7imlerinin b\u00fcy\u00fck \u00a0oranda terkedili\u015fi ile birlikte proletaryan\u0131n tarih sahnesinden<\/p>\n","protected":false},"author":9,"featured_media":2972,"comment_status":"open","ping_status":"open","sticky":false,"template":"","format":"standard","meta":{"jetpack_post_was_ever_published":false,"_jetpack_newsletter_access":"","_jetpack_newsletter_tier_id":0,"jetpack_publicize_message":"","jetpack_is_tweetstorm":false,"jetpack_publicize_feature_enabled":true,"jetpack_social_post_already_shared":true,"jetpack_social_options":{"image_generator_settings":{"template":"highway","enabled":false}}},"categories":[67,9,1],"tags":[],"jetpack_publicize_connections":[],"jetpack_featured_media_url":"https:\/\/baraka.cc\/wp-content\/uploads\/2015\/05\/kapak.jpg","jetpack_shortlink":"https:\/\/wp.me\/p4eHWX-LT","jetpack_sharing_enabled":true,"_links":{"self":[{"href":"https:\/\/baraka.cc\/index.php?rest_route=\/wp\/v2\/posts\/2969"}],"collection":[{"href":"https:\/\/baraka.cc\/index.php?rest_route=\/wp\/v2\/posts"}],"about":[{"href":"https:\/\/baraka.cc\/index.php?rest_route=\/wp\/v2\/types\/post"}],"author":[{"embeddable":true,"href":"https:\/\/baraka.cc\/index.php?rest_route=\/wp\/v2\/users\/9"}],"replies":[{"embeddable":true,"href":"https:\/\/baraka.cc\/index.php?rest_route=%2Fwp%2Fv2%2Fcomments&post=2969"}],"version-history":[{"count":2,"href":"https:\/\/baraka.cc\/index.php?rest_route=\/wp\/v2\/posts\/2969\/revisions"}],"predecessor-version":[{"id":2974,"href":"https:\/\/baraka.cc\/index.php?rest_route=\/wp\/v2\/posts\/2969\/revisions\/2974"}],"wp:featuredmedia":[{"embeddable":true,"href":"https:\/\/baraka.cc\/index.php?rest_route=\/wp\/v2\/media\/2972"}],"wp:attachment":[{"href":"https:\/\/baraka.cc\/index.php?rest_route=%2Fwp%2Fv2%2Fmedia&parent=2969"}],"wp:term":[{"taxonomy":"category","embeddable":true,"href":"https:\/\/baraka.cc\/index.php?rest_route=%2Fwp%2Fv2%2Fcategories&post=2969"},{"taxonomy":"post_tag","embeddable":true,"href":"https:\/\/baraka.cc\/index.php?rest_route=%2Fwp%2Fv2%2Ftags&post=2969"}],"curies":[{"name":"wp","href":"https:\/\/api.w.org\/{rel}","templated":true}]}}