{"id":2976,"date":"2015-05-14T13:40:11","date_gmt":"2015-05-14T11:40:11","guid":{"rendered":"https:\/\/baraka.cc\/?p=2976"},"modified":"2015-05-14T13:40:11","modified_gmt":"2015-05-14T11:40:11","slug":"katliama-sessiz-kalma","status":"publish","type":"post","link":"https:\/\/baraka.cc\/?p=2976","title":{"rendered":"Katliama Sessiz Kalma!"},"content":{"rendered":"<p><a href=\"https:\/\/baraka.cc\/wp-content\/uploads\/2015\/05\/pati.jpg\"><img decoding=\"async\" loading=\"lazy\" class=\"size-medium wp-image-2977 alignleft\" alt=\"pati\" src=\"https:\/\/baraka.cc\/wp-content\/uploads\/2015\/05\/pati-300x115.jpg\" width=\"300\" height=\"115\" srcset=\"https:\/\/baraka.cc\/wp-content\/uploads\/2015\/05\/pati-300x115.jpg 300w, https:\/\/baraka.cc\/wp-content\/uploads\/2015\/05\/pati.jpg 720w\" sizes=\"(max-width: 300px) 100vw, 300px\" \/><\/a>Lefko\u015fa&#8217;n\u0131n Ta\u015fk\u0131nk\u00f6y b\u00f6lgesinde ger\u00e7ekle\u015fen hayvan katliam\u0131na kar\u015f\u0131, hayvan dostu ki\u015fi ve \u00f6rg\u00fctler ortak bir eylem ger\u00e7ekle\u015ftiriyor.<\/p>\n<p>15 May\u0131s Cuma\u00a0saat 18:00\u2019da Dereboyu\u2019nda bulunan kav\u015fakta bulu\u015farak ba\u015flayacak eylem \u201cKatliama Sessiz Kalma\u201d \u00e7a\u011fr\u0131s\u0131 ile payla\u015f\u0131ld\u0131.<\/p>\n<p>\u0130\u00e7erisinde Baraka\u2019n\u0131n da bulundu\u011fu hayvanseverler, yapt\u0131klar\u0131 \u00e7a\u011fr\u0131da halka \u015f\u00f6yle seslendi: \u00a0<i>\u201cTa\u015fk\u0131nk\u00f6y&#8217;de ya\u015fanan canilik ve vah\u015fetin hi\u00e7bir izah\u0131 yoktur! Hepimizin birlik olup bu canlar icin bir \u015feyler yapmas\u0131 gerekiyor! Bu d\u00fcnyan\u0131n sadece insanlara ait olmad\u0131\u011f\u0131n\u0131 ba\u011f\u0131ra ba\u011f\u0131ra s\u00f6ylemeliyiz! Bu y\u00fczden 15 May\u0131s Cuma g\u00fcn\u00fc saat 18.00&#8217;da Dereboyunda toplan\u0131yoruz! Sessiz kal\u0131rsak bu olay Ta\u015fk\u0131nk\u00f6y ile bitmeyecek, sessiz kal\u0131rsak sokaktaki canlar\u0131m\u0131z insanlar\u0131n zalimliklerinden kurtulamayacak!\u201d <\/i><\/p>\n<p>T\u00fcm dostlar\u0131m\u0131z\u0131, 15 May\u0131s Cuma ak\u015fam\u0131 ger\u00e7ekle\u015fecek bu anlaml\u0131 eyleme davet ederiz&#8230;<\/p>\n","protected":false},"excerpt":{"rendered":"<p>Lefko\u015fa&#8217;n\u0131n Ta\u015fk\u0131nk\u00f6y b\u00f6lgesinde ger\u00e7ekle\u015fen hayvan katliam\u0131na kar\u015f\u0131, hayvan dostu ki\u015fi ve \u00f6rg\u00fctler ortak bir eylem ger\u00e7ekle\u015ftiriyor. 15 May\u0131s Cuma\u00a0saat 18:00\u2019da Dereboyu\u2019nda bulunan kav\u015fakta bulu\u015farak ba\u015flayacak<\/p>\n","protected":false},"author":1,"featured_media":2977,"comment_status":"open","ping_status":"open","sticky":false,"template":"","format":"standard","meta":{"jetpack_post_was_ever_published":false,"_jetpack_newsletter_access":"","_jetpack_newsletter_tier_id":0,"jetpack_publicize_message":"","jetpack_is_tweetstorm":false,"jetpack_publicize_feature_enabled":true,"jetpack_social_post_already_shared":true,"jetpack_social_options":{"image_generator_settings":{"template":"highway","enabled":false}}},"categories":[66,9,1],"tags":[],"jetpack_publicize_connections":[],"jetpack_featured_media_url":"https:\/\/baraka.cc\/wp-content\/uploads\/2015\/05\/pati.jpg","jetpack_shortlink":"https:\/\/wp.me\/p4eHWX-M0","jetpack_sharing_enabled":true,"_links":{"self":[{"href":"https:\/\/baraka.cc\/index.php?rest_route=\/wp\/v2\/posts\/2976"}],"collection":[{"href":"https:\/\/baraka.cc\/index.php?rest_route=\/wp\/v2\/posts"}],"about":[{"href":"https:\/\/baraka.cc\/index.php?rest_route=\/wp\/v2\/types\/post"}],"author":[{"embeddable":true,"href":"https:\/\/baraka.cc\/index.php?rest_route=\/wp\/v2\/users\/1"}],"replies":[{"embeddable":true,"href":"https:\/\/baraka.cc\/index.php?rest_route=%2Fwp%2Fv2%2Fcomments&post=2976"}],"version-history":[{"count":1,"href":"https:\/\/baraka.cc\/index.php?rest_route=\/wp\/v2\/posts\/2976\/revisions"}],"predecessor-version":[{"id":2978,"href":"https:\/\/baraka.cc\/index.php?rest_route=\/wp\/v2\/posts\/2976\/revisions\/2978"}],"wp:featuredmedia":[{"embeddable":true,"href":"https:\/\/baraka.cc\/index.php?rest_route=\/wp\/v2\/media\/2977"}],"wp:attachment":[{"href":"https:\/\/baraka.cc\/index.php?rest_route=%2Fwp%2Fv2%2Fmedia&parent=2976"}],"wp:term":[{"taxonomy":"category","embeddable":true,"href":"https:\/\/baraka.cc\/index.php?rest_route=%2Fwp%2Fv2%2Fcategories&post=2976"},{"taxonomy":"post_tag","embeddable":true,"href":"https:\/\/baraka.cc\/index.php?rest_route=%2Fwp%2Fv2%2Ftags&post=2976"}],"curies":[{"name":"wp","href":"https:\/\/api.w.org\/{rel}","templated":true}]}}