{"id":2982,"date":"2015-05-16T22:49:43","date_gmt":"2015-05-16T20:49:43","guid":{"rendered":"https:\/\/baraka.cc\/?p=2982"},"modified":"2015-05-16T22:53:19","modified_gmt":"2015-05-16T20:53:19","slug":"taskinkoydeki-katliama-karsi-sesimizi-yukselttik","status":"publish","type":"post","link":"https:\/\/baraka.cc\/?p=2982","title":{"rendered":"Ta\u015fk\u0131nk\u00f6y&#8217;deki Katliama Kar\u015f\u0131 Sesimizi Y\u00fckselttik"},"content":{"rendered":"<p><a href=\"https:\/\/baraka.cc\/wp-content\/uploads\/2015\/05\/vah\u015fet.jpg\"><img decoding=\"async\" loading=\"lazy\" class=\"size-medium wp-image-2983 alignleft\" alt=\"vah\u015fet\" src=\"https:\/\/baraka.cc\/wp-content\/uploads\/2015\/05\/vah\u015fet-300x168.jpg\" width=\"300\" height=\"168\" srcset=\"https:\/\/baraka.cc\/wp-content\/uploads\/2015\/05\/vah\u015fet-300x168.jpg 300w, https:\/\/baraka.cc\/wp-content\/uploads\/2015\/05\/vah\u015fet.jpg 960w\" sizes=\"(max-width: 300px) 100vw, 300px\" \/><\/a>Ta\u015fk\u0131nk\u00f6y&#8217;de ger\u00e7ekle\u015fen hayvan katliam\u0131 ile ilgili olarak\u00a0Hayvan Haklar\u0131 Federasyonu (HAYFED), Pets on Streets, Alt\u0131n Patiler, Cyprus Emergency Foundation For Animals (C.E.F.A), Sessiz Kullar Derne\u011fi, Sevimli Dostlar Derne\u011fi, Baraka K\u00fclt\u00fcr Merkezi, Ba\u011f\u0131ms\u0131zl\u0131k Yolu, TDP,\u00a0Kyrenia Animal Rescue, Biyologlar Derne\u011fi ve bir\u00e7ok ba\u011f\u0131ms\u0131z hayvan dostu bir eylem ger\u00e7ekle\u015ftirdi&#8230;<\/p>\n<p>Eylem s\u0131ras\u0131nda Baraka Gen\u00e7lik Tiyatrosu da bir oyun sokaklayarak katk\u0131 koydu&#8230;<\/p>\n<p>&nbsp;<\/p>\n<p><a href=\"https:\/\/baraka.cc\/wp-content\/uploads\/2015\/05\/bte.jpg\"><img decoding=\"async\" loading=\"lazy\" class=\"size-medium wp-image-2984 alignleft\" alt=\"bte\" src=\"https:\/\/baraka.cc\/wp-content\/uploads\/2015\/05\/bte-300x168.jpg\" width=\"300\" height=\"168\" srcset=\"https:\/\/baraka.cc\/wp-content\/uploads\/2015\/05\/bte-300x168.jpg 300w, https:\/\/baraka.cc\/wp-content\/uploads\/2015\/05\/bte.jpg 960w\" sizes=\"(max-width: 300px) 100vw, 300px\" \/><\/a><\/p>\n<p>&nbsp;<\/p>\n<p>&nbsp;<\/p>\n<p>&nbsp;<\/p>\n<p>&nbsp;<\/p>\n<p>Eylemde okunan bas\u0131n a\u00e7\u0131klamas\u0131n\u0131n tam metni:<\/p>\n<p><em>&#8220;De\u011ferli bas\u0131n emek\u00e7ileri de\u011ferli halk\u0131m\u0131z,<\/em><\/p>\n<p><em>\u00a0<\/em><\/p>\n<p><em>Hayvan haklar\u0131na duyarl\u0131 \u00f6rg\u00fctler ve hayvan sever ki\u015filer olarak, Ta\u015fk\u0131nk\u00f6y\u2019de ya\u015fanan vah\u015feti, hayvanlar\u0131n kasten zehirlenerek \u00f6ld\u00fcr\u00fclmesini ve hemen her g\u00fcn bir hayvan dostumuzun haklar\u0131n\u0131n ihlal edilmesini protesto etmek ve taleplerimizi bir kez daha yetkililere duyurmak i\u00e7in eylemdeyiz.<\/em><\/p>\n<p><em>Bir s\u00fcre \u00f6nce yine sokak hayvanlar\u0131 \u00f6ld\u00fcr\u00fcld\u00fc\u011f\u00fcnde, Karpaz\u2019daki e\u015fekler katledildi\u011finde sokaklara d\u00f6k\u00fclm\u00fc\u015f ve yapt\u0131\u011f\u0131m\u0131z eylemle Hayvan Refah\u0131 Yasas\u0131\u2019n\u0131n uygulanmamas\u0131na dikkat \u00e7ekmi\u015ftik. Fakat hayvan dostlar\u0131m\u0131z\u0131n haklar\u0131 konusunda ne yaz\u0131k ki ilerleme kaydedilmemi\u015ftir. Halen katliamlar\u0131 yapanlar bulunarak cezaland\u0131r\u0131lmamaktad\u0131r.<\/em><\/p>\n<p><em>Bu adaletsiz ve sevgisiz d\u00fczen, t\u0131pk\u0131 insanlara yapt\u0131\u011f\u0131 gibi hayvanlara da \u00f6zg\u00fcrce var olma hakk\u0131 tan\u0131m\u0131yor. Hayvanlar, insanalar\u0131n keyiflerine g\u00f6re \u00fcretip t\u00fcketebilece\u011fi bir mal gibi g\u00f6r\u00fcl\u00fcyor ve bir can olduklar\u0131 unutulup rahatl\u0131kla zehirlenip \u00f6ld\u00fcr\u00fclebiliyor.<\/em><\/p>\n<p><em>Bu vah\u015fet olaylar\u0131, do\u011fa ve hayvan severler olarak bizleri, hem hayvan haklar\u0131 hem de toplumumzdaki do\u011fadan ve insani erdemlerden uzakla\u015fma ve yozla\u015fma a\u00e7\u0131s\u0131ndan endi\u015felendirmektedir.<\/em><\/p>\n<p><em>Do\u011falar\u0131na ve ya\u015famlar\u0131na m\u00fcdahale etti\u011fimiz fakat haklar\u0131n\u0131 arayamayan dostlar\u0131mz\u0131n \u00f6zg\u00fcrce ya\u015fama ve do\u011fal ortamlar\u0131nda var olma ko\u015fullar\u0131n\u0131 yaratma sorumlulu\u011fu t\u00fcm duyarl\u0131 insanlar\u0131n \u00fczerindedir. Ancak en b\u00fcy\u00fck sorumluluk, Hayvan Refah\u0131 Yasas\u0131\u2019n\u0131n uygulamakla sorumlu olan fakat uygulamayan makamlardad\u0131r. Polis te\u015fkilat\u0131 da hayvanlara kar\u015f\u0131 i\u015flenen su\u00e7lara duyars\u0131z kalmakta ve g\u00f6revini ihmal etmektedir.<\/em><\/p>\n<p><em>\u00a0<\/em><\/p>\n<p><em>Daha \u00f6nce de vurgulad\u0131\u011f\u0131m\u0131z taleplerimiz \u015f\u00f6yledir:<\/em><\/p>\n<p><em>1- Hayvan Refah\u0131 Yasas\u0131\u2019ndaki yapt\u0131r\u0131mlar derhal uygulanmal\u0131, hayvanlara yap\u0131lan zul\u00fcm cezas\u0131z kalmamal\u0131d\u0131r. Y\u00fcr\u00fcrl\u00fcteki Yasa , Hayvan Haklar\u0131 Evrensel Beyannamesi ve hayvan \u00f6zg\u00fcrle\u015fmesi ilkelerine g\u00f6re geli\u015ftirilmelidir.<\/em><\/p>\n<p><em>2- E\u011fitim Bakanl\u0131\u011f\u0131nca, okullarda hayvan sevgisi ve hayvan haklar\u0131 dersleri, konferans ve seminerler s\u00fcrekli m\u00fcfredata al\u0131nmal\u0131d\u0131r.<\/em><\/p>\n<p><em>3- Petshoplar ve \u00fcretim \u00e7iftlikleri denetlenmeli, usuls\u00fcz \u00fcretim ve sat\u0131\u015flar derhal durdurulmal\u0131d\u0131r.<\/em><\/p>\n<p><em>4- Avc\u0131lar\u0131n ellerinde bulunan av k\u00f6peklerinin Avc\u0131l\u0131k ve At\u0131c\u0131l\u0131k Federasyonu\u2019na kayd\u0131 ve takibi yap\u0131lmal\u0131d\u0131r.<\/em><\/p>\n<p><em>5- Sokak hayvanlar\u0131n\u0131n a\u015f\u0131lama-k\u0131s\u0131rla\u015ft\u0131rma, bak\u0131m ve k\u00fcpeleme sonras\u0131 sokaklarda insanlarla birlikte ya\u015famas\u0131 sa\u011flanmal\u0131d\u0131r. Bar\u0131naklar da geli\u015ftirilerek d\u0131\u015far\u0131da ya\u015fam\u0131n\u0131 devam ettiremeyen hasta, ya\u015fl\u0131, sakat hayvanlar rehabilite edilmelidir.<\/em><\/p>\n<p><em>6- Hayvan Refah\u0131 Yasas\u0131\u2019n\u0131n uygulan\u0131rl\u0131\u011f\u0131n\u0131, bar\u0131naklar\u0131n genel durumunu denetleyecek ilgili dernek, kurulu\u015f ve hayvansever bireylerin temsil edildi\u011fi kal\u0131c\u0131 \u00e7\u00f6z\u00fcmler \u00fcretecek, belediyelere ba\u011fl\u0131 komiteler olu\u015fturulmal\u0131d\u0131r.<\/em><\/p>\n<p><em>7- Do\u011fal ve k\u00fclt\u00fcrel bir de\u011ferimiz olan e\u015feklerin envanter \u00e7al\u0131\u015fmas\u0131 ivedilikle sonu\u00e7land\u0131r\u0131larak devlet taraf\u0131ndan koruma alt\u0131na al\u0131nmalar\u0131 ve d\u00fczenli olarak beslenme ve sa\u011fl\u0131k kontrollerinin yap\u0131lmas\u0131 sa\u011flanmal\u0131d\u0131r.<\/em><\/p>\n<p><em>8- Kazalarda k\u0131s\u0131rla\u015ft\u0131rma-besleme-bar\u0131nma istasyonlar\u0131 kurulmal\u0131 ve hayvan refah\u0131 i\u00e7in kamu taraf\u0131ndan projeler geli\u015ftirilmelidir.<\/em><\/p>\n<p><em>Bizler, hayvanlar\u0131n haklar\u0131 i\u00e7in t\u00fcm bu taleplerimizn takip\u00e7isi olaca\u011f\u0131z ve taleplerimiz yerine getirilmedik\u00e7e susmayaca\u011f\u0131z, ilgili makamlar\u0131 teker teker ziyaret edip Yasay\u0131 uygulamalar\u0131nda, g\u00f6revlerini yerine getirmelerinde \u0131srarc\u0131 olaca\u011f\u0131z. &#8220;<\/em><\/p>\n","protected":false},"excerpt":{"rendered":"<p>Ta\u015fk\u0131nk\u00f6y&#8217;de ger\u00e7ekle\u015fen hayvan katliam\u0131 ile ilgili olarak\u00a0Hayvan Haklar\u0131 Federasyonu (HAYFED), Pets on Streets, Alt\u0131n Patiler, Cyprus Emergency Foundation For Animals (C.E.F.A), Sessiz Kullar Derne\u011fi, Sevimli<\/p>\n","protected":false},"author":1,"featured_media":2983,"comment_status":"open","ping_status":"open","sticky":false,"template":"","format":"standard","meta":{"jetpack_post_was_ever_published":false,"_jetpack_newsletter_access":"","_jetpack_newsletter_tier_id":0,"jetpack_publicize_message":"","jetpack_is_tweetstorm":false,"jetpack_publicize_feature_enabled":true,"jetpack_social_post_already_shared":true,"jetpack_social_options":{"image_generator_settings":{"template":"highway","enabled":false}}},"categories":[70,21,66,9,1],"tags":[],"jetpack_publicize_connections":[],"jetpack_featured_media_url":"https:\/\/baraka.cc\/wp-content\/uploads\/2015\/05\/vah\u015fet.jpg","jetpack_shortlink":"https:\/\/wp.me\/p4eHWX-M6","jetpack_sharing_enabled":true,"_links":{"self":[{"href":"https:\/\/baraka.cc\/index.php?rest_route=\/wp\/v2\/posts\/2982"}],"collection":[{"href":"https:\/\/baraka.cc\/index.php?rest_route=\/wp\/v2\/posts"}],"about":[{"href":"https:\/\/baraka.cc\/index.php?rest_route=\/wp\/v2\/types\/post"}],"author":[{"embeddable":true,"href":"https:\/\/baraka.cc\/index.php?rest_route=\/wp\/v2\/users\/1"}],"replies":[{"embeddable":true,"href":"https:\/\/baraka.cc\/index.php?rest_route=%2Fwp%2Fv2%2Fcomments&post=2982"}],"version-history":[{"count":2,"href":"https:\/\/baraka.cc\/index.php?rest_route=\/wp\/v2\/posts\/2982\/revisions"}],"predecessor-version":[{"id":2986,"href":"https:\/\/baraka.cc\/index.php?rest_route=\/wp\/v2\/posts\/2982\/revisions\/2986"}],"wp:featuredmedia":[{"embeddable":true,"href":"https:\/\/baraka.cc\/index.php?rest_route=\/wp\/v2\/media\/2983"}],"wp:attachment":[{"href":"https:\/\/baraka.cc\/index.php?rest_route=%2Fwp%2Fv2%2Fmedia&parent=2982"}],"wp:term":[{"taxonomy":"category","embeddable":true,"href":"https:\/\/baraka.cc\/index.php?rest_route=%2Fwp%2Fv2%2Fcategories&post=2982"},{"taxonomy":"post_tag","embeddable":true,"href":"https:\/\/baraka.cc\/index.php?rest_route=%2Fwp%2Fv2%2Ftags&post=2982"}],"curies":[{"name":"wp","href":"https:\/\/api.w.org\/{rel}","templated":true}]}}