{"id":2991,"date":"2015-05-16T23:22:56","date_gmt":"2015-05-16T21:22:56","guid":{"rendered":"https:\/\/baraka.cc\/?p=2991"},"modified":"2015-05-16T23:22:56","modified_gmt":"2015-05-16T21:22:56","slug":"ibrahim-kaypakkaya-aniliyor","status":"publish","type":"post","link":"https:\/\/baraka.cc\/?p=2991","title":{"rendered":"\u0130brahim Kaypakkaya An\u0131l\u0131yor"},"content":{"rendered":"<p><a href=\"https:\/\/baraka.cc\/wp-content\/uploads\/2015\/05\/kaypak.jpg\"><img decoding=\"async\" loading=\"lazy\" class=\"size-medium wp-image-2992 alignleft\" alt=\"kaypak\" src=\"https:\/\/baraka.cc\/wp-content\/uploads\/2015\/05\/kaypak-300x214.jpg\" width=\"300\" height=\"214\" srcset=\"https:\/\/baraka.cc\/wp-content\/uploads\/2015\/05\/kaypak-300x214.jpg 300w, https:\/\/baraka.cc\/wp-content\/uploads\/2015\/05\/kaypak.jpg 960w\" sizes=\"(max-width: 300px) 100vw, 300px\" \/><\/a>T\u00fcrkiye&#8217;nin devrimci \u00f6nderlerinden \u0130brahim Kaypakkaya 18 May\u0131s 2015 Pazartesi ak\u015fam\u0131 G\u00f6nyeli Belediyesi salonunda an\u0131l\u0131yor. Organizat\u00f6rl\u00fc\u011f\u00fcn\u00fc\u00a0BKP-KT\u00d6S-BA\u011eIMSIZLIK YOLU-BES-BASIN SEN-P\u0130R SULTAN ABDAL K\u00dcLT\u00dcR DERNE\u011e\u0130-BARAKA-DKB-\u00dcRET\u0130M SOKA\u011eI&#8217;n\u0131n ortak olarak ger\u00e7ekle\u015ftirecekleri gecede; T\u00fcrkiye&#8217;nin tek kom\u00fcnist partili belediye ba\u015fkan\u0131\u00a0Ovac\u0131k Belediye Ba\u015fkan\u0131 Fatih Mehmet Ma\u00e7o\u011flu da bulunacak&#8230;<\/p>\n<p>T\u00fcm halk\u0131m\u0131z davetlidir&#8230;<\/p>\n<p>&nbsp;<\/p>\n<p>&nbsp;<\/p>\n<p><strong>\u0130brahim Kaypakkaya Kimdir: (kaynak: wikipedia.org)<\/strong><\/p>\n<p>1949 y\u0131l\u0131nda\u00a0<a title=\"\u00c7orum\" href=\"http:\/\/tr.wikipedia.org\/wiki\/%C3%87orum\">\u00c7orum<\/a>&#8216;un\u00a0<a title=\"Sungurlu\" href=\"http:\/\/tr.wikipedia.org\/wiki\/Sungurlu\">Sungurlu<\/a>\u00a0il\u00e7esinin\u00a0<a title=\"Karakaya, Sungurlu\" href=\"http:\/\/tr.wikipedia.org\/wiki\/Karakaya,_Sungurlu\">Karakaya K\u00f6y\u00fc&#8217;nde<\/a>\u00a0do\u011fdu. \u0130lkokulu bitirdikten sonra Hasano\u011flan \u00d6\u011fretmen Okulu&#8217;na girdi. \u00d6\u011fretmen Okulunun ard\u0131ndan\u00a0<a title=\"\u0130stanbul ili\" href=\"http:\/\/tr.wikipedia.org\/wiki\/%C4%B0stanbul_ili\">\u0130stanbul<\/a>&#8216;daki \u00c7apa Y\u00fcksek \u00d6\u011fretmen Okulu&#8217;na ba\u015flad\u0131. Ayn\u0131 zamanda\u00a0<a title=\"\u0130stanbul \u00dcniversitesi Fen Fak\u00fcltesi\" href=\"http:\/\/tr.wikipedia.org\/wiki\/%C4%B0stanbul_%C3%9Cniversitesi_Fen_Fak%C3%BCltesi\">\u0130stanbul \u00dcniversitesi Fen Fak\u00fcltesi<\/a>\u00a0&#8211;\u00a0<a title=\"Fizik\" href=\"http:\/\/tr.wikipedia.org\/wiki\/Fizik\">Fizik<\/a>\u00a0B\u00f6l\u00fcm\u00fc \u00f6\u011frencisi olan Kaypakkaya, sol d\u00fc\u015f\u00fcncelerle burada tan\u0131\u015ft\u0131.\u00a0<a title=\"Mart\" href=\"http:\/\/tr.wikipedia.org\/wiki\/Mart\">Mart<\/a>\u00a0<a title=\"1968\" href=\"http:\/\/tr.wikipedia.org\/wiki\/1968\">1968<\/a>&#8216;de \u00c7apa Fikir Kul\u00fcb\u00fc&#8217;n\u00fcn kurucular\u0131 aras\u0131nda yer ald\u0131. \u00c7apa Fikir Kul\u00fcb\u00fc&#8217;n\u00fcn ba\u015fkan\u0131 olan Kaypakkaya, 6. Filo&#8217;ya kar\u015f\u0131 bildiri yay\u0131nlad\u0131\u011f\u0131 gerek\u00e7esiyle Kas\u0131m 1968&#8217;de okuldan at\u0131ld\u0131.<\/p>\n<p><a title=\"FKF\" href=\"http:\/\/tr.wikipedia.org\/wiki\/FKF\">FKF<\/a>\u00a0ve\u00a0<a title=\"T\u00fcrkiye \u0130\u015f\u00e7i Partisi\" href=\"http:\/\/tr.wikipedia.org\/wiki\/T%C3%BCrkiye_%C4%B0%C5%9F%C3%A7i_Partisi\">T\u0130P<\/a>\u00a0i\u00e7inde ortaya \u00e7\u0131kan ayr\u0131\u015fmada\u00a0<a title=\"Mill\u00ee Demokratik Devrim\" href=\"http:\/\/tr.wikipedia.org\/wiki\/Mill%C3%AE_Demokratik_Devrim\">Mill\u00ee Demokratik Devrim<\/a>\u00a0(MDD) tezini savunan kesimde yer ald\u0131.\u00a0<a title=\"\u0130\u015f\u00e7i-K\u00f6yl\u00fc (sayfa mevcut de\u011fil)\" href=\"http:\/\/tr.wikipedia.org\/w\/index.php?title=%C4%B0%C5%9F%C3%A7i-K%C3%B6yl%C3%BC&amp;action=edit&amp;redlink=1\">\u0130\u015f\u00e7i-K\u00f6yl\u00fc<\/a>\u00a0gazetesinin \u0130stanbul&#8217;daki b\u00fcrosunda \u00e7al\u0131\u015fan Kaypakkaya, Ayd\u0131nl\u0131k ve T\u00fcrk Solu dergilerine yaz\u0131lar yazd\u0131. Ayd\u0131nl\u0131k i\u00e7inde meydana gelen ayr\u0131\u015fmada<a title=\"Do\u011fu Perin\u00e7ek\" href=\"http:\/\/tr.wikipedia.org\/wiki\/Do%C4%9Fu_Perin%C3%A7ek\">Do\u011fu Perin\u00e7ek<\/a>&#8216;in ba\u015f\u0131n\u0131 \u00e7ekti\u011fi PDA kanad\u0131nda yer ald\u0131. 1972 y\u0131l\u0131na kadar PDA (<a title=\"T\u00fcrkiye \u0130htilalci \u0130\u015f\u00e7i K\u00f6yl\u00fc Partisi\" href=\"http:\/\/tr.wikipedia.org\/wiki\/T%C3%BCrkiye_%C4%B0htilalci_%C4%B0%C5%9F%C3%A7i_K%C3%B6yl%C3%BC_Partisi\">T\u0130\u0130KP<\/a>) saflar\u0131nda \u00e7al\u0131\u015ft\u0131 ve DABK \u00fcyesi olarak g\u00f6rev yapt\u0131. Bu tarihte PDA ile yollar\u0131 ayr\u0131ld\u0131. Do\u011fu Perin\u00e7ek ve \u00e7evresinin sapt\u0131r\u0131mc\u0131 (revizyonist) ve f\u0131rsat\u00e7\u0131 (oportunist) olduklar\u0131n\u0131 iddia eden Kaypakkaya, ayr\u0131l\u0131k sonras\u0131nda\u00a0<a title=\"TKP\/ML T\u0130KKO\" href=\"http:\/\/tr.wikipedia.org\/wiki\/TKP\/ML_T%C4%B0KKO\">TKP\/ML T\u0130KKO<\/a>&#8216;yu kurdu.<\/p>\n<p><a title=\"TKP\/ML\" href=\"http:\/\/tr.wikipedia.org\/wiki\/TKP\/ML\">TKP\/ML<\/a>\u00a0faaliyetlerinin yo\u011funla\u015ft\u0131\u011f\u0131\u00a0<a title=\"\u00c7emi\u015fgezek, Tunceli\" href=\"http:\/\/tr.wikipedia.org\/wiki\/%C3%87emi%C5%9Fgezek,_Tunceli\">\u00c7emi\u015fgezek<\/a>\u00a0b\u00f6lgesinde m\u00fccadele ederken, 24 Ocak 1973&#8217;de Tunceli\/\u00c7emi\u015fgezek il\u00e7esi\u00a0<a title=\"Vartinik\" href=\"http:\/\/tr.wikipedia.org\/wiki\/Vartinik\">Vartinik<\/a>\u00a0<a title=\"K\u00f6y\" href=\"http:\/\/tr.wikipedia.org\/wiki\/K%C3%B6y\">k\u00f6y\u00fc<\/a>\u00a0<a title=\"Mirik (sayfa mevcut de\u011fil)\" href=\"http:\/\/tr.wikipedia.org\/w\/index.php?title=Mirik&amp;action=edit&amp;redlink=1\">Mirik<\/a>\u00a0<a title=\"Mezra\" href=\"http:\/\/tr.wikipedia.org\/wiki\/Mezra\">mezras\u0131nda<\/a>\u00a0kolluk g\u00fc\u00e7leri taraf\u0131ndan bulundu\u011fu k\u00f6y\u00fcn etraf\u0131 sar\u0131lm\u0131\u015f, \u00e7at\u0131\u015fma s\u0131ras\u0131nda T\u0130KKO&#8217;nun ilk komutanlar\u0131ndan\u00a0<a title=\"Ali Haydar Y\u0131ld\u0131z\" href=\"http:\/\/tr.wikipedia.org\/wiki\/Ali_Haydar_Y%C4%B1ld%C4%B1z\">Ali Haydar Y\u0131ld\u0131z<\/a>\u00a0ya\u015fam\u0131n\u0131 yitirirken, Kaypakkaya yaral\u0131 olarak \u00e7at\u0131\u015fma alan\u0131ndan uzakla\u015fm\u0131\u015ft\u0131r. Be\u015f g\u00fcn sonra kendisinin sakland\u0131\u011f\u0131 k\u00f6ydeki bir \u00f6\u011fretmenin ihbar\u0131yla yakalanm\u0131\u015ft\u0131r.<\/p>\n<p>\u00c7at\u0131\u015fmada botlar\u0131n\u0131 kaybetti\u011fi ve yaral\u0131 oldu\u011fu halde kas\u0131tl\u0131 olarak saatlerce y\u00fcr\u00fct\u00fclmesi nedeniyle ayaklar\u0131n\u0131n hissizle\u015fti\u011fi iddia edilmektedir. Bunun sonucunda kald\u0131r\u0131ld\u0131\u011f\u0131 hastanede ayak parmaklar\u0131 kesilmi\u015ftir.<sup id=\"cite_ref-tbmm_1-0\"><a href=\"http:\/\/tr.wikipedia.org\/wiki\/%C4%B0brahim_Kaypakkaya#cite_note-tbmm-1\">[1]<\/a><\/sup><\/p>\n<p>\u0130brahim Kaypakkaya, Diyarbak\u0131r&#8217;da s\u00fcren d\u00f6rt ayl\u0131k sorgulama ve i\u015fkence (parmaklar\u0131n\u0131n, ellerinin, ayaklar\u0131n\u0131n kesilmesi gibi) s\u00fcrecinden sonra, mahkemeye \u00e7\u0131kart\u0131lmas\u0131na az bir zaman kala, 18 May\u0131s 1973&#8217;te ya\u015fama veda etti. \u00d6l\u00fcm sebebi kay\u0131tlara\u00a0<i><a title=\"\u0130ntihar\" href=\"http:\/\/tr.wikipedia.org\/wiki\/%C4%B0ntihar\">intihar<\/a><\/i>\u00a0olarak ge\u00e7mi\u015ftir.<\/p>\n<p>\u0130ki g\u00fcn sonra babas\u0131na cans\u0131z bedeni teslim edildi. \u00d6l\u00fcm\u00fc d\u00f6nemin ba\u011f\u0131ms\u0131z milletvekili\u00a0<a title=\"Mehmet Ali Aybar\" href=\"http:\/\/tr.wikipedia.org\/wiki\/Mehmet_Ali_Aybar\">Mehmet Ali Aybar<\/a>\u00a0taraf\u0131ndan bir soru \u00f6nergesiyle\u00a0<a title=\"T\u00fcrkiye B\u00fcy\u00fck Millet Meclisi\" href=\"http:\/\/tr.wikipedia.org\/wiki\/T%C3%BCrkiye_B%C3%BCy%C3%BCk_Millet_Meclisi\">T\u00fcrkiye B\u00fcy\u00fck Millet Meclisi<\/a>&#8216;ne getirildi.<\/p>\n<p>Mezar\u0131, do\u011fum yeri olan\u00a0<a title=\"Karakaya, Sungurlu\" href=\"http:\/\/tr.wikipedia.org\/wiki\/Karakaya,_Sungurlu\">Karakaya<\/a>&#8216;dad\u0131r.<\/p>\n<p>Kaypakkaya&#8217;n\u0131n yaz\u0131lar\u0131n\u0131n topland\u0131\u011f\u0131\u00a0<i>Se\u00e7me Yaz\u0131lar<\/i>\u00a0adl\u0131 bir kitab\u0131 vard\u0131r.<\/p>\n<p>&nbsp;<\/p>\n","protected":false},"excerpt":{"rendered":"<p>T\u00fcrkiye&#8217;nin devrimci \u00f6nderlerinden \u0130brahim Kaypakkaya 18 May\u0131s 2015 Pazartesi ak\u015fam\u0131 G\u00f6nyeli Belediyesi salonunda an\u0131l\u0131yor. Organizat\u00f6rl\u00fc\u011f\u00fcn\u00fc\u00a0BKP-KT\u00d6S-BA\u011eIMSIZLIK YOLU-BES-BASIN SEN-P\u0130R SULTAN ABDAL K\u00dcLT\u00dcR DERNE\u011e\u0130-BARAKA-DKB-\u00dcRET\u0130M SOKA\u011eI&#8217;n\u0131n ortak olarak ger\u00e7ekle\u015ftirecekleri<\/p>\n","protected":false},"author":1,"featured_media":2993,"comment_status":"open","ping_status":"open","sticky":false,"template":"","format":"standard","meta":{"jetpack_post_was_ever_published":false,"_jetpack_newsletter_access":"","_jetpack_newsletter_tier_id":0,"jetpack_publicize_message":"","jetpack_is_tweetstorm":false,"jetpack_publicize_feature_enabled":true,"jetpack_social_post_already_shared":true,"jetpack_social_options":{"image_generator_settings":{"template":"highway","enabled":false}}},"categories":[57,9,1],"tags":[],"jetpack_publicize_connections":[],"jetpack_featured_media_url":"https:\/\/baraka.cc\/wp-content\/uploads\/2015\/05\/ka.jpg","jetpack_shortlink":"https:\/\/wp.me\/p4eHWX-Mf","jetpack_sharing_enabled":true,"_links":{"self":[{"href":"https:\/\/baraka.cc\/index.php?rest_route=\/wp\/v2\/posts\/2991"}],"collection":[{"href":"https:\/\/baraka.cc\/index.php?rest_route=\/wp\/v2\/posts"}],"about":[{"href":"https:\/\/baraka.cc\/index.php?rest_route=\/wp\/v2\/types\/post"}],"author":[{"embeddable":true,"href":"https:\/\/baraka.cc\/index.php?rest_route=\/wp\/v2\/users\/1"}],"replies":[{"embeddable":true,"href":"https:\/\/baraka.cc\/index.php?rest_route=%2Fwp%2Fv2%2Fcomments&post=2991"}],"version-history":[{"count":1,"href":"https:\/\/baraka.cc\/index.php?rest_route=\/wp\/v2\/posts\/2991\/revisions"}],"predecessor-version":[{"id":2994,"href":"https:\/\/baraka.cc\/index.php?rest_route=\/wp\/v2\/posts\/2991\/revisions\/2994"}],"wp:featuredmedia":[{"embeddable":true,"href":"https:\/\/baraka.cc\/index.php?rest_route=\/wp\/v2\/media\/2993"}],"wp:attachment":[{"href":"https:\/\/baraka.cc\/index.php?rest_route=%2Fwp%2Fv2%2Fmedia&parent=2991"}],"wp:term":[{"taxonomy":"category","embeddable":true,"href":"https:\/\/baraka.cc\/index.php?rest_route=%2Fwp%2Fv2%2Fcategories&post=2991"},{"taxonomy":"post_tag","embeddable":true,"href":"https:\/\/baraka.cc\/index.php?rest_route=%2Fwp%2Fv2%2Ftags&post=2991"}],"curies":[{"name":"wp","href":"https:\/\/api.w.org\/{rel}","templated":true}]}}