{"id":2997,"date":"2015-05-19T22:39:31","date_gmt":"2015-05-19T20:39:31","guid":{"rendered":"https:\/\/baraka.cc\/?p=2997"},"modified":"2015-05-19T22:39:31","modified_gmt":"2015-05-19T20:39:31","slug":"kaypakkaya-anildi","status":"publish","type":"post","link":"https:\/\/baraka.cc\/?p=2997","title":{"rendered":"Kaypakkaya An\u0131ld\u0131"},"content":{"rendered":"<p><a href=\"https:\/\/baraka.cc\/wp-content\/uploads\/2015\/05\/11328928_10153023415832762_1056651516_n.jpg\"><img decoding=\"async\" loading=\"lazy\" class=\"size-medium wp-image-2998 alignleft\" alt=\"11328928_10153023415832762_1056651516_n\" src=\"https:\/\/baraka.cc\/wp-content\/uploads\/2015\/05\/11328928_10153023415832762_1056651516_n-300x168.jpg\" width=\"300\" height=\"168\" srcset=\"https:\/\/baraka.cc\/wp-content\/uploads\/2015\/05\/11328928_10153023415832762_1056651516_n-300x168.jpg 300w, https:\/\/baraka.cc\/wp-content\/uploads\/2015\/05\/11328928_10153023415832762_1056651516_n.jpg 960w\" sizes=\"(max-width: 300px) 100vw, 300px\" \/><\/a>T\u00fcrkiye\u2019nin devrimci \u00f6nderlerinden \u0130brahim Kaypakkaya 18 May\u0131s 2015 Pazartesi ak\u015fam\u0131 G\u00f6nyeli Belediyesi salonunda an\u0131ld\u0131. Organizat\u00f6rl\u00fc\u011f\u00fcn\u00fc\u00a0BKP-KT\u00d6S-BA\u011eIMSIZLIK YOLU-BES-BASIN SEN-P\u0130R SULTAN ABDAL K\u00dcLT\u00dcR DERNE\u011e\u0130-BARAKA-DKB-\u00dcRET\u0130M SOKA\u011eI\u2019n\u0131n ortak olarak ger\u00e7ekle\u015ftirdikleri gecede; T\u00fcrkiye\u2019nin tek kom\u00fcnist partili belediye ba\u015fkan\u0131\u00a0Ovac\u0131k Belediye Ba\u015fkan\u0131 Fatih Mehmet Ma\u00e7o\u011flu da haz\u0131r bulundu\u2026<\/p>\n<p>&nbsp;<\/p>\n<p>Gecenin www.anakaradegillefkosa.org sitesinde yay\u0131nlanan haberi i\u00e7in:<\/p>\n<blockquote class=\"wp-embedded-content\" data-secret=\"gTOpUk7KfE\"><p><a href=\"http:\/\/www.ankaradegillefkosa.org\/ibrahim-kaypakkaya-anildi\/\">\u0130brahim Kaypakkaya an\u0131ld\u0131<\/a><\/p><\/blockquote>\n<p><iframe class=\"wp-embedded-content\" sandbox=\"allow-scripts\" security=\"restricted\" style=\"position: absolute; clip: rect(1px, 1px, 1px, 1px);\" title=\"&#8220;\u0130brahim Kaypakkaya an\u0131ld\u0131&#8221; &#8212; Ankara De\u011fil Lefko\u015fa\" src=\"http:\/\/www.ankaradegillefkosa.org\/ibrahim-kaypakkaya-anildi\/embed\/#?secret=pPXhsIRIAp#?secret=gTOpUk7KfE\" data-secret=\"gTOpUk7KfE\" width=\"600\" height=\"338\" frameborder=\"0\" marginwidth=\"0\" marginheight=\"0\" scrolling=\"no\"><\/iframe><\/p>\n<p><a href=\"https:\/\/baraka.cc\/wp-content\/uploads\/2015\/05\/11289882_10153023415702762_39911705_n.jpg\"><img decoding=\"async\" loading=\"lazy\" class=\"alignnone size-medium wp-image-2999\" alt=\"11289882_10153023415702762_39911705_n\" src=\"https:\/\/baraka.cc\/wp-content\/uploads\/2015\/05\/11289882_10153023415702762_39911705_n-300x168.jpg\" width=\"300\" height=\"168\" srcset=\"https:\/\/baraka.cc\/wp-content\/uploads\/2015\/05\/11289882_10153023415702762_39911705_n-300x168.jpg 300w, https:\/\/baraka.cc\/wp-content\/uploads\/2015\/05\/11289882_10153023415702762_39911705_n.jpg 960w\" sizes=\"(max-width: 300px) 100vw, 300px\" \/><\/a><\/p>\n<p>&nbsp;<\/p>\n","protected":false},"excerpt":{"rendered":"<p>T\u00fcrkiye\u2019nin devrimci \u00f6nderlerinden \u0130brahim Kaypakkaya 18 May\u0131s 2015 Pazartesi ak\u015fam\u0131 G\u00f6nyeli Belediyesi salonunda an\u0131ld\u0131. Organizat\u00f6rl\u00fc\u011f\u00fcn\u00fc\u00a0BKP-KT\u00d6S-BA\u011eIMSIZLIK YOLU-BES-BASIN SEN-P\u0130R SULTAN ABDAL K\u00dcLT\u00dcR DERNE\u011e\u0130-BARAKA-DKB-\u00dcRET\u0130M SOKA\u011eI\u2019n\u0131n ortak olarak ger\u00e7ekle\u015ftirdikleri<\/p>\n","protected":false},"author":1,"featured_media":2998,"comment_status":"open","ping_status":"open","sticky":false,"template":"","format":"standard","meta":{"jetpack_post_was_ever_published":false,"_jetpack_newsletter_access":"","_jetpack_newsletter_tier_id":0,"jetpack_publicize_message":"","jetpack_is_tweetstorm":false,"jetpack_publicize_feature_enabled":true,"jetpack_social_post_already_shared":true,"jetpack_social_options":{"image_generator_settings":{"template":"highway","enabled":false}}},"categories":[57,9,1],"tags":[],"jetpack_publicize_connections":[],"jetpack_featured_media_url":"https:\/\/baraka.cc\/wp-content\/uploads\/2015\/05\/11328928_10153023415832762_1056651516_n.jpg","jetpack_shortlink":"https:\/\/wp.me\/p4eHWX-Ml","jetpack_sharing_enabled":true,"_links":{"self":[{"href":"https:\/\/baraka.cc\/index.php?rest_route=\/wp\/v2\/posts\/2997"}],"collection":[{"href":"https:\/\/baraka.cc\/index.php?rest_route=\/wp\/v2\/posts"}],"about":[{"href":"https:\/\/baraka.cc\/index.php?rest_route=\/wp\/v2\/types\/post"}],"author":[{"embeddable":true,"href":"https:\/\/baraka.cc\/index.php?rest_route=\/wp\/v2\/users\/1"}],"replies":[{"embeddable":true,"href":"https:\/\/baraka.cc\/index.php?rest_route=%2Fwp%2Fv2%2Fcomments&post=2997"}],"version-history":[{"count":1,"href":"https:\/\/baraka.cc\/index.php?rest_route=\/wp\/v2\/posts\/2997\/revisions"}],"predecessor-version":[{"id":3000,"href":"https:\/\/baraka.cc\/index.php?rest_route=\/wp\/v2\/posts\/2997\/revisions\/3000"}],"wp:featuredmedia":[{"embeddable":true,"href":"https:\/\/baraka.cc\/index.php?rest_route=\/wp\/v2\/media\/2998"}],"wp:attachment":[{"href":"https:\/\/baraka.cc\/index.php?rest_route=%2Fwp%2Fv2%2Fmedia&parent=2997"}],"wp:term":[{"taxonomy":"category","embeddable":true,"href":"https:\/\/baraka.cc\/index.php?rest_route=%2Fwp%2Fv2%2Fcategories&post=2997"},{"taxonomy":"post_tag","embeddable":true,"href":"https:\/\/baraka.cc\/index.php?rest_route=%2Fwp%2Fv2%2Ftags&post=2997"}],"curies":[{"name":"wp","href":"https:\/\/api.w.org\/{rel}","templated":true}]}}