{"id":3002,"date":"2015-05-19T23:01:06","date_gmt":"2015-05-19T21:01:06","guid":{"rendered":"https:\/\/baraka.cc\/?p=3002"},"modified":"2015-05-19T23:01:06","modified_gmt":"2015-05-19T21:01:06","slug":"direnisin-kisa-adi-aoa-ismail-ozucar","status":"publish","type":"post","link":"https:\/\/baraka.cc\/?p=3002","title":{"rendered":"D\u0130REN\u0130\u015e\u0130N KISA ADI: A\u00d6A &#8211; \u0130smail \u00d6zu\u00e7ar"},"content":{"rendered":"<p><em><a href=\"https:\/\/baraka.cc\/wp-content\/uploads\/2015\/05\/DSCF4133.jpg\"><img decoding=\"async\" loading=\"lazy\" class=\"size-medium wp-image-3003 alignleft\" alt=\"DSCF4133\" src=\"https:\/\/baraka.cc\/wp-content\/uploads\/2015\/05\/DSCF4133-300x225.jpg\" width=\"300\" height=\"225\" srcset=\"https:\/\/baraka.cc\/wp-content\/uploads\/2015\/05\/DSCF4133-300x225.jpg 300w, https:\/\/baraka.cc\/wp-content\/uploads\/2015\/05\/DSCF4133-1024x768.jpg 1024w\" sizes=\"(max-width: 300px) 100vw, 300px\" \/><\/a>A\u015fa\u011f\u0131da okuyaca\u011f\u0131n\u0131z yaz\u0131 bundan be\u015f y\u0131l \u00f6nce Haziran 2010&#8217;da yaz\u0131ld\u0131 ve dergimiz argasdi&#8217;nin 19. say\u0131s\u0131nda yay\u0131nland\u0131&#8230; Yaz\u0131da o d\u00f6nem \u00fclkeyi sarsan Akademi Direni\u015fi&#8217;nin nas\u0131l ortaya \u00e7\u0131kt\u0131\u011f\u0131 ve direni\u015f boyunca neler ya\u015fand\u0131\u011f\u0131 \u00f6zetleniyor ve bu m\u00fccadeleden dersler \u00e7\u0131kar\u0131l\u0131yor&#8230;\u00a0Ancak belli ki, egemenler ve sermaye, h\u00fck\u00fcmet ve YD\u00dc hala gerekli dersi alamam\u0131\u015f ve hala A\u00d6A \u00fczerinde oyunlar oynan\u0131yor&#8230; \u00dcstelik gene okul \u00f6ncesi b\u00f6l\u00fcm\u00fc, gene A\u00d6A&#8217;n\u0131n paras\u0131z \u00fcniversite olmas\u0131 olgusuna m\u00fcdahale ile&#8230;\u00a0<\/em><\/p>\n<p><em>O halde &#8220;bir ders daha almalar\u0131n\u0131n vaktidir&#8221; diyor ve Baraka olarak 10 y\u0131ld\u0131r (ilk ortaya \u00e7\u0131kt\u0131\u011f\u0131 2005 y\u0131l\u0131ndan beridir) teredd\u00fcts\u00fcz bir \u015fekilde detsekledi\u011fimiz A\u00d6A&#8217;y\u0131 bu s\u00fcre\u00e7te de yaln\u0131z b\u0131rakmayaca\u011f\u0131m\u0131z\u0131 vurguluyoruz&#8230;<\/em><\/p>\n<p>&nbsp;<\/p>\n<p><b>D\u0130REN\u0130\u015e\u0130N KISA ADI \u201cA\u00d6A\u201d<\/b><\/p>\n<p>&nbsp;<\/p>\n<p>\u0130smail \u00d6zu\u00e7ar<\/p>\n<p><b>\u00a0<\/b><\/p>\n<p>Son y\u0131llarda t\u00fcm d\u00fcnyada etkisini g\u00f6steren neo liberal politikalar \u00fclkemizde de her h\u00fck\u00fcmet d\u00f6neminde y\u00fcr\u00fcrl\u00fckte kalmaktad\u0131r. Ge\u00e7mi\u015f h\u00fck\u00fcmetler d\u00f6neminde ba\u015flayan ve g\u00fcn\u00fcm\u00fcz h\u00fck\u00fcmeti d\u00f6neminde de s\u00fcregelen \u00f6zelle\u015ftirme politikalar\u0131 t\u00fcm h\u0131z\u0131yla devam etmektedir. Israrla sermayeye kucak a\u00e7an, asimilasyon ve entegrasyon politikalar\u0131na katk\u0131 koyan ama sanki halk\u0131n partisiymi\u015f gibi s\u00f6ylemleri olan iktidarlara halk\u0131m\u0131z hala kanmakta ve dur diyememektedir. Baz\u0131lar\u0131 AB, \u00e7\u00f6z\u00fcm, bar\u0131\u015f politikalar\u0131 yaparak, baz\u0131lar\u0131ysa milliyet\u00e7i ve anavatanc\u0131 tak\u0131larak halk\u0131n haklar\u0131n\u0131 satmaya ya da sat\u0131n almaya devam etmektedir. K\u0131saca farkl\u0131 s\u00f6ylemler de olsa yap\u0131lan i\u015f yine ayni. Sermayeye pe\u015fke\u015f \u00e7ekilen devlet kurumlar\u0131n\u0131n, kamusal alanlar\u0131n ard\u0131 arkas\u0131 kesilmemektedir. H\u00fck\u00fcmetler devlet kurumlar\u0131na \u00f6nem vermemekte ve \u00f6zel kurumlara; \u00f6zelle\u015ftirmeye prim vermektedir. Bir\u00e7ok alanda -sa\u011fl\u0131k, sosyal g\u00fcvenlik, e\u011fitim- \u00f6zelle\u015ftirme politikalar\u0131 \u201cbiz halk i\u00e7in \u00e7al\u0131\u015f\u0131yoruz\u201d k\u0131l\u0131flar\u0131na sokularak ba\u015far\u0131lmakta, bir\u00e7ok alanda da bu hala denenmekte ve ba\u015far\u0131l\u0131 denilecek seviyede etkisini g\u00f6sterebilmektedir. Telefon hizmetleri \u00f6zele devredilmi\u015f, Elektrik Kurumu\u2019nun devri i\u00e7in kurum, bor\u00e7land\u0131r\u0131l\u0131p iflas\u0131n e\u015fi\u011fine getirilmi\u015f ve K\u0131br\u0131s T\u00fcrk Hava Yollar\u0131 siyasiler taraf\u0131ndan bor\u00e7 havuzuna terk edilmi\u015ftir. Sa\u011fl\u0131kla ilgili devletin verdi\u011fi hizmetlerin kalitesi yeterli mali katk\u0131 olmad\u0131\u011f\u0131ndan bilin\u00e7li olarak geriletilip, \u00f6zel hastanelerin kurulmas\u0131 i\u00e7in devlet kaynaklar\u0131 buralara aktar\u0131l\u0131r duruma gelmi\u015ftir. 1937\u2019den beri planl\u0131 ve programl\u0131 bir bi\u00e7imde \u00f6\u011frenci al\u0131p yeti\u015ftiren, K\u0131br\u0131sl\u0131 T\u00fcrk toplumunun k\u00fclt\u00fcr\u00fcn\u00fc koruyan, devlet planlama \u00f6rg\u00fct\u00fcn\u00fcn verilerine g\u00f6re sistemli bir bi\u00e7imde \u00e7al\u0131\u015fan, \u00f6\u011frenciye m\u00fc\u015fteri g\u00f6z\u00fcyle bakmay\u0131p paras\u0131z e\u011fitim veren ve sosyal devlet anlay\u0131\u015f\u0131n\u0131n, kamusal e\u011fitimin son kalesi olan Atat\u00fcrk \u00d6\u011fretmen Akademisi\u2019nin kapat\u0131lma veya \u00f6zelle\u015ftirilme s\u00fcrecini ba\u015flatan;<b> <\/b>Milli E\u011fitim Gen\u00e7lik ve Spor Bakan\u0131 Kemal D\u00fcr\u00fcst\u2019\u00fcn YD\u00dc\u2019n\u00fcn Okul \u00d6ncesi \u00d6\u011fretmenli\u011fi lisans program\u0131 a\u00e7ma ba\u015fvurusuna onay verdi\u011fini i\u00e7eren yaz\u0131y\u0131 imzalay\u0131p, gereken \u201ca\u00e7ma \u00f6n izni\u201d vermesi ise t\u00fcm bu ya\u015fananlara tuz biber olmu\u015ftur.<\/p>\n<p><a href=\"https:\/\/baraka.cc\/wp-content\/uploads\/2015\/05\/aoa2.jpg\"><img decoding=\"async\" loading=\"lazy\" class=\"size-medium wp-image-3005 alignleft\" alt=\"aoa2\" src=\"https:\/\/baraka.cc\/wp-content\/uploads\/2015\/05\/aoa2-300x200.jpg\" width=\"300\" height=\"200\" srcset=\"https:\/\/baraka.cc\/wp-content\/uploads\/2015\/05\/aoa2-300x200.jpg 300w, https:\/\/baraka.cc\/wp-content\/uploads\/2015\/05\/aoa2.jpg 640w\" sizes=\"(max-width: 300px) 100vw, 300px\" \/><\/a>Tam bu noktada akla iki soru gelmelidir; Milli E\u011fitim, Gen\u00e7lik ve Spor Bakanl\u0131\u011f\u0131\u2019n\u0131n YD\u00dc\u2019n\u00fcn Okul \u00d6ncesi \u00d6\u011fretmenli\u011fi b\u00f6l\u00fcm\u00fcne vermi\u015f oldu\u011fu a\u00e7ma \u00f6n izni nedir ve bu nelere yol a\u00e7acakt\u0131r? \u0130kinci sorunun cevab\u0131na yaz\u0131n\u0131n ilerleyen k\u0131sm\u0131nda yer verilecektir. Bu izin tabiri caizse h\u00fck\u00fcmetin YD\u00dc\u2019n\u00fcn sahibi Suat G\u00fcnsel\u2019e vermi\u015f oldu\u011fu sus pay\u0131d\u0131r, r\u00fc\u015fvettir. Baz\u0131 \u201cs\u00f6ylentilere\u201d g\u00f6re YD\u00dc\u2019n\u00fcn neredeyse yan\u0131 say\u0131lacak bir b\u00f6lgeye \u00fcnl\u00fc cemaat liderlerinden Fettullah G\u00fclen sermayesine ait okullar zincirinin bir halkas\u0131 olan TED kolejinin yap\u0131m\u0131 i\u00e7in izin verilir. Di\u011fer bir g\u00fc\u00e7l\u00fc sermaye olan Suat G\u00fcnsel ise buna sert bir tepki verir. Bu sert tepkiye kar\u015f\u0131 koyamayaca\u011f\u0131n\u0131 anlayan kukla h\u00fck\u00fcmetse i\u015fte bu noktada YD\u00dc\u2019n\u00fcn ilgili b\u00f6l\u00fcm\u00fcne a\u00e7ma \u00f6n izni vererek bu pisli\u011fini \u00f6rt bas etmeye \u00e7al\u0131\u015f\u0131r. Bu a\u00e7ma \u00f6n iznine kar\u015f\u0131l\u0131k olarak YD\u00dc\u2019n\u00fcn sahibi Suat G\u00fcnsel h\u00fck\u00fcmete Sosyal Sigorta Emeklilerinin maa\u015flar\u0131n\u0131n \u00f6denmesi i\u00e7in 15 Milyon TL \u00f6deme yapar. (Kaz gelecek yerden tavuk esirgenmez misali) \u0130\u015fte bu noktada t\u00fcm bu kapal\u0131 kap\u0131lar ard\u0131nda at\u0131lan imzalar\u0131n da, verilen s\u00f6zlerin de kokusu yava\u015f\u00e7a ortaya \u00e7\u0131kmaya ba\u015flar. Sermaye ve politikac\u0131 ikilisi oyununu yine oynam\u0131\u015ft\u0131r.<\/p>\n<p>T\u00fcm bu pis kokular ortaya \u00e7\u0131kt\u0131\u011f\u0131 zamansa bu imzadan ilk anda nasibini alacak olan A\u00d6A \u00d6\u011frencileri hemen eylem karar\u0131 al\u0131r. \u00d6ncelikle bir bas\u0131n a\u00e7\u0131klamas\u0131yla ba\u015flarlar eylemliliklerine ve ba\u015flar ba\u015flamaz tehditler gelir turuncu zehir ta\u015f\u0131yan iktidarlardan. Kendileri gelmez, piyonlar\u0131n\u0131 s\u00fcrerler oyuna. \u00d6nce okuldaki piyonlar\u0131n\u0131 sonra yan\u0131ndakileri g\u00f6nderirler eylemlilikte kararl\u0131 \u00f6\u011frencilerin kar\u015f\u0131s\u0131na. Bu hi\u00e7bir i\u015fe yaramaz; \u00f6\u011frenciler alk\u0131\u015flarla protesto ederek g\u00f6nderir bunlar\u0131 okulundan. Bundan b\u00f6yle her g\u00fcn yollarda olmaya karar verir A\u00d6A \u00d6\u011frencileri \u00e7\u00fcnk\u00fc bilirler; bu i\u015fin \u00e7\u00f6z\u00fcm\u00fc sokakta. Dersleri boykot ederek direni\u015fi ba\u015flat\u0131rlar. Her g\u00fcn farkl\u0131 bir eylemlilikle bas\u0131nda yer bulur A\u00d6A \u00d6\u011frencileri; bir g\u00fcn okulun korosuyla,\u00a0 dart tak\u0131m\u0131yla, tiyatro ekibiyle \u201cE\u011fitim\u201d Bakanl\u0131\u011f\u0131 \u00f6n\u00fcnde; ba\u015fka g\u00fcn ise masallarla, kuklalarla, ske\u00e7lerle, bildirilerle, sloganlarla Ba\u015fbakanl\u0131\u011f\u0131n \u00f6n\u00fcnde. \u2018Paras\u0131z e\u011fitim, demokratik y\u00f6netim!\u2019, \u2018E\u011fitim hakt\u0131r, para ile sat\u0131lmaz!\u2019 \u2018Rengimiz belirsiz, e\u011fitim hakk\u0131m\u0131z!\u2019 \u2018Devlet eliyle planl\u0131 e\u011fitim\u2019 diye hayk\u0131rarak sokaklara d\u00fc\u015ferler ve megafondan y\u00fckseldik\u00e7e sloganlar, sloganlar\u0131n \u015fekli de de\u011fi\u015fir; \u2018Akademi y\u00fcr\u00fcyor, direni\u015f b\u00fcy\u00fcyor!\u2019, \u2018Birlik, m\u00fccadele, dayan\u0131\u015fma!\u2019 sesleri y\u00fckselir \u00e7\u00fcnk\u00fc art\u0131k hakl\u0131 direni\u015flerinden. Yanlar\u0131nda yeterli olmasa da daha \u00e7ok toplumsal destek vard\u0131r. 12 Nisan 2010\u2019da A\u00d6A \u00d6\u011frencileri\u2019nin Bakanl\u0131k \u00f6n\u00fcnde yapm\u0131\u015f olduklar\u0131 eylemden sonra eyleme destek veren Bandista devrimci m\u00fczik grubuyla birlikte \u201c\u00d6zg\u00fcrl\u00fck\u201d An\u0131t\u0131\u2019na girip buraya A\u00d6A Direni\u015f \u00c7ad\u0131rlar\u0131\u2019n\u0131 kurarlar ve eylemlili\u011fe \u00e7ad\u0131r eylemiyle devam ederler. Bu \u00e7ad\u0131rlar\u0131n bozulmas\u0131 i\u00e7in 40\u2019a yak\u0131n sivil ve \u00fcniformal\u0131 coplu polis g\u00f6nderilir ama \u00e7ad\u0131rlara m\u00fcdahale edilmez. (Demokratik olduklar\u0131ndan de\u011fil, se\u00e7imlerde oy kaybetmeme kayg\u0131s\u0131yla m\u00fcdahale edilmedi yoksa UBP\u2019nin fa\u015fist y\u00f6ntemlerini G\u00f6\u00e7 Yasas\u0131 s\u00fcrecinden hat\u0131rl\u0131yoruz.) Sendikalar ve \u00f6rg\u00fctler eylemlere temsilcilerini g\u00f6ndererek destek bildirirler ama temsilcileri de\u011fil, kitleleri gerekmektedir \u00f6\u011frencilere. En ba\u015f\u0131ndan beri bunun fark\u0131nda olan A\u00d6A \u00d6\u011frencileri, di\u011fer sendika &#8211; \u00f6rg\u00fctlerin aksine iyi niyeti yeterli bulmay\u0131p gerek maddi gerekse manevi deste\u011fiyle s\u00fcre\u00e7te hep var olan KT\u00d6S y\u00f6neticileri 15 Nisan 2010 tarihinde s\u00fcrece destek veren t\u00fcm sendika temsilcileri, \u00f6rg\u00fctler, ve en \u00f6nemlisi \u00f6\u011frenci aileleriyle birlikte b\u00fcy\u00fck bir miting d\u00fczenlerler. Buradan da bakanl\u0131\u011fa b\u00fcy\u00fck bir y\u00fcr\u00fcy\u00fc\u015f yap\u0131l\u0131r ve E\u011fitim Bakanl\u0131\u011f\u0131 t\u00fcm engellemelere ra\u011fmen kitle taraf\u0131ndan i\u015fgal edilir. Bu i\u015fgale ra\u011fmen Cumhurba\u015fkanl\u0131\u011f\u0131 se\u00e7imi \u00f6ncesi \u201cE\u011fitim\u201d Bakan\u0131 Kemal D\u00fcr\u00fcst, kitleyle y\u00fczle\u015fmeyi ya da bas\u0131n\u0131n kar\u015f\u0131s\u0131na \u00f6\u011frencilerle birlikte \u00e7\u0131kmay\u0131 se\u00e7im kayg\u0131s\u0131yla reddeder ve bu da onu E\u011fitim Bakan\u0131 de\u011fil Se\u00e7im Bakan\u0131 yapar. Direni\u015f \u00e7ad\u0131rlar\u0131nda eyleme devam eden A\u00d6A \u00d6\u011frencileri, destek\u00e7ileri olan di\u011fer \u00f6rg\u00fctlerle birlikte her g\u00fcne ba\u015fka bir eylemlilik organize ederler; k\u00fclt\u00fcr g\u00fcn\u00fc (herseler, halk danslar\u0131 vs.), panel (kamusal e\u011fitim ve \u00f6zelle\u015ftirme \u00fczerine), film g\u00f6sterimi (Kum Taneleri).<\/p>\n<p><a href=\"https:\/\/baraka.cc\/wp-content\/uploads\/2015\/05\/aoa1.jpg\"><img decoding=\"async\" loading=\"lazy\" class=\"size-medium wp-image-3006 alignleft\" alt=\"aoa1\" src=\"https:\/\/baraka.cc\/wp-content\/uploads\/2015\/05\/aoa1-170x300.jpg\" width=\"170\" height=\"300\" srcset=\"https:\/\/baraka.cc\/wp-content\/uploads\/2015\/05\/aoa1-170x300.jpg 170w, https:\/\/baraka.cc\/wp-content\/uploads\/2015\/05\/aoa1.jpg 273w\" sizes=\"(max-width: 170px) 100vw, 170px\" \/><\/a>Tam 35 g\u00fcn s\u00fcren boykot ve 16 g\u00fcn s\u00fcren \u00e7ad\u0131r eylemlerine KT\u00d6S, KTOE\u00d6S, KTAMS, DEV-\u0130\u015e, G\u00dc\u00c7SEN, DA\u00dc-SEN, Baraka K\u00fclt\u00fcr Merkezi, KGP, bir\u00e7ok siyasi parti (ki bu partilerden baz\u0131lar\u0131 A\u00d6A\u2019n\u0131n ge\u00e7mi\u015fte ya\u015fanan benzer bir s\u00fcrecinde tamamen duygusal sebeplerden dolay\u0131 A\u00d6A \u00d6\u011frencilerinin yan\u0131nda olmam\u0131\u015ft\u0131) destek verir. Boykot s\u00fcrecinde \u00f6\u011frencilere en samimi deste\u011fi veren KT\u00d6S y\u00f6neticileri gerek 52 okulda koyduklar\u0131 grevle gerekse \u00e7ad\u0131rda \u00f6\u011frencilerle birlikte kalmalar\u0131yla A\u00d6A\u2019n\u0131n kapat\u0131lma s\u00fcrecini ba\u015flatan bu imzan\u0131n asl\u0131nda toplumsal bir sorun oldu\u011funu vurgularlar. S\u00fcrecin en kritik noktas\u0131nda fa\u015fist UBP h\u00fck\u00fcmeti anti demokratik bir bi\u00e7imde, \u00f6nceki h\u00fck\u00fcmetin (CTP) e\u011fitimi elzem hizmetlere koymas\u0131n\u0131 f\u0131rsat bilerek KT\u00d6S\u2019e tarihte bir ilke imza atarak grev yasa\u011f\u0131 getirmi\u015ftir. S\u00fcrecin en ba\u015f\u0131nda \u00f6\u011frencilerin zorlamalar\u0131yla ve asl\u0131nda s\u00fcrecin ciddiyetini en ba\u015f\u0131ndan beri kavrayamadan se\u00e7ime endeksli bir bi\u00e7imde A\u00d6A\u2019da grev koyan KTOE\u00d6S ba\u015fkan\u0131 Adnan Eraslan ve y\u00f6neticileri, se\u00e7imden sonra, se\u00e7imi Talat\u2019\u0131n kazanamamas\u0131 \u00fczerine en az\u0131ndan elimdekilerden olmayay\u0131m korkusuyla bakanla uydurma bir protokol imzalar ve 21 Nisan 2010\u2019da grevini geri \u00e7eker. \u00d6\u011frenciyi yaln\u0131zla\u015ft\u0131r\u0131p direni\u015fi arkadan b\u0131\u00e7aklar. Bunun \u00fczerine \u00f6\u011frenciler de mezuniyet ve askerliklerinin tehlikeye girece\u011fini anlayarak 6 g\u00fcn sonra; 27 Nisan 2010\u2019da A\u00d6A Direni\u015f \u00e7ad\u0131rlar\u0131n\u0131 kald\u0131r\u0131rlar ve \u00e7ad\u0131rlar\u0131, eylemliliklerinin boyutunu de\u011fi\u015ftirmek \u00fczere okula ta\u015f\u0131rlar. Eylemlili\u011fin so\u011fumamas\u0131 i\u00e7in birka\u00e7 toplant\u0131 daha d\u00fczenlerler ama bu hareketin yaln\u0131zca \u00f6\u011frenci hareketi olarak kalmas\u0131, direni\u015fe destek veren bir\u00e7ok sendika ve \u00f6rg\u00fct\u00fcn tamamen se\u00e7ime endeksli destek vermi\u015f olmas\u0131 nedeniyle \u00f6\u011frenci yaln\u0131zla\u015f\u0131r ve sadece belli ba\u015fl\u0131 k\u00fc\u00e7\u00fck kazan\u0131mlar elde ederek eylemlilikten so\u011futulur. Belki de toplum bu \u00f6\u011frenci hareketiyle biraz daha ilgilenseydi, asl\u0131nda bu kurumun kapat\u0131lmas\u0131n\u0131n sadece eylemdeki \u00f6\u011frencileri de\u011fil, t\u00fcm K\u0131br\u0131sl\u0131 T\u00fcrk toplumunu ve varolu\u015f m\u00fccadelesini etkileyece\u011fini anlamak i\u00e7in bu \u00f6\u011frencilere kulak verseydi; belki de bug\u00fcn bir\u00e7ok \u015feyi de\u011fi\u015ftirebilecektik. Her \u015feye ra\u011fmen 1 May\u0131s 2010\u2019 da \u0130\u015f\u00e7i ve Emek\u00e7i Bayram\u2019\u0131nda ilk kez kendi kitlesiyle y\u00fcr\u00fcyen A\u00d6A \u00d6\u011frencileri kortejde sloganlar\u0131yla ve pankartlar\u0131yla oradaki insanlara adeta t\u00fcm eylemlilik s\u00fcrecini tekrar ya\u015fatt\u0131lar. 1 May\u0131s program\u0131nda i\u015fbirlik\u00e7i KTOE\u00d6S y\u00f6neticilerinin gerek s\u00f6zel gerekse fiziksel engellemelerine ra\u011fmen KT\u00d6S ve Baraka K\u00fclt\u00fcr Merkezi\u2019nin deste\u011fiyle A\u00d6A \u00d6\u011frencileri k\u00fcrs\u00fcde direni\u015f s\u00fcre\u00e7lerini anlatan bir konu\u015fma yapt\u0131. Bunu \u2018provakasyon\u2019 olarak de\u011ferlendiren ama as\u0131l provakasyonu sahneye \u00e7\u0131k\u0131p \u2018\u0130\u015fbirlik\u00e7iler hesap verecekler\u2019 pankart\u0131n\u0131 kapamaya \u00e7al\u0131\u015farak yapan (ki ben i\u015fbirlik\u00e7i olsam \u00fczerime al\u0131nacak kadar aptal olmazd\u0131m) KTOE\u00d6S y\u00f6neticileri ise alan\u0131 terk etti. (\u0130\u015fbirlik\u00e7i sendika y\u00f6neticilerinin ba\u015f\u0131na hep gelir bu; bkz 1 May\u0131s 2010, Taksim Meydan\u0131)<\/p>\n<p>Yaz\u0131n\u0131n ilk b\u00f6l\u00fcm\u00fcndeki \u201cbu imza nelere yol a\u00e7ar\u201d sorusunu \u015fimdi yan\u0131tlayal\u0131m. Bu imza YD\u00dc\u2019n\u00fcn ilgili b\u00f6l\u00fcm\u00fcn\u00fcn a\u00e7\u0131lmas\u0131na ve hesaps\u0131zca \u00f6\u011frenci almas\u0131na neden olacakt\u0131r. Bu da zaten var olan i\u015fsizler ordusuna yenilerini ekleyecektir. \u00d6\u011frenciye m\u00fc\u015fteri g\u00f6z\u00fcyle bakan bu t\u00fcr \u00f6zel kurumlar, e\u011fitimi nas\u0131l daha iyi verdi\u011fiyle ya da topluma ka\u00e7 tane i\u015f sahibi birey kazand\u0131rd\u0131\u011f\u0131yla de\u011fil, her y\u0131l ka\u00e7 tane daha \u00f6\u011frencinin (m\u00fc\u015fteri) paralar\u0131n\u0131n s\u00f6m\u00fcr\u00fcld\u00fc\u011f\u00fcyle ilgilenir. Ne kadar \u00e7ok yeni bina ve b\u00f6l\u00fcm, o kadar \u00e7ok \u00f6\u011frenci; ne kadar \u00e7ok \u00f6\u011frenci, o kadar \u00e7ok umut ve ne kadar \u00e7ok umut o kadar \u00e7ok para! Bu s\u00fcre\u00e7te Kemal D\u00fcr\u00fcst\u2019le yap\u0131lan bir g\u00f6r\u00fc\u015fmede \u201cYD\u00dc\u2019den mezun edece\u011finiz \u00f6\u011frenciler mezun olduklar\u0131nda ne yapacaklar?\u201d sorusuna bakan \u015fu yan\u0131t\u0131 verdi; \u201cDi\u011fer binlerce mezun ne yap\u0131yorsa onu yapacaklar; i\u015fsiz kalacaklar!\u201d<\/p>\n<p>E\u011fer \u00f6zel bir \u00fcniversitede 4 y\u0131ll\u0131k bir b\u00f6l\u00fcm a\u00e7\u0131lm\u0131\u015fsa ve bu b\u00f6l\u00fcm 3 y\u0131l sonra \u2018albenisi olmad\u0131\u011f\u0131 ya da kars\u0131z oldu\u011fu\u2019 gerek\u00e7esiyle kapat\u0131l\u0131rsa bu b\u00f6l\u00fcmde hali haz\u0131rda e\u011fitim almaya ba\u015flam\u0131\u015f olan \u00f6\u011frenciler de ma\u011fdur olurlar. Sa\u011fl\u0131k ve e\u011fitim temel haklard\u0131r. Sat\u0131lamazlar! Sat\u0131n al\u0131namazlar! Ke\u015fke \u00fclkemizde t\u00fcm mesleklere ihtiya\u00e7 kadar insan yeti\u015ftiren y\u00fcksek okullar olsayd\u0131. Suat G\u00fcnsel y\u0131llard\u0131r bu bo\u015fluktan besleniyor. A\u00d6A \u00f6\u011fretmen yeti\u015ftirmeyi, y\u0131llard\u0131r planl\u0131, sistemli ve \u00fccretsiz bir bi\u00e7imde yap\u0131yor. \u00d6\u011fretmen yeti\u015ftirmek devletin i\u015fidir. \u00d6zelle\u015ftirmelerin en can al\u0131c\u0131 \u00f6rneklerini g\u00f6rd\u00fc\u011f\u00fcm\u00fcz \u00fclkelerde bile bu g\u00f6rev devletin elindedir. (Japonya, G\u00fcney K\u0131br\u0131s, Portekiz, Polonya, Fransa vb.) Devlet bunu toplumun \u00e7\u0131karlar\u0131 do\u011frultusunda, k\u00fclt\u00fcrel ve co\u011frafik \u00f6zellikleri de dikkate alarak yapar. Peki sormam\u0131z gereken soru \u015fu; e\u011fer \u00f6\u011fretmen yeti\u015ftirme i\u015fi devletin elinden al\u0131n\u0131p \u00f6zel bir kuruma verilirse art\u0131k e\u011fitim kimin \u00e7\u0131karlar\u0131na uygun verilecek? Toplumun mu? Cevap basit; Suat G\u00fcnsel gibilerin\u2026 Peki b\u00f6yle bir \u00f6\u011fretmenler ordusunun (tabi i\u015f bulurlarsa) yeti\u015ftirece\u011fi toplum nas\u0131l bir toplum olacak? Suat G\u00fcnsel gibilerin istedi\u011fi gibi bir toplum\u2026<\/p>\n<p><a href=\"https:\/\/baraka.cc\/wp-content\/uploads\/2015\/05\/DSCF4115.jpg\"><img decoding=\"async\" loading=\"lazy\" class=\"size-medium wp-image-3007 alignleft\" alt=\"DSCF4115\" src=\"https:\/\/baraka.cc\/wp-content\/uploads\/2015\/05\/DSCF4115-300x225.jpg\" width=\"300\" height=\"225\" srcset=\"https:\/\/baraka.cc\/wp-content\/uploads\/2015\/05\/DSCF4115-300x225.jpg 300w, https:\/\/baraka.cc\/wp-content\/uploads\/2015\/05\/DSCF4115-1024x768.jpg 1024w\" sizes=\"(max-width: 300px) 100vw, 300px\" \/><\/a>Direni\u015fin i\u00e7inden biri olarak, bu direni\u015ften \u00e7\u0131kar\u0131lacak sonucun; egemenlerin, sermayenin daha fazlas\u0131 i\u00e7in asla vazge\u00e7meyece\u011fi ama onlar\u0131 k\u00f6\u015feye s\u0131k\u0131\u015ft\u0131rman\u0131n bizlerin; halk\u0131n g\u00f6revi oldu\u011funu bunu da birlikte kitleleri b\u00fcy\u00fcterek, \u00f6rg\u00fctlenerek, yaratarak, \u00fcreterek yapabilece\u011fimiz oldu\u011funu s\u00f6yleyebilirim. \u015eimdilik bu eylemlilik so\u011futulmu\u015f gibi g\u00f6r\u00fcnse de asl\u0131nda bu eyleme bir tuzluk katk\u0131s\u0131 bile olanlar\u0131n i\u00e7inde hala bir m\u00fccadele ate\u015fi oldu\u011funa bunun da bir g\u00fcn daha kararl\u0131 ve daha tecr\u00fcbeli bir bi\u00e7imde ortaya \u00e7\u0131kaca\u011f\u0131na inan\u0131yorum. \u00c7\u00fcnk\u00fc m\u00fccadelede at\u0131lan her ad\u0131m bizi kazanmaya bir nefes daha yakla\u015ft\u0131r\u0131r. Bu uzun soluklu bir m\u00fccadeledir. Yeter ki umutlar\u0131n ku\u015fat\u0131lmas\u0131n!<\/p>\n<p>&nbsp;<\/p>\n<p align=\"center\"><b>A\u00d6A Eylemleri Kronolojisi<\/b><\/p>\n<p align=\"center\"><b>\u00a0<\/b><\/p>\n<p><b>24 Mart 2010:<\/b> Eylemin ba\u015flang\u0131c\u0131, bas\u0131n a\u00e7\u0131klamas\u0131, bakanl\u0131k yetkililerinin alk\u0131\u015flarla protesto edilerek okuldan g\u00f6nderilmesi.<\/p>\n<p><b>25 Mart 2010:<\/b> Lefko\u015fa Otob\u00fcs Terminali\u2019nden y\u00fcr\u00fcy\u00fc\u015f. Be\u015f dakikal\u0131k sessiz nefret ve bas\u0131n bildirisini duvara okuma eylemi. (E\u011fitim Bakanl\u0131\u011f\u0131 \u00f6n\u00fc)<\/p>\n<p><b>26 Mart 2010:<\/b> Lefko\u015fa Otob\u00fcs Terminali\u2019nden y\u00fcr\u00fcy\u00fc\u015f. \u00a0A\u00d6A Dart Tak\u0131m\u0131\u2019n\u0131n, ikinci olup kazand\u0131\u011f\u0131 madalyalar\u0131 bakanl\u0131\u011fa geri iadesi. (E\u011fitim Bakanl\u0131\u011f\u0131 \u00f6n\u00fc)<\/p>\n<p><b>29 Mart 2010:<\/b> Lefko\u015fa Otob\u00fcs Terminali\u2019nden y\u00fcr\u00fcy\u00fc\u015f. \u00a0\u00a0Masal Saati; Pinokyo adl\u0131 masal\u0131n okunmas\u0131. (E\u011fitim Bakanl\u0131\u011f\u0131 \u00f6n\u00fc)<\/p>\n<p><b>30 Mart 2010:<\/b> AKM\u2019den Ba\u015fbakanl\u0131\u011fa y\u00fcr\u00fcy\u00fc\u015f ve A\u00d6A\u2019ya kilit vurdurmay\u0131z slogan\u0131n\u0131 simgeleyen zincir ve kilidin b\u0131rak\u0131lmas\u0131.<\/p>\n<p><b>30 Mart 2010:<\/b> Bakanl\u0131k\u2019ta eylemde taraf olanlar\u0131n g\u00f6r\u00fc\u015fmesi (Bakan ve temsilcileri, A\u00d6A \u00d6\u011frenci Temsilcileri, \u00d6\u011frenci aileleri, KT\u00d6S, KTOE\u00d6S) \u00fczerine A\u00d6A \u00d6\u011frencileri\u2019nin eyleme ara verilmesi ama g\u00f6r\u00fc\u015fmede al\u0131nan kararlar\u0131n uygulanmamas\u0131, verilen s\u00f6zlerin yerine getirilmemesi \u00fczerine 2 g\u00fcnl\u00fck aradan sonra yeniden eylemlilik karar\u0131 al\u0131nmas\u0131<\/p>\n<p><b>2 Nisan 2010:<\/b> Y\u00d6DAK \u00f6n\u00fcnde demokratik bekleyi\u015f ve ard\u0131ndan D\u00fcr\u00fcst Emlak eylemi (E\u011fitim Bakanl\u0131\u011f\u0131 \u00f6n\u00fc)<\/p>\n<p><b>5 Nisan 2010:<\/b> KT\u00d6S\u2019ten y\u00fcr\u00fcy\u00fc\u015f. \u201c15 milyon be\u015f kuru\u015f\u201dluk \u00e7ek verme ve ard\u0131ndan Politikac\u0131-Sermaye-Emek\u00e7i ili\u015fkisi konulu ske\u00e7 (E\u011fitim Bakanl\u0131\u011f\u0131 \u00f6n\u00fc)<\/p>\n<p><b>6 Nisan 2010:<\/b> KT\u00d6S\u2019ten y\u00fcr\u00fcy\u00fc\u015f. Girne Kap\u0131s\u0131\u2019nda kitap okuma eylemi.<\/p>\n<p><b>7 Nisan 2010:<\/b> AKM\u2019den E\u011fitim Bakanl\u0131\u011f\u0131na y\u00fcr\u00fcy\u00fc\u015f. Bu eyleme bir\u00e7ok sendika ve \u00f6rg\u00fctten destek geldi ayr\u0131ca 40\u2019a yak\u0131n emekli \u00f6\u011fretmen bas\u0131na destek bildirisi okudu. Sol Anahtar\u0131 M\u00fczik Toplulu\u011fu da destek i\u00e7in mini konser d\u00fczenledi.<\/p>\n<p><b>8 Nisan 2010:<\/b> Kukla Saati; Dervi\u015f Ero\u011flu ile Kemal D\u00fcr\u00fcst\u2019\u00fcn A\u00d6A\u2019y\u0131 15 milyon TL\u2019ye satt\u0131\u011f\u0131 konulu diyalog. (E\u011fitim Bakanl\u0131\u011f\u0131 \u00f6n\u00fc)<\/p>\n<p><b>9 Nisan 2010: <\/b>Girne Kap\u0131s\u0131\u2019ndan Surlari\u00e7i\u2019ne kortej ve belirli noktalarda ske\u00e7, masal anlatma ve kukla oyunu eylemleri.<\/p>\n<p><b>12 Nisan 2010: <\/b>A\u00d6A Korosu\u2019ndan \u015fark\u0131lar eylemi ve \u201c\u00d6zg\u00fcrl\u00fck\u201d An\u0131t\u0131\u2019na direni\u015f \u00e7ad\u0131rlar\u0131n\u0131n kurulmas\u0131. Konser i\u00e7in K\u0131br\u0131s\u2019a gelen Bandista da, hem kendi \u015fark\u0131lar\u0131n\u0131 hem de Sol Anahtar\u0131\u2019n\u0131n ve A\u00d6A Korosu\u2019nun \u015fark\u0131lar\u0131n\u0131 seslendirerek eyleme destek verdi.<\/p>\n<p><b>14 Nisan 2010: <\/b>UBP H\u00fck\u00fcmeti KT\u00d6S\u2019e grev yasa\u011f\u0131 getirdi.<\/p>\n<p><b>15 Nisan 2010:<\/b> Grev yasa\u011f\u0131 \u00fczerine eyleme destek veren t\u00fcm kitleyle birlikte b\u00fcy\u00fck bir miting d\u00fczenlendi ve ard\u0131ndan E\u011fitim Bakanl\u0131\u011f\u0131, KT\u00d6S y\u00f6neticileri ve A\u00d6A \u00d6\u011frencileri taraf\u0131ndan i\u015fgal edildi. Bu g\u00fcn\u00fcn ak\u015fam\u0131naysa A\u00d6A direni\u015f \u00e7ad\u0131rlar\u0131nda Baraka\u2019n\u0131n katk\u0131lar\u0131yla \u201cKum Taneleri\u201d isimli film g\u00f6sterimi yap\u0131ld\u0131.<\/p>\n<p><b>16 Nisan 2010:<\/b> A\u00d6A\u2019n\u0131n kapat\u0131lmamas\u0131 i\u00e7in imza kampanyas\u0131 ba\u015flat\u0131ld\u0131.<\/p>\n<p><b>21 Nisan 2010:<\/b> A\u00d6A \u00d6\u011frencileri\u2019nin eylemini, \u00f6\u011frencilerin ve okuldaki \u00f6\u011fretmenlerin bask\u0131lar\u0131 sonucu A\u00d6A\u2019da ki grevle destekleyen KTOE\u00d6S Ba\u015fkan\u0131 Adnan Eraslan ve y\u00f6neticileri, A\u00d6A\u2019da ki grevi Bakan Kemal D\u00fcr\u00fcst\u2019le gizliden gizliye yapt\u0131klar\u0131 uydurma bir protokol sonucu geri \u00e7ekip direni\u015fi s\u0131rt\u0131ndan b\u0131\u00e7aklad\u0131. Ayni g\u00fcn eyleme destek veren birka\u00e7 \u00f6rg\u00fctle \u201cK\u00fclt\u00fcr G\u00fcn\u00fc\u201d organize edildi ve t\u00fcm halka herse da\u011f\u0131t\u0131ld\u0131. Ayr\u0131ca \u00f6\u011frenciler taraf\u0131ndan halk danslar\u0131 g\u00f6sterileri sunuldu.<\/p>\n<p><b>22 Nisan 2010:<\/b> Direni\u015f \u00e7ad\u0131rlar\u0131nda DA\u00dc-Sen\u2019in organize etti\u011fi, \u00f6\u011fetim g\u00f6revlisi Say\u0131n Hamit Ayg\u00fcn\u2019\u00fcn konu\u015fmac\u0131 oldu\u011fu \u201cKamusal E\u011fitim ve \u00d6zelle\u015ftirme\u201d konulu panel. Ayr\u0131ca KTOE\u00d6S binas\u0131 \u00f6n\u00fcne siyah \u00e7elenk b\u0131rak\u0131lmas\u0131.<\/p>\n<p><b>27 Nisan 2010: <\/b>KTOE\u00d6S\u2019\u00fcn ihaneti bas\u0131n a\u00e7\u0131klamas\u0131yla k\u0131nand\u0131 ve A\u00d6A \u00d6\u011frencileri eylemin boyutunu de\u011fi\u015ftirmek \u00fczere A\u00d6A direni\u015f \u00e7ad\u0131rlar\u0131n\u0131 \u201c\u00d6zg\u00fcrl\u00fck\u201d An\u0131t\u0131\u2019ndan, A\u00d6A bah\u00e7esine ta\u015f\u0131d\u0131.<\/p>\n<p><b>1 May\u0131s 2010:<\/b> \u0130\u015f\u00e7i ve Emek\u00e7i Bayram\u0131 dolay\u0131s\u0131yla d\u00fczenlenen gecede A\u00d6A \u00d6\u011frencileri konu\u015fmas\u0131n\u0131 yaparken KTOE\u00d6S y\u00f6neticilerinin buna m\u00fcdahale etmeye \u00e7al\u0131\u015fmas\u0131 ve kitle taraf\u0131ndan alandan sloganlarla g\u00f6nderilmesi.<\/p>\n","protected":false},"excerpt":{"rendered":"<p>A\u015fa\u011f\u0131da okuyaca\u011f\u0131n\u0131z yaz\u0131 bundan be\u015f y\u0131l \u00f6nce Haziran 2010&#8217;da yaz\u0131ld\u0131 ve dergimiz argasdi&#8217;nin 19. say\u0131s\u0131nda yay\u0131nland\u0131&#8230; Yaz\u0131da o d\u00f6nem \u00fclkeyi sarsan Akademi Direni\u015fi&#8217;nin nas\u0131l ortaya<\/p>\n","protected":false},"author":1,"featured_media":3004,"comment_status":"open","ping_status":"open","sticky":false,"template":"","format":"standard","meta":{"jetpack_post_was_ever_published":false,"_jetpack_newsletter_access":"","_jetpack_newsletter_tier_id":0,"jetpack_publicize_message":"","jetpack_is_tweetstorm":false,"jetpack_publicize_feature_enabled":true,"jetpack_social_post_already_shared":true,"jetpack_social_options":{"image_generator_settings":{"template":"highway","enabled":false}}},"categories":[40,67,9,42,1],"tags":[],"jetpack_publicize_connections":[],"jetpack_featured_media_url":"https:\/\/baraka.cc\/wp-content\/uploads\/2015\/05\/A\u00d6A2.jpg","jetpack_shortlink":"https:\/\/wp.me\/p4eHWX-Mq","jetpack_sharing_enabled":true,"_links":{"self":[{"href":"https:\/\/baraka.cc\/index.php?rest_route=\/wp\/v2\/posts\/3002"}],"collection":[{"href":"https:\/\/baraka.cc\/index.php?rest_route=\/wp\/v2\/posts"}],"about":[{"href":"https:\/\/baraka.cc\/index.php?rest_route=\/wp\/v2\/types\/post"}],"author":[{"embeddable":true,"href":"https:\/\/baraka.cc\/index.php?rest_route=\/wp\/v2\/users\/1"}],"replies":[{"embeddable":true,"href":"https:\/\/baraka.cc\/index.php?rest_route=%2Fwp%2Fv2%2Fcomments&post=3002"}],"version-history":[{"count":1,"href":"https:\/\/baraka.cc\/index.php?rest_route=\/wp\/v2\/posts\/3002\/revisions"}],"predecessor-version":[{"id":3008,"href":"https:\/\/baraka.cc\/index.php?rest_route=\/wp\/v2\/posts\/3002\/revisions\/3008"}],"wp:featuredmedia":[{"embeddable":true,"href":"https:\/\/baraka.cc\/index.php?rest_route=\/wp\/v2\/media\/3004"}],"wp:attachment":[{"href":"https:\/\/baraka.cc\/index.php?rest_route=%2Fwp%2Fv2%2Fmedia&parent=3002"}],"wp:term":[{"taxonomy":"category","embeddable":true,"href":"https:\/\/baraka.cc\/index.php?rest_route=%2Fwp%2Fv2%2Fcategories&post=3002"},{"taxonomy":"post_tag","embeddable":true,"href":"https:\/\/baraka.cc\/index.php?rest_route=%2Fwp%2Fv2%2Ftags&post=3002"}],"curies":[{"name":"wp","href":"https:\/\/api.w.org\/{rel}","templated":true}]}}