{"id":3012,"date":"2015-05-23T16:04:33","date_gmt":"2015-05-23T14:04:33","guid":{"rendered":"https:\/\/baraka.cc\/?p=3012"},"modified":"2015-05-23T16:04:54","modified_gmt":"2015-05-23T14:04:54","slug":"tmt-tarafindan-katledilen-fazil-onder-aniyoruz","status":"publish","type":"post","link":"https:\/\/baraka.cc\/?p=3012","title":{"rendered":"TMT Taraf\u0131ndan Katledilen Faz\u0131l \u00d6nder&#8217;i An\u0131yoruz"},"content":{"rendered":"<p><a href=\"https:\/\/baraka.cc\/wp-content\/uploads\/2015\/05\/fazilonder2.jpg\"><img decoding=\"async\" loading=\"lazy\" class=\"size-medium wp-image-3013 alignleft\" alt=\"fazilonder2\" src=\"https:\/\/baraka.cc\/wp-content\/uploads\/2015\/05\/fazilonder2-211x300.jpg\" width=\"211\" height=\"300\" srcset=\"https:\/\/baraka.cc\/wp-content\/uploads\/2015\/05\/fazilonder2-211x300.jpg 211w, https:\/\/baraka.cc\/wp-content\/uploads\/2015\/05\/fazilonder2.jpg 549w\" sizes=\"(max-width: 211px) 100vw, 211px\" \/><\/a>BES, Bas\u0131n-Sen, KT\u00d6S, Baraka, Pir Sultan Abdal, \u00dcretim Soka\u011f\u0131, Ba\u011f\u0131ms\u0131zl\u0131k Yolu, BKP, DKB olarak Faz\u0131l \u00d6nder&#8217;i an\u0131yoruz&#8230;<\/p>\n<p>Al\u00e7ak\u00e7a katledildi\u011fi <strong>24 May\u0131s tarihinde (Pazar) saat 19:30&#8217;da G\u00f6nyeli Belediyesi salonunda<\/strong> ger\u00e7ekle\u015fecek olan anmada ara\u015ft\u0131rmac\u0131 yazar Ahmet An ve m\u00fccadele arkada\u015f\u0131 Aziz Kutlay da haz\u0131r bulunacak&#8230;<\/p>\n<p>\u00c7a\u011fr\u0131 bildirimizin tam metni a\u015fa\u011f\u0131daki gibidir:<\/p>\n<p><em>&#8220;Faz\u0131l \u00d6nder\u2019in 24 May\u0131s 1958 tarihinde \u00f6ld\u00fcr\u00fclmesi halk\u0131m\u0131z\u0131n ba\u011fr\u0131na saplanm\u0131\u015f bir han\u00e7er yaras\u0131 gibi y\u0131llard\u0131r kanamaya devam etmektedir. Faz\u0131l \u00d6nder Cinayeti, K\u0131br\u0131sl\u0131 T\u00fcrklerin bar\u0131\u015f ve emek m\u00fccadelesinin \u00f6n\u00fcn\u00fc kesmek i\u00e7in TMT fa\u015fizminin ba\u015flad\u0131\u011f\u0131n\u0131n habercisi ve \u201cTe\u015fkilat\u201d\u0131n \u00fcstlendi\u011fi ilk silahl\u0131 sald\u0131r\u0131d\u0131r. Faz\u0131l \u00d6nder\u2019i hedef yapan onun TEK spor kul\u00fcb\u00fc y\u00f6neticisi, \u0130nk\u0131lap\u00e7\u0131 Gazetesi Genel Yay\u0131n Y\u00f6netmeni ve ayni zamanda PEO T\u00fcrk \u0130\u015f\u00e7i B\u00fcrosu ile ideolojik ili\u015fkileri olan bir ayd\u0131n olmas\u0131yd\u0131.<\/em><\/p>\n<p><em>Hem gazeteci hem spor insan\u0131 hem de devrimci ki\u015fili\u011fiyle toplumsal m\u00fccedelemize katk\u0131 koymaya \u00e7al\u0131\u015fan bir insan\u0131m\u0131z\u0131n ve daha bir\u00e7ok ilerici K\u0131br\u0131sl\u0131 T\u00fcrk ayd\u0131n\u0131n katledilmesi y\u0131llarca s\u00fcrecek bir bask\u0131 d\u00f6nemini ba\u015flatt\u0131. Toplumumuz bu d\u00f6nemdeki bask\u0131lardan ve cinayetlerden dolay\u0131 korku dolu y\u0131llar ge\u00e7irdi. Toplum olarak \u00fczerimizden bask\u0131 ve korkunun verdi\u011fi etkileri atmak onlarca y\u0131l ald\u0131. Hain ilan edilerek \u00f6ld\u00fcr\u00fclen ve yokedilen insanlar\u0131m\u0131z y\u0131llarca an\u0131lamad\u0131. Mezarlar\u0131n\u0131n yeri dahi bilinmedi. Aileleri tehdit edildi ve d\u0131\u015fland\u0131. \u00d6l\u00fcm\u00fcn\u00fcn y\u0131ld\u00f6n\u00fcm\u00fcnde Demokrasi, kendi kendini y\u00f6netme, emek ve \u00f6zg\u00fcrl\u00fck m\u00fccadelesinin en \u00f6nemli sembollerinden Faz\u0131l \u00d6nder\u2019i an\u0131yoruz. 24 May\u0131s Pazar G\u00f6nyeli Belediyesi salonunda saat: 19.30\u2019da sendikac\u0131 arkada\u015f\u0131 Aziz Kutlay ve ara\u015ft\u0131rmac\u0131 yazar Ahmet An\u2019\u0131n kat\u0131l\u0131m\u0131yla ve \u015fiirlerle yap\u0131lacak anma toplant\u0131s\u0131na t\u00fcm ilerici \u00f6rg\u00fctlerimiz ve halk\u0131m\u0131z davetlidir.&#8221;<\/em><\/p>\n<p>BES, Bas\u0131n-Sen, KT\u00d6S, Baraka, Pir Sultan Abdal, \u00dcretim Soka\u011f\u0131, Ba\u011f\u0131ms\u0131zl\u0131k Yolu, BKP, DKB<\/p>\n","protected":false},"excerpt":{"rendered":"<p>BES, Bas\u0131n-Sen, KT\u00d6S, Baraka, Pir Sultan Abdal, \u00dcretim Soka\u011f\u0131, Ba\u011f\u0131ms\u0131zl\u0131k Yolu, BKP, DKB olarak Faz\u0131l \u00d6nder&#8217;i an\u0131yoruz&#8230; Al\u00e7ak\u00e7a katledildi\u011fi 24 May\u0131s tarihinde (Pazar) saat 19:30&#8217;da<\/p>\n","protected":false},"author":1,"featured_media":3014,"comment_status":"open","ping_status":"open","sticky":false,"template":"","format":"standard","meta":{"jetpack_post_was_ever_published":false,"_jetpack_newsletter_access":"","_jetpack_newsletter_tier_id":0,"jetpack_publicize_message":"","jetpack_is_tweetstorm":false,"jetpack_publicize_feature_enabled":true,"jetpack_social_post_already_shared":true,"jetpack_social_options":{"image_generator_settings":{"template":"highway","enabled":false}}},"categories":[57,41,46,9,1],"tags":[],"jetpack_publicize_connections":[],"jetpack_featured_media_url":"https:\/\/baraka.cc\/wp-content\/uploads\/2015\/05\/Faz\u0131l-\u00d6nder-1-15.jpg","jetpack_shortlink":"https:\/\/wp.me\/p4eHWX-MA","jetpack_sharing_enabled":true,"_links":{"self":[{"href":"https:\/\/baraka.cc\/index.php?rest_route=\/wp\/v2\/posts\/3012"}],"collection":[{"href":"https:\/\/baraka.cc\/index.php?rest_route=\/wp\/v2\/posts"}],"about":[{"href":"https:\/\/baraka.cc\/index.php?rest_route=\/wp\/v2\/types\/post"}],"author":[{"embeddable":true,"href":"https:\/\/baraka.cc\/index.php?rest_route=\/wp\/v2\/users\/1"}],"replies":[{"embeddable":true,"href":"https:\/\/baraka.cc\/index.php?rest_route=%2Fwp%2Fv2%2Fcomments&post=3012"}],"version-history":[{"count":3,"href":"https:\/\/baraka.cc\/index.php?rest_route=\/wp\/v2\/posts\/3012\/revisions"}],"predecessor-version":[{"id":3017,"href":"https:\/\/baraka.cc\/index.php?rest_route=\/wp\/v2\/posts\/3012\/revisions\/3017"}],"wp:featuredmedia":[{"embeddable":true,"href":"https:\/\/baraka.cc\/index.php?rest_route=\/wp\/v2\/media\/3014"}],"wp:attachment":[{"href":"https:\/\/baraka.cc\/index.php?rest_route=%2Fwp%2Fv2%2Fmedia&parent=3012"}],"wp:term":[{"taxonomy":"category","embeddable":true,"href":"https:\/\/baraka.cc\/index.php?rest_route=%2Fwp%2Fv2%2Fcategories&post=3012"},{"taxonomy":"post_tag","embeddable":true,"href":"https:\/\/baraka.cc\/index.php?rest_route=%2Fwp%2Fv2%2Ftags&post=3012"}],"curies":[{"name":"wp","href":"https:\/\/api.w.org\/{rel}","templated":true}]}}