{"id":3031,"date":"2015-05-29T13:57:05","date_gmt":"2015-05-29T11:57:05","guid":{"rendered":"https:\/\/baraka.cc\/?p=3031"},"modified":"2015-05-29T13:57:05","modified_gmt":"2015-05-29T11:57:05","slug":"plajlarin-kullanimi-ve-denetimi-yasa-taslagina-iliskin-goruslerimiz","status":"publish","type":"post","link":"https:\/\/baraka.cc\/?p=3031","title":{"rendered":"PLAJLARIN KULLANIMI VE DENET\u0130M\u0130 YASA TASLA\u011eI\u2019NA \u0130L\u0130\u015eK\u0130N G\u00d6R\u00dc\u015eLER\u0130M\u0130Z"},"content":{"rendered":"<p><b style=\"line-height: 1.5em;\">Neden bu yasaya ihtiya\u00e7 duyuldu?<\/b><\/p>\n<p>Bir yasa \u00e7al\u0131\u015fmas\u0131n\u0131 de\u011ferlendirirken \u00f6ncelikle \u015funu sorgulamak gerekir: Neden bu yasaya ihtiya\u00e7 duyuldu? Plajlar\u0131n Kullan\u0131m\u0131 ve Denetimi Yasa Tasla\u011f\u0131na bakt\u0131\u011f\u0131m\u0131zda, \u015fu an y\u00fcr\u00fcrl\u00fckte bulunan 26\/1993 say\u0131l\u0131 Yasa ile neredeyse ayn\u0131 bak\u0131\u015f a\u00e7\u0131s\u0131na sahip oldu\u011funu, ayn\u0131 \u00e7er\u00e7eve i\u00e7erisinde kalarak detayland\u0131r\u0131ld\u0131\u011f\u0131n\u0131 g\u00f6r\u00fcyoruz. Plajlara giri\u015f, Anayasa&#8217;ya g\u00f6re ve \u015fu an y\u00fcr\u00fcrl\u00fckte olan Plajlar\u0131n Kullan\u0131m\u0131 ve Denetimi Yasas\u0131na g\u00f6re \u00fccretsizdir. Plajlar\u0131 kirletmek su\u00e7tur, plaj i\u015fletmecileri deniz kazalar\u0131n\u0131 \u00f6nleyici \u00f6nlemler almal\u0131d\u0131r. T\u00fcm bunlara ayk\u0131r\u0131 hareket edenler su\u00e7 i\u015flemi\u015f olur ve para ve\/veya hapis cezas\u0131na \u00e7arpt\u0131r\u0131l\u0131rlar. Belediye ve Kaymakaml\u0131k bu Yasay\u0131 uygular ve denetler. Su\u00e7lar\u0131 \u00f6nlemekle g\u00f6revli polis de bu Yasa alt\u0131nda i\u015flenen su\u00e7lar\u0131 kovu\u015fturmak ve soru\u015fturmak mecburyetindedir. Hal b\u00f6yleyken, yani mevcut yasa, eksikleri olsa da pek \u00e7ok yetki vermi\u015fken ve bu yetkilerin hi\u00e7biri kullan\u0131lmamaktayken neden yeni bir yasaya ihtiya\u00e7 duyulmu\u015ftur? H\u00fck\u00fcmetin niyeti, halk\u0131n plajlardan Anayasa&#8217;ya ve yasalara uygun yararlanmas\u0131n\u0131 sa\u011flamaksa, elinde uygun yasal ara\u00e7lar da varken neden hi\u00e7bir \u015fey yapmamaktad\u0131r? Bu ko\u015fullar bize \u015funu d\u00fc\u015f\u00fcnd\u00fcrmektedir: Bu yeni yasa da asl\u0131nda halk\u0131n yarar\u0131na hi\u00e7bir \u015fey yapmamak \u00fczere \u00e7\u0131kar\u0131lmaktad\u0131r.<\/p>\n<p style=\"text-align: center;\"><a href=\"https:\/\/baraka.cc\/wp-content\/uploads\/2015\/05\/1.gif\"><img decoding=\"async\" loading=\"lazy\" class=\"size-medium wp-image-3032 aligncenter\" style=\"border: 1px solid black; margin-top: 1px; margin-bottom: 1px;\" alt=\"1\" src=\"https:\/\/baraka.cc\/wp-content\/uploads\/2015\/05\/1-300x209.gif\" width=\"300\" height=\"209\" \/><\/a><\/p>\n<p><b>Plajlara giri\u015fte yine ayn\u0131 s\u0131k\u0131nt\u0131lar ya\u015fanacak<br \/>\n<\/b>Yasan\u0131n i\u00e7eri\u011finde, mecburen Anayasa gere\u011fi, halk\u0131n plajlara \u00fccretsiz girece\u011fi yazmakla brilikte, bu kurala istisna getirilmekteir. \u015e\u00f6yle ki; 6. maddenin 2. ve 3. f\u0131kralar\u0131nda, plajlara giri\u015fin engellenemeyece\u011fi, giri\u015fte \u00fccret talep edilemeyece\u011fi, plajlar\u0131n y\u00fcr\u00fcy\u00fc\u015f\u00fc veya denize ula\u015f\u0131m\u0131 engelleyecek \u015fekilde \u00e7it, duvar, tel \u00f6rg\u00fc vs. ile \u00e7evrelenemeyec\u011fi belirtilmekte ancak ayn\u0131 maddenin 7. f\u0131kars\u0131nda, plaj\u0131n veya plaja giden yolun \u00f6zel m\u00fclk olmas\u0131 halinde bu kurallar\u0131n uygulanmayac\u011f\u0131n\u0131 yazmaktad\u0131r. Bu da plajlara giri\u015fin engellenebilece\u011fi anlam\u0131ndad\u0131r. Yasan\u0131n sonunda yer alan \u201cKamula\u015ft\u0131rma Yetkisi\u201d maddesinin i\u015flevsel olabilmesi i\u00e7in b\u00f6yle durumlarda, plaja giri\u015fin engellenece\u011fi de\u011fil kamula\u015ft\u0131rma yap\u0131laca\u011f\u0131 belirtilmelidir.<\/p>\n<p>Yasan\u0131n idari para cezalar\u0131 b\u00f6l\u00fcm\u00fcne bakt\u0131\u011f\u0131m\u0131zda, yasan\u0131n temel kurallar\u0131ndan biri olan plajlara \u00fccretsiz giri\u015f ile ilgili idari para cezas\u0131 kesilmedi\u011fini g\u00f6rmekteyiz. Bu da yasan\u0131n uygulanma niyeti olmad\u0131\u011f\u0131n\u0131, halk\u0131n plajlara giri\u015fte yine ayn\u0131 sorunlar\u0131 ya\u015fayaca\u011f\u0131n\u0131 g\u00f6stermektedir.<\/p>\n<p><b>Yerel y\u00f6netimler ikinci planda<br \/>\n<\/b>Yasa tasla\u011f\u0131nda Kamakaml\u0131klara \u00e7e\u015fitli denetim ve ceza gibi yetkiler verilmekte fakat yerel y\u00f6netim olan ve belde halk\u0131n\u0131n se\u00e7t\u011fi Belediyeler, karar ve denetim mekanizmas\u0131nda ikinci plana at\u0131lmaktad\u0131r. \u00d6rne\u011fin 8. madenin 3. f\u0131kras\u0131na g\u00f6re Belediyeler, Kaymakaml\u0131klar\u0131n yapaca\u011f\u0131 m\u00fcsadere i\u015flemlerine personel ve ara\u00e7 gere\u00e7 sa\u011flamak zorunda b\u0131rak\u0131lmaktad\u0131r. Oysa bir yerel y\u00f6netimin, demokratik ilkeler ve yasal kurallar \u00e7er\u00e7evesinde, merkezi y\u00f6netimden farkl\u0131 kararlar alma ve uygulamalar yapma hakk\u0131 olmal\u0131d\u0131r.<\/p>\n<p style=\"text-align: center;\"><a href=\"https:\/\/baraka.cc\/wp-content\/uploads\/2015\/05\/maremonte.jpg\"><img decoding=\"async\" loading=\"lazy\" class=\"size-medium wp-image-3033 aligncenter\" style=\"border: 1px solid black; margin-top: 1px; margin-bottom: 1px;\" alt=\"maremonte\" src=\"https:\/\/baraka.cc\/wp-content\/uploads\/2015\/05\/maremonte-300x126.jpg\" width=\"300\" height=\"126\" srcset=\"https:\/\/baraka.cc\/wp-content\/uploads\/2015\/05\/maremonte-300x126.jpg 300w, https:\/\/baraka.cc\/wp-content\/uploads\/2015\/05\/maremonte.jpg 945w\" sizes=\"(max-width: 300px) 100vw, 300px\" \/><\/a><\/p>\n<p><b>Plajlar Komisyonu\u2019nda halk\u0131n \u00f6rg\u00fctleri de yer almal\u0131<br \/>\n<\/b>Yasa tasla\u011f\u0131n\u0131n ikinci k\u0131sm\u0131nda d\u00fczenlenen Plajlar Komiyonu, demokratik kitle \u00f6rg\u00fctlerine, \u00e7evre \u00f6rg\u00fctlerine, halk\u0131n kat\u0131l\u0131m\u0131na kapal\u0131d\u0131r. Oysa bir ada \u00fclkesinde, b\u00f6ylesi bir konuda halk\u0131n ve \u00f6rg\u00fctlerin bu tarz komisyonlara ve al\u0131nacak kararlara kat\u0131l\u0131m\u0131 \u00f6nemli ve gereklidir.<\/p>\n<p><b>Ormanlar da m\u0131 kiralanacak!<br \/>\n<\/b>Kiralama il ilgili 12. maddede yazan orman arazilerinin de kiralanabilece\u011fi kabul edilemezdir. Ayr\u0131ca ayn\u0131 maddedeki yat\u0131r\u0131m projeleriyle ilgili olarak k\u0131sa veya uzun vadeli kiralama konusunun plajlarla iligili bir yasada g\u00fcndeme gelmesi, akla sahillerimize yeni beton y\u0131\u011f\u0131nlar\u0131 m\u0131 yap\u0131lacak sorusunu getirmektedir.<\/p>\n<p style=\"text-align: center;\"><a href=\"https:\/\/baraka.cc\/wp-content\/uploads\/2015\/05\/halk-plaj\u0131.jpg\"><img decoding=\"async\" loading=\"lazy\" class=\"size-medium wp-image-3034 aligncenter\" style=\"border: 1px solid black; margin-top: 1px; margin-bottom: 1px;\" alt=\"halk plaj\u0131\" src=\"https:\/\/baraka.cc\/wp-content\/uploads\/2015\/05\/halk-plaj\u0131-300x195.jpg\" width=\"300\" height=\"195\" srcset=\"https:\/\/baraka.cc\/wp-content\/uploads\/2015\/05\/halk-plaj\u0131-300x195.jpg 300w, https:\/\/baraka.cc\/wp-content\/uploads\/2015\/05\/halk-plaj\u0131.jpg 635w\" sizes=\"(max-width: 300px) 100vw, 300px\" \/><\/a><\/p>\n<p><b>Halk\u0131n mal\u0131 olan denizler s\u0131n\u0131fland\u0131r\u0131l\u0131yor<br \/>\n<\/b>13. madde ise tam bir fiyasko ile plajlar\u0131 halk plaj\u0131, turizm plaj\u0131, \u00fc\u00e7, d\u00f6rt ve be\u015f y\u0131ld\u0131zl\u0131 plaj \u015feklinde kaetgorilere ay\u0131rmaktad\u0131r. Denizler halk\u0131nd\u0131r ve her plaj halk plaj\u0131d\u0131r. Hi\u00e7 bir plaj halk\u0131n olmaktan, halk\u0131n serbest kullan\u0131m\u0131ndan \u00e7\u0131kar\u0131lamaz.<\/p>\n<p><b>Su sporlar\u0131nda sadece insan sa\u011fl\u0131\u011f\u0131 de\u011fil deniz kirlili\u011fi de g\u00f6zetilmeli<\/b><\/p>\n<p><b><\/b>Plaj sporlar\u0131n\u0131n, sa\u011fl\u0131k ve g\u00fcvenlik bak\u0131m\u0131ndan baz\u0131 kurala ba\u011flanmas\u0131 olumludur. Ancak bu yap\u0131l\u0131rken ekolojik denge de hesaba kat\u0131lmal\u0131 ve denizi kirleten su sporlar\u0131na izin verilmeyece\u011fi yasada belirtilmelidir. K\u00fc\u00e7\u00fck bir grubun zevki veya kar\u0131, do\u011fan\u0131n ve denizin kirletilmesine \u00fcst\u00fcn tutulmamal\u0131d\u0131r.<\/p>\n<p><b>\u00dccretler az de\u011fil<br \/>\n<\/b>Yasan\u0131n b\u00fct\u00fcn\u00fcnde oldu\u011fu gibi plajlarda tahsil edilebilecek \u00fccretleri d\u00fczenleyen 15. maddede de halka hizmet de\u011fil sermayeye kar amac\u0131 \u00f6n plandad\u0131r. Du\u015f, \u015femsiye vb. hizmetler i\u00e7in 5TL, otopark i\u00e7in 3TL olarak belirtilen \u00fccret, ilk bak\u0131\u015fta az veya makul gibi g\u00f6r\u00fcnse de, plajlar\u0131n kamusal olarak ve\/veya yerel y\u00f6netimlerce i\u015fletilmesi halinde bu \u00fccret daha az olabilir ve al\u0131nan \u00fccret yine plajlar\u0131n bak\u0131m\u0131 i\u00e7in kamusal kaynaklara aktar\u0131labilir. Keza bu \u00fccret Bakanlar Kurulunca iki kat\u0131na kadar art\u0131r\u0131labilecektir.<\/p>\n<p><b>Deniz kenar\u0131nda karpuz hellim yemek yasak!<\/b><\/p>\n<p>Yasa tasla\u011f\u0131n\u0131n 20. maddesinin 2. f\u0131kras\u0131, plajlarda ate\u015f yakma ve piknik yapma yasa\u011f\u0131 getirilmektedir. Ate\u015fli pikni\u011fin belli kurallara ba\u011flanmas\u0131, \u00e7evreye zarar vermemek bak\u0131m\u0131ndan olumludur ve sadece bu i\u015f i\u00e7in ayr\u0131lm\u0131\u015f yerlerde yap\u0131lmas\u0131 do\u011fru bir yakla\u015f\u0131md\u0131r. Ancak yasa \u00e7al\u0131\u015fmas\u0131 bu haliyle sadece ate\u015fli pikni\u011fi de\u011fil, her t\u00fcrl\u00fc pikni\u011fi, plajda karpuz hellim yemeyi dahi yasaklamaktad\u0131r. Bu da halk\u0131 maddi manevi s\u0131k\u0131nt\u0131ya sokarken, sahilleri parselleyen otellere ve plaj i\u015fletmecilerine yarayacakt\u0131r.<\/p>\n<p><b>Devlet donumuza kadar kar\u0131\u015f\u0131yor <\/b><\/p>\n<p>20. madde hayret verici bir \u015fekilde plajlarda giyilebilecek k\u0131yafetlere k\u0131s\u0131tlamalar getirmi\u015ftir; \u015fort, mayo, bikini, ha\u015fema d\u0131\u015f\u0131nda i\u00e7 \u00e7ama\u015f\u0131r\u0131yla denize girmek yasaklanmaktad\u0131r. Bu kural\u0131n hangi kamusal yarara hizmet etti\u011fi, devletin neden b\u00f6ylesi bir alana yasayla m\u00fcdahale etmek istedi\u011fi anla\u015f\u0131lamazd\u0131r. Devletin g\u00f6revi, yasak\u00e7\u0131 bir \u015fekilde halk\u0131n giyim ku\u015fam\u0131na, ahlak\u0131na, k\u00fclt\u00fcr\u00fcne m\u00fcdahale etmek de\u011fildir. Halk, sosyal ve k\u00fclt\u00fcrel de\u011ferleri \u00e7er\u00e7evesinde giyinir, davran\u0131r, birbirini onaylar veya ay\u0131plar, birlikte etkile\u015fim i\u00e7ierisinde de\u011fi\u015fir ve geli\u015fir. Bilhassa ahlaki de\u011ferler konusu g\u00f6rece olup devletin uzak durmas\u0131 gereken bir aland\u0131r. Bu maddede manidar olan bir d\u00fczenleme de ha\u015feman\u0131n da say\u0131lmas\u0131d\u0131r.<\/p>\n<p><b>\u0130nsan haklar\u0131 ile birlikte hayvan \u00f6zg\u00fcrle\u015fmesi de d\u00fc\u015f\u00fcn\u00fclmeli<\/b><\/p>\n<p>20. madde plajlara hayvan sokulmas\u0131n\u0131 da yasaklamaktad\u0131r. Hayvanlar\u0131n denize girmesini tamamen engelleyen b\u00f6yle bir genel kural yerine, hem insan hem de hayvan haklar\u0131 g\u00f6zetilerek, do\u011fan\u0131n sahibi de\u011fil bir par\u00e7as\u0131 oldu\u011fumuz dikkate al\u0131narak farkl\u0131 bir d\u00fczenleme getirilmelidir.<\/p>\n<p style=\"text-align: center;\"><a href=\"https:\/\/baraka.cc\/wp-content\/uploads\/2015\/05\/BELES-DEN\u0130Z-FOTO.jpg\"><img decoding=\"async\" loading=\"lazy\" class=\"size-medium wp-image-3035 aligncenter\" style=\"border: 1px solid black; margin-top: 1px; margin-bottom: 1px;\" alt=\"BELES-DEN\u0130Z-FOTO\" src=\"https:\/\/baraka.cc\/wp-content\/uploads\/2015\/05\/BELES-DEN\u0130Z-FOTO-300x199.jpg\" width=\"300\" height=\"199\" srcset=\"https:\/\/baraka.cc\/wp-content\/uploads\/2015\/05\/BELES-DEN\u0130Z-FOTO-300x199.jpg 300w, https:\/\/baraka.cc\/wp-content\/uploads\/2015\/05\/BELES-DEN\u0130Z-FOTO-1024x680.jpg 1024w\" sizes=\"(max-width: 300px) 100vw, 300px\" \/><\/a><\/p>\n<p>Sonu\u00e7 olarak Plajlar\u0131n Kullan\u0131m\u0131 ve Denetimi Yasa Tasla\u011f\u0131, \u015fu an sahip oldu\u011fumuz ancak devletin denetimsizli\u011fi ve yasalar\u0131 uygulamamas\u0131 sebebiyle kullanamad\u0131\u011f\u0131m\u0131z haklar\u0131m\u0131zdan daha ilerisini getirmemektedir. Hatta k\u0131yafet, piknik gibi baz\u0131 hususlarda halka kar\u015f\u0131 bask\u0131c\u0131 ve yasak\u00e7\u0131 bir yasad\u0131r. \u00d6te yandan plaj i\u015fletmecilerini belli kurallarla ba\u011flamak niyeti var gibi g\u00f6r\u00fcnse de bu kurallar, ba\u011flay\u0131c\u0131 \u015fekilde ve yasaya uyulmamas\u0131 halinde i\u015fletmecileri derhal cezaland\u0131r\u0131c\u0131 \u015fekilde d\u00fczenlenmemi\u015ftir.<\/p>\n<p>&nbsp;<\/p>\n","protected":false},"excerpt":{"rendered":"<p>Neden bu yasaya ihtiya\u00e7 duyuldu? Bir yasa \u00e7al\u0131\u015fmas\u0131n\u0131 de\u011ferlendirirken \u00f6ncelikle \u015funu sorgulamak gerekir: Neden bu yasaya ihtiya\u00e7 duyuldu? Plajlar\u0131n Kullan\u0131m\u0131 ve Denetimi Yasa Tasla\u011f\u0131na bakt\u0131\u011f\u0131m\u0131zda,<\/p>\n","protected":false},"author":3,"featured_media":3034,"comment_status":"open","ping_status":"open","sticky":false,"template":"","format":"standard","meta":{"jetpack_post_was_ever_published":false,"_jetpack_newsletter_access":"","_jetpack_newsletter_tier_id":0,"jetpack_publicize_message":"","jetpack_is_tweetstorm":false,"jetpack_publicize_feature_enabled":true,"jetpack_social_post_already_shared":true,"jetpack_social_options":{"image_generator_settings":{"template":"highway","enabled":false}}},"categories":[9,1],"tags":[],"jetpack_publicize_connections":[],"jetpack_featured_media_url":"https:\/\/baraka.cc\/wp-content\/uploads\/2015\/05\/halk-plaj\u0131.jpg","jetpack_shortlink":"https:\/\/wp.me\/p4eHWX-MT","jetpack_sharing_enabled":true,"_links":{"self":[{"href":"https:\/\/baraka.cc\/index.php?rest_route=\/wp\/v2\/posts\/3031"}],"collection":[{"href":"https:\/\/baraka.cc\/index.php?rest_route=\/wp\/v2\/posts"}],"about":[{"href":"https:\/\/baraka.cc\/index.php?rest_route=\/wp\/v2\/types\/post"}],"author":[{"embeddable":true,"href":"https:\/\/baraka.cc\/index.php?rest_route=\/wp\/v2\/users\/3"}],"replies":[{"embeddable":true,"href":"https:\/\/baraka.cc\/index.php?rest_route=%2Fwp%2Fv2%2Fcomments&post=3031"}],"version-history":[{"count":2,"href":"https:\/\/baraka.cc\/index.php?rest_route=\/wp\/v2\/posts\/3031\/revisions"}],"predecessor-version":[{"id":3037,"href":"https:\/\/baraka.cc\/index.php?rest_route=\/wp\/v2\/posts\/3031\/revisions\/3037"}],"wp:featuredmedia":[{"embeddable":true,"href":"https:\/\/baraka.cc\/index.php?rest_route=\/wp\/v2\/media\/3034"}],"wp:attachment":[{"href":"https:\/\/baraka.cc\/index.php?rest_route=%2Fwp%2Fv2%2Fmedia&parent=3031"}],"wp:term":[{"taxonomy":"category","embeddable":true,"href":"https:\/\/baraka.cc\/index.php?rest_route=%2Fwp%2Fv2%2Fcategories&post=3031"},{"taxonomy":"post_tag","embeddable":true,"href":"https:\/\/baraka.cc\/index.php?rest_route=%2Fwp%2Fv2%2Ftags&post=3031"}],"curies":[{"name":"wp","href":"https:\/\/api.w.org\/{rel}","templated":true}]}}