{"id":3039,"date":"2015-05-31T14:27:06","date_gmt":"2015-05-31T12:27:06","guid":{"rendered":"https:\/\/baraka.cc\/?p=3039"},"modified":"2015-05-31T14:27:06","modified_gmt":"2015-05-31T12:27:06","slug":"edon-ve-baraka-gundemi-degerlendirdi","status":"publish","type":"post","link":"https:\/\/baraka.cc\/?p=3039","title":{"rendered":"EDON ve BARAKA G\u00fcndemi De\u011ferlendirdi"},"content":{"rendered":"<p><a href=\"https:\/\/baraka.cc\/wp-content\/uploads\/2015\/05\/edon.jpg\"><img decoding=\"async\" loading=\"lazy\" class=\"size-medium wp-image-3040 alignleft\" alt=\"edon\" src=\"https:\/\/baraka.cc\/wp-content\/uploads\/2015\/05\/edon-300x225.jpg\" width=\"300\" height=\"225\" srcset=\"https:\/\/baraka.cc\/wp-content\/uploads\/2015\/05\/edon-300x225.jpg 300w, https:\/\/baraka.cc\/wp-content\/uploads\/2015\/05\/edon.jpg 960w\" sizes=\"(max-width: 300px) 100vw, 300px\" \/><\/a>30 May\u0131s Cumartesi g\u00fcn\u00fc Baraka K\u00fclt\u00fcr Merkezi&#8217;ni ziyaret eden EDON heyeti ve Baraka aktivistleri aras\u0131nda \u00fclke g\u00fcndemi, g\u00f6r\u00fc\u015fmeler ve iki \u00f6rg\u00fct\u00fcn birlikte y\u00fcr\u00fctebilece\u011fi faaaliyetler gibi konularda fikir al\u0131\u015f veri\u015fleri yap\u0131ld\u0131.<\/p>\n<p>Bir s\u00fcreden beridir, ortak etkinliklere imza atan ve \u00f6rg\u00fctsel faaliyetlerinde temaslar\u0131n\u0131 devam ettiren iki \u00f6rg\u00fct, \u00f6n\u00fcm\u00fczdeki yaz d\u00f6neminde de planlad\u0131klar\u0131 etkinliklerinden birbirlerini haberdar ederek, birlikte neler yapabileceklerini de de\u011ferlendirdi&#8230;<\/p>\n<p><span style=\"line-height: 1.5em;\">Her iki \u00f6rg\u00fct de ortak m\u00fccadelenin \u00f6nemini vurgulayarak; \u00a0\u00f6ncelikle K\u0131br\u0131s Sorunu\u2019nun tek ba\u015f\u0131na m\u00fczakere masas\u0131nda \u00e7\u00f6z\u00fcmlenemeyece\u011fine dikkat \u00e7ekerkti ve sokaktaki dayan\u0131\u015fman\u0131n \u00f6neminin ve s\u00fcreklile\u015fmesi gereklili\u011finin alt\u0131n\u0131 \u00e7izdi. Son g\u00fcnlerde m\u00fczakere masas\u0131nda ger\u00e7ekle\u015fen geli\u015fmelerin destek\u00e7isi olduklar\u0131n\u0131 dile getiren gen\u00e7ler, \u201cfakat yanl\u0131\u015flar\u0131 da ele\u015ftirece\u011fiz\u201d dedi.<\/span><\/p>\n<p>&nbsp;<\/p>\n","protected":false},"excerpt":{"rendered":"<p>30 May\u0131s Cumartesi g\u00fcn\u00fc Baraka K\u00fclt\u00fcr Merkezi&#8217;ni ziyaret eden EDON heyeti ve Baraka aktivistleri aras\u0131nda \u00fclke g\u00fcndemi, g\u00f6r\u00fc\u015fmeler ve iki \u00f6rg\u00fct\u00fcn birlikte y\u00fcr\u00fctebilece\u011fi faaaliyetler gibi<\/p>\n","protected":false},"author":1,"featured_media":3040,"comment_status":"open","ping_status":"open","sticky":false,"template":"","format":"standard","meta":{"jetpack_post_was_ever_published":false,"_jetpack_newsletter_access":"","_jetpack_newsletter_tier_id":0,"jetpack_publicize_message":"","jetpack_is_tweetstorm":false,"jetpack_publicize_feature_enabled":true,"jetpack_social_post_already_shared":true,"jetpack_social_options":{"image_generator_settings":{"template":"highway","enabled":false}}},"categories":[9,1],"tags":[],"jetpack_publicize_connections":[],"jetpack_featured_media_url":"https:\/\/baraka.cc\/wp-content\/uploads\/2015\/05\/edon.jpg","jetpack_shortlink":"https:\/\/wp.me\/p4eHWX-N1","jetpack_sharing_enabled":true,"_links":{"self":[{"href":"https:\/\/baraka.cc\/index.php?rest_route=\/wp\/v2\/posts\/3039"}],"collection":[{"href":"https:\/\/baraka.cc\/index.php?rest_route=\/wp\/v2\/posts"}],"about":[{"href":"https:\/\/baraka.cc\/index.php?rest_route=\/wp\/v2\/types\/post"}],"author":[{"embeddable":true,"href":"https:\/\/baraka.cc\/index.php?rest_route=\/wp\/v2\/users\/1"}],"replies":[{"embeddable":true,"href":"https:\/\/baraka.cc\/index.php?rest_route=%2Fwp%2Fv2%2Fcomments&post=3039"}],"version-history":[{"count":1,"href":"https:\/\/baraka.cc\/index.php?rest_route=\/wp\/v2\/posts\/3039\/revisions"}],"predecessor-version":[{"id":3041,"href":"https:\/\/baraka.cc\/index.php?rest_route=\/wp\/v2\/posts\/3039\/revisions\/3041"}],"wp:featuredmedia":[{"embeddable":true,"href":"https:\/\/baraka.cc\/index.php?rest_route=\/wp\/v2\/media\/3040"}],"wp:attachment":[{"href":"https:\/\/baraka.cc\/index.php?rest_route=%2Fwp%2Fv2%2Fmedia&parent=3039"}],"wp:term":[{"taxonomy":"category","embeddable":true,"href":"https:\/\/baraka.cc\/index.php?rest_route=%2Fwp%2Fv2%2Fcategories&post=3039"},{"taxonomy":"post_tag","embeddable":true,"href":"https:\/\/baraka.cc\/index.php?rest_route=%2Fwp%2Fv2%2Ftags&post=3039"}],"curies":[{"name":"wp","href":"https:\/\/api.w.org\/{rel}","templated":true}]}}