{"id":3104,"date":"2015-06-13T13:44:20","date_gmt":"2015-06-13T11:44:20","guid":{"rendered":"https:\/\/baraka.cc\/?p=3104"},"modified":"2015-06-13T13:44:20","modified_gmt":"2015-06-13T11:44:20","slug":"halklar-brukselde-bulustu","status":"publish","type":"post","link":"https:\/\/baraka.cc\/?p=3104","title":{"rendered":"Halklar Br\u00fcksel\u2019de Bulu\u015ftu"},"content":{"rendered":"<p><a href=\"https:\/\/baraka.cc\/wp-content\/uploads\/2015\/06\/20150610_151901.jpg\"><img decoding=\"async\" loading=\"lazy\" class=\"size-medium wp-image-3105 alignleft\" alt=\"20150610_151901\" src=\"https:\/\/baraka.cc\/wp-content\/uploads\/2015\/06\/20150610_151901-300x168.jpg\" width=\"300\" height=\"168\" srcset=\"https:\/\/baraka.cc\/wp-content\/uploads\/2015\/06\/20150610_151901-300x168.jpg 300w, https:\/\/baraka.cc\/wp-content\/uploads\/2015\/06\/20150610_151901-1024x576.jpg 1024w\" sizes=\"(max-width: 300px) 100vw, 300px\" \/><\/a><\/p>\n<p>Baraka aktivistleri, 10 \u2013 11 Haziran\u2019da Bel\u00e7ika\u2019n\u0131n ba\u015fkenti Br\u00fcksel\u2019de ger\u00e7ekle\u015ftirilen\u00a0<b><i>\u201cHalklar\u0131n Zirvesi: Alternatifler \u0130n\u015fa Etmek\u201d<\/i><\/b>\u00a0bulu\u015fmas\u0131na kat\u0131ld\u0131. Halklar\u0131n Zirvesi, yine ayn\u0131 tarihlerde CELAC (Latin Amerika ve Karayip \u00dclkeleri \u00d6rg\u00fct\u00fc) ile AB aras\u0131nda ger\u00e7ekle\u015ftirilecek olan liderler zirvesine alternatif olarak tasarlanm\u0131\u015ft\u0131.\u00a0Avrupa Birli\u011fi\u2019nin ba\u015fkentinde, ger\u00e7ek bir meydan okuma niteli\u011findeki bulu\u015fma, hem pratik m\u00fccadele anlam\u0131nda \u00f6\u011fretici hem de yayd\u0131\u011f\u0131 co\u015fku ve kararl\u0131l\u0131k atmosferi ile te\u015fvik edici ili\u015fkilere vesile oldu.<\/p>\n<p>Program, 10 Haziran \u00e7ar\u015famba g\u00fcn\u00fc\u00a0<b><i>\u201cALBA konferans\u0131\u201d<\/i><\/b>yla ba\u015flarken,\u00a0<b><i>\u201cVenezuella dayan\u0131\u015fma y\u00fcr\u00fcy\u00fc\u015f\u00fc\u201d<\/i><\/b>\u00a0ve yine\u00a0<b><i>\u201cVenezuella dayan\u0131\u015fma konferans\u0131\u201d<\/i><\/b>yla<b><i>\u00a0<\/i><\/b>sona erdi. 11 Haziran per\u015fembe g\u00fcnk\u00fc program ise\u00a0<b><i>\u201c\u0130klim De\u011fi\u015fimi: D\u00fcnya ve \u0130nsan Ya\u015fam\u0131n\u0131n korunmas\u0131\u201d, \u201cSerbest Ticaret Anla\u015fmalar\u0131: Kimin \u0130\u00e7in Serbest?\u201d, \u201cLatin Amerika halklar\u0131n\u0131n birle\u015fmesi (ALBA, CELAC, UNASUR)\u201d, \u201cBar\u0131\u015f, Dayan\u0131\u015fma: M\u00fcdahaleler, Yapt\u0131r\u0131mlar (NATO, ABD), \u201c\u0130nsan Haklar\u0131 Herkes \u0130\u00e7indir\u201d, \u201cLatin Amerika, Karayipler ve Avrupa\u2019n\u0131n Sosyal Korumas\u0131\u201d\u00a0<\/i><\/b><i>ve<b>\u00a0\u201cK\u00fcresel Ana Medya\u2019n\u0131n G\u00fcc\u00fc\u201d<\/b><\/i>\u00a0konular\u0131yla ilgili yuvarlak masa toplant\u0131lar\u0131n\u0131n ard\u0131ndan ak\u015fam ger\u00e7ekle\u015ftirilen\u00a0<b><i>\u201cLatin Amerika, Karayipler ve Avrupa Halklar\u0131 ile Liderlerin Bulu\u015fmas\u0131\u201d<\/i><\/b>\u00a0yla son buldu.<\/p>\n<p>&nbsp;<\/p>\n<p><b><a href=\"https:\/\/baraka.cc\/wp-content\/uploads\/2015\/06\/1.jpg\"><img decoding=\"async\" loading=\"lazy\" class=\"size-medium wp-image-3106 alignleft\" alt=\"1\" src=\"https:\/\/baraka.cc\/wp-content\/uploads\/2015\/06\/1-300x130.jpg\" width=\"300\" height=\"130\" srcset=\"https:\/\/baraka.cc\/wp-content\/uploads\/2015\/06\/1-300x130.jpg 300w, https:\/\/baraka.cc\/wp-content\/uploads\/2015\/06\/1.jpg 960w\" sizes=\"(max-width: 300px) 100vw, 300px\" \/><\/a>ALBA Konferans\u0131; \u201cAvrupa\u2019n\u0131n da ALBA\u2019ya ihtiyac\u0131 var\u2026\u201d<\/b><\/p>\n<p>ALBA, Hugo Chaves Frias ile Fidel Castro taraf\u0131ndan olu\u015fturulan, anti \u2013 emperyalist hassasiyetleri olan Latin Amerika ortak pazar\u0131d\u0131r. ABD\u2019nin b\u00f6lgede uygulad\u0131\u011f\u0131 Serbest Ticaret Antla\u015fmas\u0131\u2019na (FTAA) tepki olarak do\u011fmu\u015f ve ikili ticaretin para yerine mal veya hizmet takas\u0131 ile yap\u0131labilmesine olanak tan\u0131yarak ambargo alt\u0131ndaki K\u00fcba ekonomisinin\u00a0ve devrimci h\u00fck\u00fcmetlerin dayan\u0131\u015fmas\u0131n\u0131n\u00f6n\u00fcn\u00fc a\u00e7t\u0131.<\/p>\n<p>Konferans kat\u0131l\u0131mc\u0131lar\u0131 \u00f6nceliklerinin di\u011fer \u00fclkeler taraf\u0131ndan Latin Amerika\u2019ya uygulanan ekonomik teminatlara kar\u015f\u0131 durabilmek oldu\u011funu belirttiler. Ayr\u0131ca liderleri veya ba\u015fkalar\u0131n\u0131 beklemeden de biraraya gelmenin \u00f6nemine vurgu yapt\u0131lar. \u0130leti\u015fim ve\u00a0dayan\u0131\u015fman\u0131n\u00a0en b\u00fcy\u00fck kazan\u00e7 oldu\u011funa de\u011finen konu\u015fmac\u0131lar, ALBA yetkilileri, \u201cbirbirimize ihtiyac\u0131m\u0131z var ve t\u00fcm halklar olarak biraraya gelmeliyiz. Avrupa\u2019n\u0131n da ALBA\u2019ya ihtiyac\u0131 var\u201d \u015feklinde g\u00f6r\u00fc\u015f bildirdi.<\/p>\n<p><b>\u00a0<\/b><\/p>\n<p><b><a href=\"https:\/\/baraka.cc\/wp-content\/uploads\/2015\/06\/3.jpg\"><img decoding=\"async\" loading=\"lazy\" class=\"size-medium wp-image-3107 alignleft\" alt=\"3\" src=\"https:\/\/baraka.cc\/wp-content\/uploads\/2015\/06\/3-300x168.jpg\" width=\"300\" height=\"168\" srcset=\"https:\/\/baraka.cc\/wp-content\/uploads\/2015\/06\/3-300x168.jpg 300w, https:\/\/baraka.cc\/wp-content\/uploads\/2015\/06\/3.jpg 960w\" sizes=\"(max-width: 300px) 100vw, 300px\" \/><\/a>Slogan\u0131n dili farkl\u0131 ama ruhu ayn\u0131yd\u0131:<\/b><\/p>\n<p>Venezuella ile dayan\u0131\u015fma amac\u0131yla ger\u00e7ekle\u015ftirilen eylemde, d\u00fcnyan\u0131n farkl\u0131 b\u00f6lgelerinden gelen muhalif \u00f6rg\u00fctler, yakla\u015f\u0131k iki saat boyunca farkl\u0131 dillerde ayn\u0131 ama\u00e7 u\u011fruna slogan att\u0131lar. Y\u00fcr\u00fcy\u00fc\u015fe kat\u0131l\u0131m olduk\u00e7a iyiyken, atmosfer de co\u015fkulu ve heyecanl\u0131yd\u0131. Eylemciler, ellerine s\u00fcrd\u00fckleri siyah boyalarla \u201c<b>kirli ellerinizi \u00fczerimizden \u00e7ekin\u201d<\/b>\u00a0\u00a0dediler.Y\u00fcr\u00fcy\u00fc\u015fe, Almanya, \u0130spanya, Peru, Brezilya, \u0130ngiltere, \u0130sko\u00e7ya, \u0130rlanda, K\u0131br\u0131s, T\u00fcrkiye, Yunanistan, Arjantin, Meksika, Fransa, S\u0131rbistan, Slovakya, \u0130talya gibi \u00fclkelerden m\u00fccadele i\u00e7indeki halk hareketlerinden temsilciler kat\u0131ld\u0131.<\/p>\n<p>&nbsp;<\/p>\n<p><b><a href=\"https:\/\/baraka.cc\/wp-content\/uploads\/2015\/06\/2.jpg\"><img decoding=\"async\" loading=\"lazy\" class=\"size-medium wp-image-3108 alignleft\" alt=\"2\" src=\"https:\/\/baraka.cc\/wp-content\/uploads\/2015\/06\/2-300x217.jpg\" width=\"300\" height=\"217\" srcset=\"https:\/\/baraka.cc\/wp-content\/uploads\/2015\/06\/2-300x217.jpg 300w, https:\/\/baraka.cc\/wp-content\/uploads\/2015\/06\/2.jpg 960w\" sizes=\"(max-width: 300px) 100vw, 300px\" \/><\/a>Venezuella Dayan\u0131\u015fma Konferans\u0131:<\/b><\/p>\n<p>En az y\u00fcr\u00fcy\u00fc\u015f kadar co\u015fkulu olan konferansa da kat\u0131l\u0131m olduk\u00e7a kuvvetliydi. T\u00fcm g\u00fcn\u00fcn yorgunlu\u011funa ra\u011fmen slogan at\u0131p \u015fark\u0131lar s\u00f6yleyen insanlar\u0131n varl\u0131\u011f\u0131 heyecan vericiydi. Canl\u0131 m\u00fczik ve dans g\u00f6sterileriyle son bulan konferansta sabahki toplant\u0131larda kaleme al\u0131nan ORTAK DEKLERASYON okundu ve salonu dolduran y\u00fczlerce aktivist taraf\u0131ndan co\u015fkuyla onayland\u0131. Ortak deklerasyonun \u00e7evirisi yap\u0131larak daha sonra dostlar\u0131m\u0131zla payla\u015f\u0131lacakt\u0131r.<\/p>\n<p>&nbsp;<\/p>\n<p>Baraka aktivistleri, iki g\u00fcnl\u00fck yo\u011fun ve co\u015fkulu etkinlikler dizisinden yeni ili\u015fkiler ve deneyimler biriktirerek ve bu t\u00fcr enternasyonal faaliyetleri s\u0131kla\u015ft\u0131rma kararl\u0131l\u0131\u011f\u0131 ile 12 Haziran g\u00fcn\u00fc K\u0131br\u0131s\u2019a d\u00f6nd\u00fcler<\/p>\n<p><a href=\"https:\/\/baraka.cc\/wp-content\/uploads\/2015\/06\/6.jpg\"><img decoding=\"async\" loading=\"lazy\" class=\"alignnone size-medium wp-image-3109\" alt=\"6\" src=\"https:\/\/baraka.cc\/wp-content\/uploads\/2015\/06\/6-300x168.jpg\" width=\"300\" height=\"168\" srcset=\"https:\/\/baraka.cc\/wp-content\/uploads\/2015\/06\/6-300x168.jpg 300w, https:\/\/baraka.cc\/wp-content\/uploads\/2015\/06\/6.jpg 960w\" sizes=\"(max-width: 300px) 100vw, 300px\" \/><\/a><\/p>\n","protected":false},"excerpt":{"rendered":"<p>Baraka aktivistleri, 10 \u2013 11 Haziran\u2019da Bel\u00e7ika\u2019n\u0131n ba\u015fkenti Br\u00fcksel\u2019de ger\u00e7ekle\u015ftirilen\u00a0\u201cHalklar\u0131n Zirvesi: Alternatifler \u0130n\u015fa Etmek\u201d\u00a0bulu\u015fmas\u0131na kat\u0131ld\u0131. Halklar\u0131n Zirvesi, yine ayn\u0131 tarihlerde CELAC (Latin Amerika ve Karayip<\/p>\n","protected":false},"author":1,"featured_media":3105,"comment_status":"open","ping_status":"open","sticky":false,"template":"","format":"standard","meta":{"jetpack_post_was_ever_published":false,"_jetpack_newsletter_access":"","_jetpack_newsletter_tier_id":0,"jetpack_publicize_message":"","jetpack_is_tweetstorm":false,"jetpack_publicize_feature_enabled":true,"jetpack_social_post_already_shared":true,"jetpack_social_options":{"image_generator_settings":{"template":"highway","enabled":false}}},"categories":[1],"tags":[],"jetpack_publicize_connections":[],"jetpack_featured_media_url":"https:\/\/baraka.cc\/wp-content\/uploads\/2015\/06\/20150610_151901.jpg","jetpack_shortlink":"https:\/\/wp.me\/p4eHWX-O4","jetpack_sharing_enabled":true,"_links":{"self":[{"href":"https:\/\/baraka.cc\/index.php?rest_route=\/wp\/v2\/posts\/3104"}],"collection":[{"href":"https:\/\/baraka.cc\/index.php?rest_route=\/wp\/v2\/posts"}],"about":[{"href":"https:\/\/baraka.cc\/index.php?rest_route=\/wp\/v2\/types\/post"}],"author":[{"embeddable":true,"href":"https:\/\/baraka.cc\/index.php?rest_route=\/wp\/v2\/users\/1"}],"replies":[{"embeddable":true,"href":"https:\/\/baraka.cc\/index.php?rest_route=%2Fwp%2Fv2%2Fcomments&post=3104"}],"version-history":[{"count":1,"href":"https:\/\/baraka.cc\/index.php?rest_route=\/wp\/v2\/posts\/3104\/revisions"}],"predecessor-version":[{"id":3110,"href":"https:\/\/baraka.cc\/index.php?rest_route=\/wp\/v2\/posts\/3104\/revisions\/3110"}],"wp:featuredmedia":[{"embeddable":true,"href":"https:\/\/baraka.cc\/index.php?rest_route=\/wp\/v2\/media\/3105"}],"wp:attachment":[{"href":"https:\/\/baraka.cc\/index.php?rest_route=%2Fwp%2Fv2%2Fmedia&parent=3104"}],"wp:term":[{"taxonomy":"category","embeddable":true,"href":"https:\/\/baraka.cc\/index.php?rest_route=%2Fwp%2Fv2%2Fcategories&post=3104"},{"taxonomy":"post_tag","embeddable":true,"href":"https:\/\/baraka.cc\/index.php?rest_route=%2Fwp%2Fv2%2Ftags&post=3104"}],"curies":[{"name":"wp","href":"https:\/\/api.w.org\/{rel}","templated":true}]}}