{"id":3129,"date":"2015-06-17T21:34:48","date_gmt":"2015-06-17T19:34:48","guid":{"rendered":"https:\/\/baraka.cc\/?p=3129"},"modified":"2015-06-17T21:36:12","modified_gmt":"2015-06-17T19:36:12","slug":"barakada-su-hakki-filmleri-festivali-gerceklestiriliyor","status":"publish","type":"post","link":"https:\/\/baraka.cc\/?p=3129","title":{"rendered":"BARAKA&#8217;DA &#8220;SU HAKKI F\u0130LMLER\u0130&#8221; FEST\u0130VAL\u0130 GER\u00c7EKLE\u015eT\u0130R\u0130L\u0130YOR"},"content":{"rendered":"<p style=\"text-align: left;\" align=\"center\"><strong>BARAKA\u2019DAN \u201cSU HAKKI F\u0130LMLER\u0130\u201d<\/strong><\/p>\n<p>Baraka K\u00fclt\u00fcr Merkezi, 22-25-27 Haziran tarihlerinde \u201cSu Hakk\u0131\u201d temal\u0131 mini bir film festivali d\u00fczenliyor. Baraka\u2019dan yap\u0131lan a\u00e7\u0131klamaya g\u00f6re 22 Haziran Pazartesi \u201cD\u00fcnya\u2019n\u0131n Susuzlu\u011fu\u201d filmi orijinal dilinde ve T\u00fcrk\u00e7e altyaz\u0131l\u0131 olarak, 25 Haziran Per\u015fembe \u201cBaraj Devri (Damnation)\u201d filmi orijinal dilinde(\u0130ngilizce) ve 27 Haziran Cumartesi \u201cAk\u0131nt\u0131ya Kar\u015f\u0131\u201d filmi ise T\u00fcrk\u00e7e dilinde g\u00f6sterilecek. T\u00fcm g\u00f6sterimler Baraka\u2019n\u0131n K\u0131z\u0131lba\u015f\u2019taki lokalinde saat 20.00\u2019de ba\u015flayacak ve \u00fccretsiz olacak. Baraka aktivisti Fatih Bayraktar, T\u00fcrkiye\u2019den K\u0131br\u0131s\u2019\u0131n kuzeyine getirilecek suyun ne zaman gelece\u011fi ve nas\u0131l y\u00f6netilece\u011fi belirsizli\u011fini korurken, suyun bir\u00a0 hak oldu\u011funu, metala\u015ft\u0131r\u0131lamayaca\u011f\u0131n\u0131 ve \u00f6zelle\u015ftirilemeyece\u011fini vurgulamak i\u00e7in bu film festivalini d\u00fczenlediklerini belirterek, t\u00fcm halk\u0131 belgesel filmleri izleyip tart\u0131\u015fmaya davet etti.<\/p>\n<p><a style=\"line-height: 1.5em;\" href=\"https:\/\/baraka.cc\/wp-content\/uploads\/2015\/06\/kapak.jpg\"><img decoding=\"async\" loading=\"lazy\" class=\"alignnone size-medium wp-image-3130\" alt=\"kapak\" src=\"https:\/\/baraka.cc\/wp-content\/uploads\/2015\/06\/kapak-212x300.jpg\" width=\"212\" height=\"300\" srcset=\"https:\/\/baraka.cc\/wp-content\/uploads\/2015\/06\/kapak-212x300.jpg 212w, https:\/\/baraka.cc\/wp-content\/uploads\/2015\/06\/kapak.jpg 680w\" sizes=\"(max-width: 212px) 100vw, 212px\" \/><\/a><a href=\"https:\/\/baraka.cc\/wp-content\/uploads\/2015\/06\/slider.jpg\"><img decoding=\"async\" loading=\"lazy\" class=\"alignnone size-medium wp-image-3133\" alt=\"slider\" src=\"https:\/\/baraka.cc\/wp-content\/uploads\/2015\/06\/slider-300x114.jpg\" width=\"300\" height=\"114\" srcset=\"https:\/\/baraka.cc\/wp-content\/uploads\/2015\/06\/slider-300x114.jpg 300w, https:\/\/baraka.cc\/wp-content\/uploads\/2015\/06\/slider-1024x389.jpg 1024w, https:\/\/baraka.cc\/wp-content\/uploads\/2015\/06\/slider.jpg 2048w\" sizes=\"(max-width: 300px) 100vw, 300px\" \/><\/a><\/p>\n","protected":false},"excerpt":{"rendered":"<p>BARAKA\u2019DAN \u201cSU HAKKI F\u0130LMLER\u0130\u201d Baraka K\u00fclt\u00fcr Merkezi, 22-25-27 Haziran tarihlerinde \u201cSu Hakk\u0131\u201d temal\u0131 mini bir film festivali d\u00fczenliyor. Baraka\u2019dan yap\u0131lan a\u00e7\u0131klamaya g\u00f6re 22 Haziran Pazartesi<\/p>\n","protected":false},"author":4,"featured_media":3130,"comment_status":"open","ping_status":"open","sticky":false,"template":"","format":"standard","meta":{"jetpack_post_was_ever_published":false,"_jetpack_newsletter_access":"","_jetpack_newsletter_tier_id":0,"jetpack_publicize_message":"","jetpack_is_tweetstorm":false,"jetpack_publicize_feature_enabled":true,"jetpack_social_post_already_shared":true,"jetpack_social_options":{"image_generator_settings":{"template":"highway","enabled":false}}},"categories":[9,1],"tags":[],"jetpack_publicize_connections":[],"jetpack_featured_media_url":"https:\/\/baraka.cc\/wp-content\/uploads\/2015\/06\/kapak.jpg","jetpack_shortlink":"https:\/\/wp.me\/p4eHWX-Ot","jetpack_sharing_enabled":true,"_links":{"self":[{"href":"https:\/\/baraka.cc\/index.php?rest_route=\/wp\/v2\/posts\/3129"}],"collection":[{"href":"https:\/\/baraka.cc\/index.php?rest_route=\/wp\/v2\/posts"}],"about":[{"href":"https:\/\/baraka.cc\/index.php?rest_route=\/wp\/v2\/types\/post"}],"author":[{"embeddable":true,"href":"https:\/\/baraka.cc\/index.php?rest_route=\/wp\/v2\/users\/4"}],"replies":[{"embeddable":true,"href":"https:\/\/baraka.cc\/index.php?rest_route=%2Fwp%2Fv2%2Fcomments&post=3129"}],"version-history":[{"count":7,"href":"https:\/\/baraka.cc\/index.php?rest_route=\/wp\/v2\/posts\/3129\/revisions"}],"predecessor-version":[{"id":3138,"href":"https:\/\/baraka.cc\/index.php?rest_route=\/wp\/v2\/posts\/3129\/revisions\/3138"}],"wp:featuredmedia":[{"embeddable":true,"href":"https:\/\/baraka.cc\/index.php?rest_route=\/wp\/v2\/media\/3130"}],"wp:attachment":[{"href":"https:\/\/baraka.cc\/index.php?rest_route=%2Fwp%2Fv2%2Fmedia&parent=3129"}],"wp:term":[{"taxonomy":"category","embeddable":true,"href":"https:\/\/baraka.cc\/index.php?rest_route=%2Fwp%2Fv2%2Fcategories&post=3129"},{"taxonomy":"post_tag","embeddable":true,"href":"https:\/\/baraka.cc\/index.php?rest_route=%2Fwp%2Fv2%2Ftags&post=3129"}],"curies":[{"name":"wp","href":"https:\/\/api.w.org\/{rel}","templated":true}]}}