{"id":3139,"date":"2015-06-19T13:59:28","date_gmt":"2015-06-19T11:59:28","guid":{"rendered":"https:\/\/baraka.cc\/?p=3139"},"modified":"2015-06-19T13:59:28","modified_gmt":"2015-06-19T11:59:28","slug":"ozel-sektorde-sendika-ve-denetim-istiyoruz","status":"publish","type":"post","link":"https:\/\/baraka.cc\/?p=3139","title":{"rendered":"\u00d6zel Sekt\u00f6r&#8217;de Sendika ve Denetim \u0130stiyoruz"},"content":{"rendered":"<p><a href=\"https:\/\/baraka.cc\/wp-content\/uploads\/2015\/06\/bir.gif\"><img decoding=\"async\" loading=\"lazy\" class=\"size-medium wp-image-3140 alignleft\" alt=\"bir\" src=\"https:\/\/baraka.cc\/wp-content\/uploads\/2015\/06\/bir-300x260.gif\" width=\"300\" height=\"260\" \/><\/a>\u00d6zel sekt\u00f6rde sendikas\u0131zl\u0131k, denetimsizlik ve patronlar\u0131n kar h\u0131rs\u0131 nedeniyle giderek artmakta olan i\u015f cinayetlerine kar\u015f\u0131 19 \u00f6rg\u00fct ortak bir bildiri yay\u0131nlad\u0131. H\u00fck\u00fcmet&#8217;in patronlara te\u015fvik vererek olumsuz gidi\u015fi de\u011fi\u015ftirme d\u00fc\u015f\u00fcncesinin a\u011f\u0131r bir \u015fekilde ele\u015ftirildi\u011fi ve ya\u015fanan \u00f6l\u00fcmler kar\u015f\u0131s\u0131nda halka bir \u00f6z\u00fcr borcu oldu\u011funun vurguland\u0131\u011f\u0131 bildirinin tam metni \u015f\u00f6yle:<\/p>\n<p>&#8220;\u00dclkemizde art\u0131k neredeyse her ay bir veya iki i\u015f cinayeti ya\u015fanmakta, meydana gelen onlarca i\u015f kazas\u0131nda bir\u00e7ok emek\u00e7i yaralanmaktad\u0131r. Ge\u00e7ti\u011fimiz hafta biri Ma\u011fusa\u2019da di\u011feri de Bal\u0131kesir k\u00f6y\u00fcnde ya\u015fanan iki i\u015f cinayetinde iki emek\u00e7imiz hayat\u0131n\u0131 kaybetmi\u015ftir. 2015 y\u0131l\u0131 i\u00e7erisinde i\u015f cinayetlerinden hayat\u0131n\u0131 kaybeden emek\u00e7ilerin say\u0131s\u0131 Haziran ay\u0131 itibariyle 7\u2019ye y\u00fckselmi\u015fti. 2014 y\u0131l\u0131nda i\u015f cinayetlerinden hayat\u0131n\u0131 kaybedenlerin say\u0131s\u0131 6 iken, 2015 y\u0131l\u0131nda bu i\u015f cinayetlerinden \u00f6lenlerin say\u0131s\u0131 7\u2019ye ula\u015fm\u0131\u015f durumda. Son be\u015f y\u0131l i\u00e7erisinde i\u015f cinayetlerinden \u00f6lenlerin say\u0131s\u0131 ise ge\u00e7en hafta ya\u015fanan \u00f6l\u00fcmlerle 30\u2019a ula\u015ft\u0131.<\/p>\n<p>Bu \u00fcrk\u00fct\u00fcc\u00fc tablo ya\u015famakta oldu\u011fumuz sistemin ac\u0131mas\u0131zl\u0131\u011f\u0131n\u0131 g\u00f6zler \u00f6n\u00fcne sererken, ya\u015fanan \u00f6l\u00fcmlerden dolay\u0131 istifa etmek bir yana, kamuoyundan \u00f6z\u00fcr dilemeye bile yeltenmeyen yetkililerin ve siyasilerin ger\u00e7ek karakterlerini g\u00f6stermektedir.<\/p>\n<p>Son be\u015f y\u0131lda ortaya \u00e7\u0131kan bu tablodan hem gelmi\u015f ge\u00e7mi\u015f h\u00fck\u00fcmetler hem de insan ya\u015fam\u0131n\u0131 hi\u00e7e sayan, tek kayg\u0131lar\u0131 daha fazla kar elde etmek ve o kar\u0131 da emek\u00e7i hayat\u0131 \u00fczerinden sa\u011flayan patronlar sorumludur!<\/p>\n<p>\u0130\u015f verenler \u00fczerinde herhangi bir denetleme yapmayan, i\u015f\u00e7i sa\u011fl\u0131\u011f\u0131 ve g\u00fcvenli\u011fi kriterlerinin uygulanmas\u0131 i\u00e7in neredeyse hi\u00e7bir ger\u00e7ek\u00e7i emek sarf etmeyen, i\u015f yerlerinde sendikala\u015fma ve \u00f6rg\u00fctlenme giri\u015fimlerinin patronlar taraf\u0131ndan yasa d\u0131\u015f\u0131 bir \u015fekilde bast\u0131r\u0131lmas\u0131na g\u00f6z yuman h\u00fck\u00fcmet, \u00c7al\u0131\u015fma ve Sosyal G\u00fcvenlik Bakanl\u0131\u011f\u0131 ve s\u00f6zde emekten yana siyasiler bug\u00fcn bu tablo kar\u015f\u0131s\u0131nda halka hesap vermelidir.<\/p>\n<p><strong>\u0130\u015f cinayetlerinin \u00f6n\u00fcne ge\u00e7ilmesi i\u00e7in yap\u0131lmas\u0131 gerekenler \u00e7ok a\u00e7\u0131kt\u0131r!<\/strong><\/p>\n<ul>\n<li>Uluslararas\u0131 normlarda, yasalar\u0131m\u0131zla da belirlenmi\u015f olan i\u015f\u00e7i sa\u011fl\u0131\u011f\u0131 ve g\u00fcvenli\u011fi kriterlerinin, ILO d\u00fczenlemelerinin uygulanmas\u0131! K\u0131sacas\u0131 yasalar\u0131n uygulanmas\u0131!<\/li>\n<li>\u00c7al\u0131\u015fma ve Sosyal G\u00fcvenlik Bakanl\u0131\u011f\u0131\u2019n\u0131n \u015fov yapmak yerine ciddi bir \u015fekilde Bakanl\u0131k b\u00fcnyesinde i\u015f\u00e7i sa\u011fl\u0131\u011f\u0131 ve g\u00fcvenli\u011fi ihlallerini denetleyecek kapasiteye ula\u015farak, temel g\u00f6revlerinden biri olan s\u00f6z konusu denetimleri yerine getirmesi.<\/li>\n<li>H\u00fck\u00fcmetin her hangi bir i\u015f yeri a\u00e7ma izni i\u00e7in i\u015f\u00e7i sa\u011fl\u0131\u011f\u0131 ve g\u00fcvenli\u011fi kriterlerinin uygulanmas\u0131n\u0131 \u015fart haline getirmesi.<\/li>\n<li>\u0130\u015f yerlerinde sendikala\u015fmay\u0131 engelleyen i\u015fverenlere a\u011f\u0131r yapt\u0131r\u0131m uygulanmas\u0131. Sendikala\u015fman\u0131n \u00f6n\u00fcn\u00fcn a\u00e7\u0131lmas\u0131! Bunun patronlara ekstra primler ve te\u015fvikler \u00f6denerek de\u011fil, en temel insan haklar\u0131ndan biri olan \u00f6rg\u00fctlenme hakk\u0131n\u0131 engelleyenlere a\u011f\u0131r yapt\u0131r\u0131mlar uygulayarak ger\u00e7ekle\u015ftirilmesi.<\/li>\n<li>Derhal i\u015f mahkemelerinin kurulmas\u0131! Gerek sendikala\u015fmaya kar\u015f\u0131 \u00e7\u0131kan i\u015f verenlerin gerekse de i\u015f\u00e7i g\u00fcvenli\u011fi ve sa\u011fl\u0131\u011f\u0131 kriterlerini uygulamayan i\u015fverenlerin hem \u015fu anki yasal mevzuat i\u015fletilerek yarg\u0131lanmas\u0131 hem de kurulacak olan i\u015f mahkemelerinde yarg\u0131lanmas\u0131!<\/li>\n<\/ul>\n<p>Biz a\u015fa\u011f\u0131da imzas\u0131 olan sendika ve \u00f6rg\u00fctler olarak derhal ve h\u0131zl\u0131 bir \u015fekilde bu taleplerin yerine getirilmesini istiyoruz! \u0130\u015f yerlerinde i\u015f cinayetlerinin \u00f6nlenmesinin iki temel zemini vard\u0131r. Bunlardan biri i\u015f\u00e7i sa\u011fl\u0131\u011f\u0131 ve g\u00fcvenli\u011fi kriterlerinin uygulanmas\u0131, denetlenmesi ve yerine getirmeyenlerin i\u015f mahkemelerinde cezaland\u0131r\u0131lmas\u0131. Bir di\u011feri ise hem i\u015f ve \u00e7al\u0131\u015fma huzurunun sa\u011flanmas\u0131, emek\u00e7ilerin gasp edilen haklar\u0131n\u0131n geri al\u0131nmas\u0131 hem de i\u015f\u00e7i cinayetlerinin \u00f6n\u00fcne ge\u00e7mek i\u00e7in \u00f6zel sekt\u00f6rde sendikala\u015fman\u0131n sa\u011flanmas\u0131d\u0131r. \u00c7al\u0131\u015fma Bakan\u0131 bu y\u00f6nde \u00e7al\u0131\u015fmalar yapt\u0131\u011f\u0131n\u0131 ifade etse de bizler i\u00e7in s\u00f6z konusu giri\u015fimler tatmin edici olmak \u015f\u00f6yle dursun, en temel haklardan biri olan \u00f6rg\u00fctlenme ve sendikala\u015fma hakk\u0131n\u0131 suland\u0131rmaktad\u0131r. Bizler patronlara prim art\u0131\u015flar ve te\u015fviklerle ne sendikala\u015fman\u0131n \u00f6n\u00fcn\u00fcn a\u00e7\u0131laca\u011f\u0131n\u0131 ne de i\u015f cinayetlerinin engellenece\u011fini d\u00fc\u015f\u00fcnmekteyiz! Bunun yolu emek\u00e7ilerin \u00f6rg\u00fctlenme ve sendikala\u015fma hakk\u0131n\u0131 garantiye alacak, koruyacak ve ileriye g\u00f6t\u00fcrecek yasal de\u011fi\u015fikliklerle a\u00e7\u0131lacakt\u0131r.<\/p>\n<p>Bizler sendikalar, partiler ve demokratik kitle \u00f6rg\u00fctleri olarak eme\u011fin hakk\u0131n\u0131 gasp edenlere kar\u015f\u0131 saflar\u0131 s\u0131kla\u015ft\u0131rarak m\u00fccadelemizi y\u00fckseltece\u011fiz. Yukar\u0131da sayd\u0131\u011f\u0131m\u0131z taleplerin ger\u00e7ekle\u015fmesi i\u00e7in u\u011fra\u015facak ve takip\u00e7isi olaca\u011f\u0131z.<\/p>\n<p>\u00c7al\u0131\u015f\u0131rken \u00f6lmek istemiyoruz!<\/p>\n<p>\u00d6zel sekt\u00f6re sendika!<\/p>\n<p>\u0130mzalayanlar:<\/p>\n<p><strong>DEV-\u0130\u015e (Devrimci Genel-\u0130\u015f, Emek-\u0130\u015f, Petrol-\u0130\u015f), T\u00dcRK-SEN, BES, G\u00dc\u00c7-SEN, KT\u00d6S, KTOE\u00d6S, DA\u00dc-SEN, BASIN-SEN, KTAMS, KOOP-SEN, Feminist At\u00f6lye (FEMA), Ma\u011fusa Gen\u00e7lik Merkezi (MAGEM), M\u00fclteci Haklar\u0131 Derne\u011fi (MHD), K\u0131br\u0131s Sosyalist Partisi (KSP), Birle\u015fik K\u0131br\u0131s Partisi (BKP), Yeni K\u0131br\u0131s Partisi (YKP), Ba\u011f\u0131ms\u0131zl\u0131k Yolu, Devrimci Kom\u00fcnist Birlik (DKB), Baraka K\u00fclt\u00fcr Merkezi <\/strong><\/p>\n<p>\u00d6rg\u00fctler a.<\/p>\n<p>Hasan Felek<\/p>\n<p>DEV-\u0130\u015e Genel Ba\u015fkan Vekili&#8221;<\/p>\n<p>&nbsp;<\/p>\n","protected":false},"excerpt":{"rendered":"<p>\u00d6zel sekt\u00f6rde sendikas\u0131zl\u0131k, denetimsizlik ve patronlar\u0131n kar h\u0131rs\u0131 nedeniyle giderek artmakta olan i\u015f cinayetlerine kar\u015f\u0131 19 \u00f6rg\u00fct ortak bir bildiri yay\u0131nlad\u0131. H\u00fck\u00fcmet&#8217;in patronlara te\u015fvik vererek<\/p>\n","protected":false},"author":1,"featured_media":3140,"comment_status":"open","ping_status":"open","sticky":false,"template":"","format":"standard","meta":{"jetpack_post_was_ever_published":false,"_jetpack_newsletter_access":"","_jetpack_newsletter_tier_id":0,"jetpack_publicize_message":"","jetpack_is_tweetstorm":false,"jetpack_publicize_feature_enabled":true,"jetpack_social_post_already_shared":true,"jetpack_social_options":{"image_generator_settings":{"template":"highway","enabled":false}}},"categories":[38,9,1],"tags":[],"jetpack_publicize_connections":[],"jetpack_featured_media_url":"https:\/\/baraka.cc\/wp-content\/uploads\/2015\/06\/bir.gif","jetpack_shortlink":"https:\/\/wp.me\/p4eHWX-OD","jetpack_sharing_enabled":true,"_links":{"self":[{"href":"https:\/\/baraka.cc\/index.php?rest_route=\/wp\/v2\/posts\/3139"}],"collection":[{"href":"https:\/\/baraka.cc\/index.php?rest_route=\/wp\/v2\/posts"}],"about":[{"href":"https:\/\/baraka.cc\/index.php?rest_route=\/wp\/v2\/types\/post"}],"author":[{"embeddable":true,"href":"https:\/\/baraka.cc\/index.php?rest_route=\/wp\/v2\/users\/1"}],"replies":[{"embeddable":true,"href":"https:\/\/baraka.cc\/index.php?rest_route=%2Fwp%2Fv2%2Fcomments&post=3139"}],"version-history":[{"count":1,"href":"https:\/\/baraka.cc\/index.php?rest_route=\/wp\/v2\/posts\/3139\/revisions"}],"predecessor-version":[{"id":3141,"href":"https:\/\/baraka.cc\/index.php?rest_route=\/wp\/v2\/posts\/3139\/revisions\/3141"}],"wp:featuredmedia":[{"embeddable":true,"href":"https:\/\/baraka.cc\/index.php?rest_route=\/wp\/v2\/media\/3140"}],"wp:attachment":[{"href":"https:\/\/baraka.cc\/index.php?rest_route=%2Fwp%2Fv2%2Fmedia&parent=3139"}],"wp:term":[{"taxonomy":"category","embeddable":true,"href":"https:\/\/baraka.cc\/index.php?rest_route=%2Fwp%2Fv2%2Fcategories&post=3139"},{"taxonomy":"post_tag","embeddable":true,"href":"https:\/\/baraka.cc\/index.php?rest_route=%2Fwp%2Fv2%2Ftags&post=3139"}],"curies":[{"name":"wp","href":"https:\/\/api.w.org\/{rel}","templated":true}]}}