{"id":3158,"date":"2015-06-23T12:16:59","date_gmt":"2015-06-23T10:16:59","guid":{"rendered":"https:\/\/baraka.cc\/?p=3158"},"modified":"2015-06-23T12:16:59","modified_gmt":"2015-06-23T10:16:59","slug":"su-hakki-filmleri-festivali-basladi","status":"publish","type":"post","link":"https:\/\/baraka.cc\/?p=3158","title":{"rendered":"&#8220;SU HAKKI F\u0130LMLER\u0130 FEST\u0130VAL\u0130&#8221; BA\u015eLADI"},"content":{"rendered":"<p><a href=\"https:\/\/baraka.cc\/wp-content\/uploads\/2015\/06\/i\u00e7-2.jpg\"><img decoding=\"async\" loading=\"lazy\" class=\"size-medium wp-image-3159 alignleft\" style=\"border: 1px solid black;\" alt=\"i\u00e7 2\" src=\"https:\/\/baraka.cc\/wp-content\/uploads\/2015\/06\/i\u00e7-2-300x225.jpg\" width=\"300\" height=\"225\" srcset=\"https:\/\/baraka.cc\/wp-content\/uploads\/2015\/06\/i\u00e7-2-300x225.jpg 300w, https:\/\/baraka.cc\/wp-content\/uploads\/2015\/06\/i\u00e7-2-1024x768.jpg 1024w\" sizes=\"(max-width: 300px) 100vw, 300px\" \/><\/a>Baraka K\u00fclt\u00fcr Merkezi taraf\u0131ndan organize edilen &#8220;Su Hakk\u0131 Filmleri Festivali&#8221; d\u00fcn ak\u015fam ba\u015flad\u0131. A\u00e7\u0131l\u0131\u015f gecesinde &#8220;D\u00fcnyan\u0131n Susuzlu\u011fu&#8221; belgeseli izlendi. Festival kapsam\u0131ndaki ikinci film olan &#8220;Baraj Devri&#8221; 25 Haziran Per\u015fembe ak\u015fam\u0131, son film olan &#8220;Ak\u0131nt\u0131ya Kar\u015f\u0131&#8221; ise 27 Haziran Cumartesi ak\u015fam\u0131 t\u00fcm filmlerde oldu\u011fu gibi saat 20.00&#8217;de Baraka lokalinde \u00fccretsiz olarak g\u00f6sterilecek.<\/p>\n<p>&nbsp;<\/p>\n<p>&nbsp;<\/p>\n<p>&nbsp;<\/p>\n<p>&nbsp;<\/p>\n<p>&nbsp;<\/p>\n<p><a style=\"line-height: 1.5em;\" href=\"https:\/\/baraka.cc\/wp-content\/uploads\/2015\/06\/kapak.jpg\"><img decoding=\"async\" loading=\"lazy\" class=\"alignnone size-medium wp-image-3130\" alt=\"kapak\" src=\"https:\/\/baraka.cc\/wp-content\/uploads\/2015\/06\/kapak-212x300.jpg\" width=\"212\" height=\"300\" srcset=\"https:\/\/baraka.cc\/wp-content\/uploads\/2015\/06\/kapak-212x300.jpg 212w, https:\/\/baraka.cc\/wp-content\/uploads\/2015\/06\/kapak.jpg 680w\" sizes=\"(max-width: 212px) 100vw, 212px\" \/><\/a>\u00a0 \u00a0 \u00a0\u00a0<a href=\"https:\/\/baraka.cc\/wp-content\/uploads\/2015\/06\/i\u00e7.jpg\"><img decoding=\"async\" loading=\"lazy\" class=\"alignnone size-medium wp-image-3160\" alt=\"i\u00e7\" src=\"https:\/\/baraka.cc\/wp-content\/uploads\/2015\/06\/i\u00e7-300x225.jpg\" width=\"300\" height=\"225\" srcset=\"https:\/\/baraka.cc\/wp-content\/uploads\/2015\/06\/i\u00e7-300x225.jpg 300w, https:\/\/baraka.cc\/wp-content\/uploads\/2015\/06\/i\u00e7-1024x768.jpg 1024w\" sizes=\"(max-width: 300px) 100vw, 300px\" \/><\/a><\/p>\n","protected":false},"excerpt":{"rendered":"<p>Baraka K\u00fclt\u00fcr Merkezi taraf\u0131ndan organize edilen &#8220;Su Hakk\u0131 Filmleri Festivali&#8221; d\u00fcn ak\u015fam ba\u015flad\u0131. A\u00e7\u0131l\u0131\u015f gecesinde &#8220;D\u00fcnyan\u0131n Susuzlu\u011fu&#8221; belgeseli izlendi. Festival kapsam\u0131ndaki ikinci film olan &#8220;Baraj<\/p>\n","protected":false},"author":4,"featured_media":3163,"comment_status":"open","ping_status":"open","sticky":false,"template":"","format":"standard","meta":{"jetpack_post_was_ever_published":false,"_jetpack_newsletter_access":"","_jetpack_newsletter_tier_id":0,"jetpack_publicize_message":"","jetpack_is_tweetstorm":false,"jetpack_publicize_feature_enabled":true,"jetpack_social_post_already_shared":true,"jetpack_social_options":{"image_generator_settings":{"template":"highway","enabled":false}}},"categories":[1],"tags":[],"jetpack_publicize_connections":[],"jetpack_featured_media_url":"https:\/\/baraka.cc\/wp-content\/uploads\/2015\/06\/slider1.jpg","jetpack_shortlink":"https:\/\/wp.me\/p4eHWX-OW","jetpack_sharing_enabled":true,"_links":{"self":[{"href":"https:\/\/baraka.cc\/index.php?rest_route=\/wp\/v2\/posts\/3158"}],"collection":[{"href":"https:\/\/baraka.cc\/index.php?rest_route=\/wp\/v2\/posts"}],"about":[{"href":"https:\/\/baraka.cc\/index.php?rest_route=\/wp\/v2\/types\/post"}],"author":[{"embeddable":true,"href":"https:\/\/baraka.cc\/index.php?rest_route=\/wp\/v2\/users\/4"}],"replies":[{"embeddable":true,"href":"https:\/\/baraka.cc\/index.php?rest_route=%2Fwp%2Fv2%2Fcomments&post=3158"}],"version-history":[{"count":2,"href":"https:\/\/baraka.cc\/index.php?rest_route=\/wp\/v2\/posts\/3158\/revisions"}],"predecessor-version":[{"id":3162,"href":"https:\/\/baraka.cc\/index.php?rest_route=\/wp\/v2\/posts\/3158\/revisions\/3162"}],"wp:featuredmedia":[{"embeddable":true,"href":"https:\/\/baraka.cc\/index.php?rest_route=\/wp\/v2\/media\/3163"}],"wp:attachment":[{"href":"https:\/\/baraka.cc\/index.php?rest_route=%2Fwp%2Fv2%2Fmedia&parent=3158"}],"wp:term":[{"taxonomy":"category","embeddable":true,"href":"https:\/\/baraka.cc\/index.php?rest_route=%2Fwp%2Fv2%2Fcategories&post=3158"},{"taxonomy":"post_tag","embeddable":true,"href":"https:\/\/baraka.cc\/index.php?rest_route=%2Fwp%2Fv2%2Ftags&post=3158"}],"curies":[{"name":"wp","href":"https:\/\/api.w.org\/{rel}","templated":true}]}}