{"id":3175,"date":"2015-06-25T12:44:38","date_gmt":"2015-06-25T10:44:38","guid":{"rendered":"https:\/\/baraka.cc\/?p=3175"},"modified":"2015-06-25T12:44:38","modified_gmt":"2015-06-25T10:44:38","slug":"argasdi-sayi-38in-bellek-sayfasindan-cheyle-ilgili-bir-yazi","status":"publish","type":"post","link":"https:\/\/baraka.cc\/?p=3175","title":{"rendered":"ARGASD\u0130 SAYI 38&#8217;\u0130N BELLEK SAYFASINDAN &#8216;CHE&#8217;YLE \u0130LG\u0130L\u0130 B\u0130R YAZI"},"content":{"rendered":"<p><a href=\"https:\/\/baraka.cc\/wp-content\/uploads\/2015\/06\/che.jpg\"><img decoding=\"async\" loading=\"lazy\" class=\"size-medium wp-image-3177 alignright\" alt=\"che\" src=\"https:\/\/baraka.cc\/wp-content\/uploads\/2015\/06\/che-209x300.jpg\" width=\"209\" height=\"300\" srcset=\"https:\/\/baraka.cc\/wp-content\/uploads\/2015\/06\/che-209x300.jpg 209w, https:\/\/baraka.cc\/wp-content\/uploads\/2015\/06\/che.jpg 413w\" sizes=\"(max-width: 209px) 100vw, 209px\" \/><\/a>Ahmet Karaka\u015fl\u0131<\/p>\n<p>Karakasli.ahmet83@gmail.com<\/p>\n<p align=\"center\"><b>Ernesto \u2018Che\u2019 Guevara<\/b><\/p>\n<p align=\"center\"><b><i>\u00a0<\/i><\/b><\/p>\n<p><i>Pe\u015finden gidecek<\/i><i>\u00a0<\/i><i>cesaretin varsa, b\u00fct\u00fcn hayaller ger\u00e7ek<\/i><i>\u00a0<\/i><i>olabilir!<\/i><i><\/i><\/p>\n<p><i>Ernesto \u2018Che\u2019 Guevera<\/i><\/p>\n<p>Che\u00a0Guevara\u2026 Hayallerini satmayanlar\u0131n, umudunu\u00a0t\u00fcketmeyenlerin yolda\u015f\u0131, sol yan\u0131m\u0131zda atan devrimci ruhun ta kendisi&#8230;<\/p>\n<p>14 Haziran 1928 \u00a0y\u0131l\u0131nda Arjantin\u2019de d\u00fcnyaya \u00a0gelen, neredeyse\u00a0G\u00fcney Amerika\u2019n\u0131n b\u00fct\u00fcn halklar\u0131yla kucakla\u015fan, sonras\u0131nda kendisine \u201ccommandante\u201d s\u0131fat\u0131 kazand\u0131racak efsanevi\u00a0K\u00fcba devrimini yolda\u015flar\u0131yla birlikte ger\u00e7ekle\u015ftiren Che,\u00a0m\u00fccadeleci \u00a0ya\u015fam\u0131yla t\u00fcm d\u00fcnya devrimcilerinin haf\u0131zas\u0131nda silinmeyecek\u00a0\u015fekilde\u00a0kaz\u0131nm\u0131\u015f ve onun m\u00fccadeleci ki\u015fili\u011fi gelecek nesillere her zaman \u0131\u015f\u0131k tutmu\u015ftur. Hayat\u0131 boyunca m\u00fccadele edece\u011fi ast\u0131m hastal\u0131\u011f\u0131na ra\u011fmen, hen\u00fcz\u00a0k\u00fc\u00e7\u00fck ya\u015fta ba\u015far\u0131l\u0131 bir sporcu olmakta g\u00f6sterdi\u011fi dirayet, asl\u0131nda onun ilerideki m\u00fccadeleci ruhunun bir nevi habercisi\u00a0niteli\u011findeydi. T\u0131p \u00f6\u011frenimi g\u00f6rd\u00fc\u011f\u00fc esnada \u00a0e\u011fitimine ara verip arkada\u015f\u0131\u00a0Alberto\u00a0Granado\u00a0ile \u00e7\u0131kt\u0131\u011f\u0131 G\u00fcney Amerika yolculu\u011fu onun hayat\u0131n\u0131 de\u011fi\u015ftirecek bir fark\u0131ndal\u0131\u011fa pencere\u00a0a\u00e7t\u0131.<\/p>\n<p>Bu\u00a0yolculuk s\u0131ras\u0131nda\u00a0halklar\u0131n\u00a0yoksullu\u011funu, a\u00e7l\u0131\u011f\u0131n\u0131\u00a0ve \u00a0s\u00f6m\u00fcr\u00fcs\u00fcn\u00fc yak\u0131ndan g\u00f6zlemleyen Guevara, Latin Amerika\u2019daki ekonomik ve sosyal e\u015fitsizliklerin tek \u00e7\u00f6z\u00fcm\u00fcn\u00fcn devrim oldu\u011fu sonucuna varm\u0131\u015ft\u0131.\u00a0\u0130lk devrimci deneyimini ya\u015fad\u0131\u011f\u0131\u00a0Guatemala sonras\u0131, K\u00fcbal\u0131 devrimci\u00a0arkada\u015flar\u0131\u00a0vesilesiyle, Meksika\u2019da\u00a0Fidel Castro\u2019yla tan\u0131\u015fmas\u0131, t\u00fcm d\u00fcnyada yank\u0131lanacak bir devrimin de \u00a0ba\u015flang\u0131c\u0131 oldu. K\u00fcba\u2019ya do\u011fru yola \u00e7\u0131kan devrimci\u00a0hareket, t\u00fcm zorluklara ve verilen t\u00fcm kay\u0131plara ra\u011fmen umudunu\u00a0yitirmeden, yoksul\u00a0\u00a0ve ezilen halk\u0131n da deste\u011fiyle\u00a0diktat\u00f6r Batista\u2019y\u0131\u00a0devirmek\u00a0i\u00e7in\u00a0ba\u015flatt\u0131klar\u0131 m\u00fccadeleden zaferle \u00e7\u0131kt\u0131.<\/p>\n<p>Che ve\u00a0Fidel\u2019in\u00a0\u00f6nderli\u011finde kurulan\u00a0yeni h\u00fck\u00fcmet, diktat\u00f6r\u00a0Batista idaresinde\u00a0her anlamda\u00a0kapitalizme esir\u00a0olmu\u015f\u00a0\u00fclkeyi,\u00a0yeniden\u00a0ba\u011f\u0131ms\u0131z ve \u00a0e\u015fit bir \u00fclkeye d\u00f6n\u00fc\u015ft\u00fcrmek i\u00e7in yola koyuldu.<\/p>\n<p>K\u00fcba\u2019daki say\u0131s\u0131z ba\u015far\u0131s\u0131ndan sonra\u00a0buradaki g\u00f6revini tamamlad\u0131\u011f\u0131na inanan Che\u2019nin, en\u00a0ba\u015ftan beri hayalini kurdu\u011fu devrimi \u00a0G\u00fcney Amerika \u00fclkelerine\u00a0yayma arzusu, onu bakanl\u0131k koltu\u011fundan\u00a0vazge\u00e7irip,\u00a0Bolivya\u2019ya g\u00f6t\u00fcrecek kadar g\u00fc\u00e7l\u00fcyd\u00fc.\u00a0\u00c7\u00fcnk\u00fc K\u00fcba\u2019n\u0131n kurtulu\u015fu ona\u00a0yetmiyordu. Onun\u00a0arzusu b\u00fct\u00fcn ezilen ve s\u00f6m\u00fcr\u00fclen halklar\u0131n\u00a0\u00f6zg\u00fcrle\u015fmesi ve \u00fclkelerinin ba\u011f\u0131ms\u0131zl\u0131\u011f\u0131na\u00a0kavu\u015fmas\u0131yd\u0131. \u0130\u015fte\u00a0onu\u00a0heyecanland\u0131ran t\u00fcm\u00a0bu d\u00fc\u015f\u00fcnceler onu\u00a0Bolivya\u2019daki gerilla hareketine \u00f6nc\u00fcl\u00fck etmek i\u00e7in bir m\u00fccadeleye g\u00f6t\u00fcrse de,\u00a0girdi\u011fi\u00a0\u00e7at\u0131\u015fma\u00a0s\u0131ras\u0131nda\u00a0Bolivya askeri g\u00fc\u00e7leri ve CIA i\u015fbirli\u011fiyle yakalan\u0131p, sorguya\u00a0\u00e7ekilip \u00f6ld\u00fcr\u00fcld\u00fc.<\/p>\n<p>Fidel, Che\u2019nin\u00a0\u00f6l\u00fcm\u00fcn\u00fcn\u00a0ard\u0131ndan Havana devrim meydan\u0131nda\u00a0hem kendi\u00a0halk\u0131na hem de d\u00fcnyaya \u015f\u00f6yle seslendi:\u00a0\u201cZafer hayalleri kuranlar\u00a0aldan\u0131yorlar. Bu\u00a0\u00f6l\u00fcm\u00fcn onun d\u00fc\u015f\u00fcncelerinin sonu, taktiklerinin, gerilla kavram\u0131n\u0131n, teorisinin bitimi oldu\u011funu d\u00fc\u015f\u00fcnenler \u00e7ok yan\u0131l\u0131yorlar.\u201d<\/p>\n<p>Che,\u00a0bir devrimin ancak \u201cyeni insan\u0131\u201d\u00a0yaratt\u0131\u011f\u0131nda\u00a0ger\u00e7ekle\u015fece\u011fini\u00a0\u00f6ne s\u00fcr\u00fcyordu.<\/p>\n<p>Bizim de \u00a0hedefimiz,\u00a0kapitalizmin \u00a0insan\u0131\u00a0yozla\u015ft\u0131rd\u0131\u011f\u0131, her y\u00f6n\u00fcyle etkisi\u00a0alt\u0131na ald\u0131\u011f\u0131 g\u00fcn\u00fcm\u00fcz d\u00fcnyas\u0131nda, okuyan, sorgulayan, \u00fcreten ve ben de\u011fil biz diyen \u201cyeni insan\u201d modelini\u00a0yaratmak\u00a0olmal\u0131d\u0131r. Bu\u00a0hedefe giden yol, yorulmadan, umutsuzlu\u011fa d\u00fc\u015fmeden\u00a0\u00f6rg\u00fctl\u00fc m\u00fccadeleyi b\u00fcy\u00fctmekten ge\u00e7er.<\/p>\n<p>&nbsp;<\/p>\n<p>Kaynak\u00e7a: Ernesto Che Guevera taraf\u0131ndan kaleme al\u0131nan \u201cBir Sava\u015f\u00e7\u0131n\u0131n G\u00fcnl\u00fc\u011f\u00fc\u201d\u00a0 ve \u201cMotorsiklet G\u00fcnl\u00fckleri\u201d kitaplar\u0131ndan faydalan\u0131lm\u0131\u015ft\u0131r.<\/p>\n","protected":false},"excerpt":{"rendered":"<p>Ahmet Karaka\u015fl\u0131 Karakasli.ahmet83@gmail.com Ernesto \u2018Che\u2019 Guevara \u00a0 Pe\u015finden gidecek\u00a0cesaretin varsa, b\u00fct\u00fcn hayaller ger\u00e7ek\u00a0olabilir! Ernesto \u2018Che\u2019 Guevera Che\u00a0Guevara\u2026 Hayallerini satmayanlar\u0131n, umudunu\u00a0t\u00fcketmeyenlerin yolda\u015f\u0131, sol yan\u0131m\u0131zda atan devrimci<\/p>\n","protected":false},"author":7,"featured_media":3177,"comment_status":"open","ping_status":"open","sticky":false,"template":"","format":"standard","meta":{"jetpack_post_was_ever_published":false,"_jetpack_newsletter_access":"","_jetpack_newsletter_tier_id":0,"jetpack_publicize_message":"","jetpack_is_tweetstorm":false,"jetpack_publicize_feature_enabled":true,"jetpack_social_post_already_shared":true,"jetpack_social_options":{"image_generator_settings":{"template":"highway","enabled":false}}},"categories":[40,67,44,1,39],"tags":[],"jetpack_publicize_connections":[],"jetpack_featured_media_url":"https:\/\/baraka.cc\/wp-content\/uploads\/2015\/06\/che.jpg","jetpack_shortlink":"https:\/\/wp.me\/p4eHWX-Pd","jetpack_sharing_enabled":true,"_links":{"self":[{"href":"https:\/\/baraka.cc\/index.php?rest_route=\/wp\/v2\/posts\/3175"}],"collection":[{"href":"https:\/\/baraka.cc\/index.php?rest_route=\/wp\/v2\/posts"}],"about":[{"href":"https:\/\/baraka.cc\/index.php?rest_route=\/wp\/v2\/types\/post"}],"author":[{"embeddable":true,"href":"https:\/\/baraka.cc\/index.php?rest_route=\/wp\/v2\/users\/7"}],"replies":[{"embeddable":true,"href":"https:\/\/baraka.cc\/index.php?rest_route=%2Fwp%2Fv2%2Fcomments&post=3175"}],"version-history":[{"count":1,"href":"https:\/\/baraka.cc\/index.php?rest_route=\/wp\/v2\/posts\/3175\/revisions"}],"predecessor-version":[{"id":3178,"href":"https:\/\/baraka.cc\/index.php?rest_route=\/wp\/v2\/posts\/3175\/revisions\/3178"}],"wp:featuredmedia":[{"embeddable":true,"href":"https:\/\/baraka.cc\/index.php?rest_route=\/wp\/v2\/media\/3177"}],"wp:attachment":[{"href":"https:\/\/baraka.cc\/index.php?rest_route=%2Fwp%2Fv2%2Fmedia&parent=3175"}],"wp:term":[{"taxonomy":"category","embeddable":true,"href":"https:\/\/baraka.cc\/index.php?rest_route=%2Fwp%2Fv2%2Fcategories&post=3175"},{"taxonomy":"post_tag","embeddable":true,"href":"https:\/\/baraka.cc\/index.php?rest_route=%2Fwp%2Fv2%2Ftags&post=3175"}],"curies":[{"name":"wp","href":"https:\/\/api.w.org\/{rel}","templated":true}]}}