{"id":3185,"date":"2015-06-26T11:13:54","date_gmt":"2015-06-26T09:13:54","guid":{"rendered":"https:\/\/baraka.cc\/?p=3185"},"modified":"2015-06-26T11:13:54","modified_gmt":"2015-06-26T09:13:54","slug":"barakada-bir-direnis-filmi-akintiya-karsi","status":"publish","type":"post","link":"https:\/\/baraka.cc\/?p=3185","title":{"rendered":"BARAKA\u2019DA B\u0130R D\u0130REN\u0130\u015e F\u0130LM\u0130: \u201cAKINTIYA KAR\u015eI\u201d"},"content":{"rendered":"<p><span style=\"line-height: 1.5em;\"><a href=\"https:\/\/baraka.cc\/wp-content\/uploads\/2015\/06\/ak\u0131nt\u0131ya-kar\u015f\u0131-poster.jpg\"><img decoding=\"async\" loading=\"lazy\" class=\" wp-image-3186 alignleft\" style=\"border: 1px solid black; margin: 1px;\" alt=\"ak\u0131nt\u0131ya kar\u015f\u0131 poster\" src=\"https:\/\/baraka.cc\/wp-content\/uploads\/2015\/06\/ak\u0131nt\u0131ya-kar\u015f\u0131-poster.jpg\" width=\"152\" height=\"217\" \/><\/a><\/span><span style=\"line-height: 1.5em;\">Baraka K\u00fclt\u00fcr Merkezi\u2019nin d\u00fczenledi\u011fi \u201cSu Hakk\u0131\u201d temal\u0131 mini film festivali,\u201cAk\u0131nt\u0131ya Kar\u015f\u0131\u201d belgeseliyle kapan\u0131yor. Film \u00f6ncesinde \u201cKaradeniz\u2019deki HES direni\u015fleri Akdeniz\u2019e ne ifade etmeli\u201d konulu bir sunum ger\u00e7ekle\u015ftirilecek ve belgeselin izlenmesinin ard\u0131ndan da kat\u0131l\u0131mc\u0131larla birlikte bir s\u00f6yle\u015fi yap\u0131lacak. 27 Haziran Cumartesi ak\u015fam\u0131 saat 20.00\u2019de, derne\u011fin K\u0131z\u0131lba\u015f\u2019taki lokalinde yer alacak olan etkinlik \u00fccretsiz olup su hakk\u0131n\u0131 savunan t\u00fcm halk\u0131m\u0131z davetlidir.<\/span><\/p>\n<p>Karadeniz\u2019in e\u015fsiz do\u011fal g\u00fczelliklerinin beyaz perdeye yans\u0131d\u0131\u011f\u0131 belgeselde, HES projelerinin as\u0131l nedenleri ve bu projelere kar\u015f\u0131 geli\u015fen farkl\u0131 m\u00fccadeleler anlat\u0131l\u0131yor. Tayip Erdo\u011fan\u2019\u0131n Hopa\u2019y\u0131 ziyareti esnas\u0131nda polisin biber gaz\u0131 s\u0131kmas\u0131 sonucu hayat\u0131n\u0131 kaybeden Metin Lokumcu\u2019ya adanan \u201cAk\u0131nt\u0131ya Kar\u015f\u0131\u201d, HES projelerinin \u015fantiye alan\u0131na \u00e7evirdi\u011fi Karadeniz b\u00f6lgesinde halk\u0131n ne d\u00fc\u015f\u00fcnd\u00fc\u011f\u00fcne odaklan\u0131yor ve devlet ve sermaye taraf\u0131ndan bask\u0131 ve \u015fiddetle susturulmaya \u00e7al\u0131\u015fanlar\u0131n sesi oluyor.<\/p>\n<p style=\"text-align: center;\">\u00a0<a href=\"https:\/\/baraka.cc\/wp-content\/uploads\/2015\/06\/ak1.jpg\"><img decoding=\"async\" loading=\"lazy\" class=\"size-medium wp-image-3187 aligncenter\" style=\"border: 1px solid black; margin-top: 1px; margin-bottom: 1px;\" alt=\"ak1\" src=\"https:\/\/baraka.cc\/wp-content\/uploads\/2015\/06\/ak1-300x168.jpg\" width=\"300\" height=\"168\" srcset=\"https:\/\/baraka.cc\/wp-content\/uploads\/2015\/06\/ak1-300x168.jpg 300w, https:\/\/baraka.cc\/wp-content\/uploads\/2015\/06\/ak1.jpg 960w\" sizes=\"(max-width: 300px) 100vw, 300px\" \/><\/a><\/p>\n<p>\u201cBir yol hik\u00e2yesi oldu\u011fu kadar bir ya\u015fam ve do\u011fa belgeseli \u2018Ak\u0131nt\u0131ya Kar\u015f\u0131\u2019. Da\u011fl\u0131k yerle\u015fimin \u015fartlar\u0131nda iptidai bir teleferik sistemiyle y\u00fck ta\u015f\u0131yan, \u00e7ay toplayan k\u00f6yl\u00fclere ve onlar\u0131n g\u00fcnl\u00fck hayat pratiklerine tan\u0131k oluyoruz film boyunca. G\u00f6r\u00fcyoruz ki, dereler onlar\u0131n hayat p\u0131nar\u0131. Sadece i\u00e7me suyu ya da y\u00fczme havuzu demek de\u011fil dereler, b\u00f6lgenin ekosisteminin olmazsa olmaz\u0131. Dere yoksa alabal\u0131k da yok, f\u0131nd\u0131k da yok, ar\u0131 da yok, ay\u0131 da yok. Dere yoksa d\u00fczenli iklim de yok, insan da yok. B\u00f6lge insan\u0131 do\u011fayla m\u00fccadele halinde belki ama ayn\u0131 zamanda do\u011fan\u0131n koynunda ya\u015f\u0131yor. Bu y\u00fczden de bir\u00e7ok \u015feyden fedak\u00e2rl\u0131k ederler belki ama ku\u015f seslerinden ve b\u00f6\u011f\u00fcrtlenlerden fedak\u00e2rl\u0131k etmezler. Aralar\u0131nda yaz\u0131s\u0131z bir mutabakat ve genlerine i\u015flemi\u015f bir orman\u0131 kullanma k\u00fclt\u00fcr\u00fc var. Bek\u00e7ilik eden kimse olmad\u0131\u011f\u0131 halde rant i\u00e7in a\u011fa\u00e7lar\u0131 kesen kimse yok, zira herkes kendi var olu\u015funun bek\u00e7isi orada. D\u0131\u015far\u0131dan bak\u0131nca anla\u015f\u0131lmas\u0131 zor bir ger\u00e7ek \u015fu ki, o dereler sadece b\u00f6lge halk\u0131 i\u00e7in de\u011fil, g\u00f6\u00e7 edip \u015fehirlere s\u0131k\u0131\u015fan y\u00f6re insanlar\u0131 i\u00e7in de ya\u015fam kayna\u011f\u0131. Sular\u0131 zapt etmek sadece dereleri yok etmek manas\u0131na gelmeyecek, tahribat\u0131 \u00e7ok daha derinden hissedilecek. Sadece ekolojik de\u011fil, ayn\u0131 zamanda k\u00fclt\u00fcrel ve tarihsel bir katliam bu. Sadece ye\u015filin ve mavinin tonlar\u0131na de\u011fil, geleneklere ve dillere y\u00f6nelik bir katliam. Film ekibi, zorla kamula\u015ft\u0131r\u0131lan ormanlar\u0131n kalbine han\u00e7er gibi saplanan \u015fantiyelere, gri binalara, derelere hafriyat d\u00f6ken i\u015f makinelerine ve suya gardiyanl\u0131k yapan borulara \u00e7eviriyor kameralar\u0131n\u0131 s\u0131k s\u0131k ve s\u00fcrmekte olan talan\u0131n y\u0131k\u0131c\u0131 etkileriyle bizleri y\u00fcz y\u00fcze getiriyor.\u201d<\/p>\n<p style=\"text-align: center;\"><a href=\"https:\/\/baraka.cc\/wp-content\/uploads\/2015\/06\/ak2.jpg\"><img decoding=\"async\" loading=\"lazy\" class=\"size-medium wp-image-3188 aligncenter\" style=\"border: 1px solid black; margin-top: 1px; margin-bottom: 1px;\" alt=\"ak2\" src=\"https:\/\/baraka.cc\/wp-content\/uploads\/2015\/06\/ak2-300x168.jpg\" width=\"300\" height=\"168\" srcset=\"https:\/\/baraka.cc\/wp-content\/uploads\/2015\/06\/ak2-300x168.jpg 300w, https:\/\/baraka.cc\/wp-content\/uploads\/2015\/06\/ak2.jpg 960w\" sizes=\"(max-width: 300px) 100vw, 300px\" \/><\/a><\/p>\n","protected":false},"excerpt":{"rendered":"<p>Baraka K\u00fclt\u00fcr Merkezi\u2019nin d\u00fczenledi\u011fi \u201cSu Hakk\u0131\u201d temal\u0131 mini film festivali,\u201cAk\u0131nt\u0131ya Kar\u015f\u0131\u201d belgeseliyle kapan\u0131yor. Film \u00f6ncesinde \u201cKaradeniz\u2019deki HES direni\u015fleri Akdeniz\u2019e ne ifade etmeli\u201d konulu bir sunum<\/p>\n","protected":false},"author":3,"featured_media":3188,"comment_status":"open","ping_status":"open","sticky":false,"template":"","format":"standard","meta":{"jetpack_post_was_ever_published":false,"_jetpack_newsletter_access":"","_jetpack_newsletter_tier_id":0,"jetpack_publicize_message":"","jetpack_is_tweetstorm":false,"jetpack_publicize_feature_enabled":true,"jetpack_social_post_already_shared":true,"jetpack_social_options":{"image_generator_settings":{"template":"highway","enabled":false}}},"categories":[9,60,1],"tags":[],"jetpack_publicize_connections":[],"jetpack_featured_media_url":"https:\/\/baraka.cc\/wp-content\/uploads\/2015\/06\/ak2.jpg","jetpack_shortlink":"https:\/\/wp.me\/p4eHWX-Pn","jetpack_sharing_enabled":true,"_links":{"self":[{"href":"https:\/\/baraka.cc\/index.php?rest_route=\/wp\/v2\/posts\/3185"}],"collection":[{"href":"https:\/\/baraka.cc\/index.php?rest_route=\/wp\/v2\/posts"}],"about":[{"href":"https:\/\/baraka.cc\/index.php?rest_route=\/wp\/v2\/types\/post"}],"author":[{"embeddable":true,"href":"https:\/\/baraka.cc\/index.php?rest_route=\/wp\/v2\/users\/3"}],"replies":[{"embeddable":true,"href":"https:\/\/baraka.cc\/index.php?rest_route=%2Fwp%2Fv2%2Fcomments&post=3185"}],"version-history":[{"count":2,"href":"https:\/\/baraka.cc\/index.php?rest_route=\/wp\/v2\/posts\/3185\/revisions"}],"predecessor-version":[{"id":3190,"href":"https:\/\/baraka.cc\/index.php?rest_route=\/wp\/v2\/posts\/3185\/revisions\/3190"}],"wp:featuredmedia":[{"embeddable":true,"href":"https:\/\/baraka.cc\/index.php?rest_route=\/wp\/v2\/media\/3188"}],"wp:attachment":[{"href":"https:\/\/baraka.cc\/index.php?rest_route=%2Fwp%2Fv2%2Fmedia&parent=3185"}],"wp:term":[{"taxonomy":"category","embeddable":true,"href":"https:\/\/baraka.cc\/index.php?rest_route=%2Fwp%2Fv2%2Fcategories&post=3185"},{"taxonomy":"post_tag","embeddable":true,"href":"https:\/\/baraka.cc\/index.php?rest_route=%2Fwp%2Fv2%2Ftags&post=3185"}],"curies":[{"name":"wp","href":"https:\/\/api.w.org\/{rel}","templated":true}]}}