{"id":3192,"date":"2015-06-30T11:41:44","date_gmt":"2015-06-30T09:41:44","guid":{"rendered":"https:\/\/baraka.cc\/?p=3192"},"modified":"2015-06-30T11:41:44","modified_gmt":"2015-06-30T09:41:44","slug":"temmuz-izle-tartis-filmi-internetin-oz-evladi-aaron-swartzin-hikayesi","status":"publish","type":"post","link":"https:\/\/baraka.cc\/?p=3192","title":{"rendered":"TEMMUZ \u0130ZLE-TARTI\u015e F\u0130LM\u0130: &#8220;\u0130nternetin \u00d6z Evlad\u0131: Aaron Swartz\u2019\u0131n Hikayesi&#8221;"},"content":{"rendered":"<p><a href=\"https:\/\/baraka.cc\/wp-content\/uploads\/2015\/06\/The-Internet\u2019s-Own-Boy-The-Story-of-Aaron-Swartz.jpg\"><img decoding=\"async\" loading=\"lazy\" class=\"size-medium wp-image-3193 alignleft\" style=\"border: 1px solid black;\" alt=\"The Internet\u2019s Own Boy The Story of Aaron Swartz\" src=\"https:\/\/baraka.cc\/wp-content\/uploads\/2015\/06\/The-Internet\u2019s-Own-Boy-The-Story-of-Aaron-Swartz-300x225.jpg\" width=\"300\" height=\"225\" srcset=\"https:\/\/baraka.cc\/wp-content\/uploads\/2015\/06\/The-Internet\u2019s-Own-Boy-The-Story-of-Aaron-Swartz-300x225.jpg 300w, https:\/\/baraka.cc\/wp-content\/uploads\/2015\/06\/The-Internet\u2019s-Own-Boy-The-Story-of-Aaron-Swartz.jpg 480w\" sizes=\"(max-width: 300px) 100vw, 300px\" \/><\/a><strong>Baraka K\u00fclt\u00fcr Merkezi taraf\u0131ndan her ay\u0131n ilk cumartesi ak\u015fam\u0131 ger\u00e7ekle\u015ftirilen \u0130zle-Tart\u0131\u015f etkinli\u011finde temmuz ay\u0131 filmi olarak belirlenen \u201c\u0130nternetin \u00d6z Evlad\u0131: Aaron Swartz\u2019\u0131n Hikayesi\u201d belgeseli 4 Temmuz Cumartesi saat 20.00\u2019de Baraka lokalinde g\u00f6sterilecek. T\u00fcm dostlar\u0131m\u0131z\u0131 bekleriz.<\/strong><\/p>\n<p>&nbsp;<\/p>\n<p>&nbsp;<\/p>\n<p>&nbsp;<br \/>\n<strong>\u0130nternetin \u00d6z Evlad\u0131: Aaron Swartz\u2019\u0131n Hikayesi<\/strong><\/p>\n<p>\u0130nternet \u00f6zg\u00fcr m\u00fcd\u00fcr? S\u0131n\u0131rland\u0131r\u0131lm\u0131\u015f m\u0131? Paras\u0131n\u0131 \u00f6demeden bilgiye eri\u015febiliyor muyuz? Yoksa bilgi sermayenin tekelinde mi?<\/p>\n<p>\u201c\u0130nternetin \u00d6z Evlad\u0131: Aaron Swartz\u2019\u0131n Hikayesi\u201d adl\u0131 belgesel, Julian Assange, Anonymous gibi bir internet aktivisti olan Aaron Swartz\u2019\u0131n gen\u00e7li\u011finden 26 ya\u015f\u0131nda New York\u2019taki evinde \u00f6l\u00fc bulunu\u015funa kadarki hayat\u0131n\u0131, m\u00fccadelesini, bulu\u015flar\u0131n\u0131 ve savundu\u011fu fikirleri etkileyici bi\u00e7imde ortaya koymakta.<\/p>\n<p>14 ya\u015f\u0131nda XML \u00fczerinde \u00e7al\u0131\u015fan ve RSS\u2019in ilk s\u00fcr\u00fcm\u00fcn\u00fc geli\u015ftiren ekipte bulunan Swartz, Lawrence Lessig ile birlikte Creative Commons lisans\u0131n\u0131n yarat\u0131lmas\u0131 s\u00fcrecine kat\u0131ld\u0131, Stanford \u00dcniversitesi\u2019nde sosyoloji okurken Reddit\u2019i kurdu. 2011\u2019de internet \u00f6zg\u00fcrl\u00fcklerini k\u0131s\u0131tlayan SOPA ve PIPA yasa tasar\u0131lar\u0131na kar\u015f\u0131 Demand Progress \u00f6rg\u00fct\u00fcn\u00fcn kurulmas\u0131na \u00f6nderlik etti ve y\u00fcr\u00fctt\u00fckleri kampanya sayesinde tasar\u0131lar meclisten ge\u00e7medi.<\/p>\n<p>\u201cModern Robin Hood\u201d olarak da an\u0131lan Swartz en son, JSTOR adl\u0131 online ar\u015fiv sisteminden milyonlarca akademik makaleyi indirip bedava da\u011f\u0131tmak su\u00e7lamas\u0131yla kar\u015f\u0131 kar\u015f\u0131ya kalm\u0131\u015f, 35 y\u0131l hapis ve 1 milyon dolar para cezas\u0131 istemiyle yarg\u0131lanmaktayd\u0131. FBI\u2019\u0131n s\u00fcrekli tacizi alt\u0131nda olan Swartz, hen\u00fcz dava s\u00fcreci sonlanmadan evinde \u00f6l\u00fc bulundu.<\/p>\n<p>Aaron&#8217;un kendisine ilham kayna\u011f\u0131 olarak g\u00f6rd\u00fc\u011f\u00fc, Web\u2019in (www) kurucusu Tim Berners-Lee, Aaron Swartz\u2019\u0131n \u00f6l\u00fcm\u00fcn\u00fcn ard\u0131ndan yay\u0131nlad\u0131\u011f\u0131 mesajda, \u201cAaron \u00f6ld\u00fc. Bu \u00e7\u0131lg\u0131n d\u00fcnyadaki gezginler, bir ak\u0131l hocas\u0131n\u0131 yitirdik. Hak davas\u0131nda hackerler, bizden bir kay\u0131p verdik. B\u00fct\u00fcn ebeveynler, bir \u00e7ocu\u011fumuzu yitirdik. Hep birlikte a\u011flayal\u0131m.\u201d diyerek \u00fcz\u00fcnt\u00fcs\u00fcn\u00fc dile getirdi\u2026<\/p>\n<p>&#8220;Bilgi g\u00fc\u00e7t\u00fcr. Fakat b\u00fct\u00fcn di\u011fer g\u00fc\u00e7ler gibi baz\u0131 insanlar\u0131 bunu yaln\u0131zca kendilerine saklamak istiyorlar.&#8221; Aaron Swartz<\/p>\n<p>Swartz\u2019\u0131n \u00f6l\u00fcm\u00fc ard\u0131ndan yay\u0131nlanan baz\u0131 yaz\u0131lar i\u00e7in:<br \/>\n<a href=\"http:\/\/l.facebook.com\/l.php?u=http%3A%2F%2Fwww.sendika.org%2F2013%2F01%2Fbilgiyi-ozgurlestirenlerin-sayisini-artirarak-ruhunu-yasatabiliriz-alternatif-bilisim-dernegi%2F&amp;h=FAQE1D-Qj&amp;enc=AZO-zmrqtn1l5eJpOQrQwX2FGKISC8VIQDusaKgNiSErL2_8AqGU894cnfkSx5cdju4&amp;s=1\" target=\"_blank\" rel=\"nofollow nofollow\">http:\/\/www.sendika.org\/<wbr \/>2013\/01\/<wbr \/>bilgiyi-ozgurlestirenlerin-<wbr \/>sayisini-artirarak-ruhunu-<wbr \/>yasatabiliriz-alternatif-b<wbr \/>ilisim-dernegi\/<\/a><br \/>\n<a href=\"http:\/\/www.sendika.org\/2013\/01\/modern-robin-hoodun-olumu\/\" target=\"_blank\" rel=\"nofollow nofollow\">http:\/\/www.sendika.org\/<wbr \/>2013\/01\/<wbr \/>modern-robin-hoodun-olumu\/<\/a><br \/>\n<a href=\"http:\/\/www.sendika.org\/2013\/01\/aaron-swartz-icin-hack-bianet\/\" target=\"_blank\" rel=\"nofollow nofollow\">http:\/\/www.sendika.org\/<wbr \/>2013\/01\/<wbr \/>aaron-swartz-icin-hack-bian<wbr \/>et\/<\/a><\/p>\n","protected":false},"excerpt":{"rendered":"<p>Baraka K\u00fclt\u00fcr Merkezi taraf\u0131ndan her ay\u0131n ilk cumartesi ak\u015fam\u0131 ger\u00e7ekle\u015ftirilen \u0130zle-Tart\u0131\u015f etkinli\u011finde temmuz ay\u0131 filmi olarak belirlenen \u201c\u0130nternetin \u00d6z Evlad\u0131: Aaron Swartz\u2019\u0131n Hikayesi\u201d belgeseli 4<\/p>\n","protected":false},"author":4,"featured_media":3195,"comment_status":"open","ping_status":"open","sticky":false,"template":"","format":"standard","meta":{"jetpack_post_was_ever_published":false,"_jetpack_newsletter_access":"","_jetpack_newsletter_tier_id":0,"jetpack_publicize_message":"","jetpack_is_tweetstorm":false,"jetpack_publicize_feature_enabled":true,"jetpack_social_post_already_shared":true,"jetpack_social_options":{"image_generator_settings":{"template":"highway","enabled":false}}},"categories":[9,28,1],"tags":[],"jetpack_publicize_connections":[],"jetpack_featured_media_url":"https:\/\/baraka.cc\/wp-content\/uploads\/2015\/06\/izle-tartis-\u0131nternet\u0131n-oz-evlad\u0131.jpg","jetpack_shortlink":"https:\/\/wp.me\/p4eHWX-Pu","jetpack_sharing_enabled":true,"_links":{"self":[{"href":"https:\/\/baraka.cc\/index.php?rest_route=\/wp\/v2\/posts\/3192"}],"collection":[{"href":"https:\/\/baraka.cc\/index.php?rest_route=\/wp\/v2\/posts"}],"about":[{"href":"https:\/\/baraka.cc\/index.php?rest_route=\/wp\/v2\/types\/post"}],"author":[{"embeddable":true,"href":"https:\/\/baraka.cc\/index.php?rest_route=\/wp\/v2\/users\/4"}],"replies":[{"embeddable":true,"href":"https:\/\/baraka.cc\/index.php?rest_route=%2Fwp%2Fv2%2Fcomments&post=3192"}],"version-history":[{"count":1,"href":"https:\/\/baraka.cc\/index.php?rest_route=\/wp\/v2\/posts\/3192\/revisions"}],"predecessor-version":[{"id":3194,"href":"https:\/\/baraka.cc\/index.php?rest_route=\/wp\/v2\/posts\/3192\/revisions\/3194"}],"wp:featuredmedia":[{"embeddable":true,"href":"https:\/\/baraka.cc\/index.php?rest_route=\/wp\/v2\/media\/3195"}],"wp:attachment":[{"href":"https:\/\/baraka.cc\/index.php?rest_route=%2Fwp%2Fv2%2Fmedia&parent=3192"}],"wp:term":[{"taxonomy":"category","embeddable":true,"href":"https:\/\/baraka.cc\/index.php?rest_route=%2Fwp%2Fv2%2Fcategories&post=3192"},{"taxonomy":"post_tag","embeddable":true,"href":"https:\/\/baraka.cc\/index.php?rest_route=%2Fwp%2Fv2%2Ftags&post=3192"}],"curies":[{"name":"wp","href":"https:\/\/api.w.org\/{rel}","templated":true}]}}