{"id":3202,"date":"2015-06-30T15:20:10","date_gmt":"2015-06-30T13:20:10","guid":{"rendered":"https:\/\/baraka.cc\/?p=3202"},"modified":"2015-06-30T15:20:10","modified_gmt":"2015-06-30T13:20:10","slug":"argasdi-yaza-cizgi-ile-merhaba-dedi","status":"publish","type":"post","link":"https:\/\/baraka.cc\/?p=3202","title":{"rendered":"Argasdi yaza \u2018\u00c7izgi\u2019 ile merhaba dedi"},"content":{"rendered":"<p>Baraka K\u00fclt\u00fcr Merkezi\u2019nin \u00fc\u00e7 ayda bir yay\u0131nlanan k\u00fclt\u00fcr, sanat, politika ve edebiyat dergisi Argasdi\u2019nin 39. say\u0131s\u0131, dosya konusu \u2018\u00c7izgi\u2019 ile raflardaki yerini ald\u0131. Okurlar\u0131n\u0131 \u2018\u00c7izgi\u2019 dosyas\u0131 ile kar\u015f\u0131layan Argasdi\u2019de \u00fclke g\u00fcndeminin son \u00fc\u00e7 ay\u0131 de\u011ferlendirilirken, Memleketin Ahvali sayfas\u0131nda yine mizahi bir dille \u00fclke g\u00fcndeminden haberler veriliyor. Bu say\u0131m\u0131zda \u00e7izgiyi a\u015fmak konusuyla okurlara kendilerini sorgulat\u0131rken, \u00e7izgi filmlerin asl\u0131nda bize anlatt\u0131klar\u0131ndan tutun da \u00f6zel sekt\u00f6rde patronlar\u0131n a\u015ft\u0131klar\u0131 s\u00f6m\u00fcr\u00fc \u00e7izgisi, insanl\u0131k olarak do\u011fada a\u015ft\u0131\u011f\u0131m\u0131z \u00e7izgi, K\u0131br\u0131sl\u0131 T\u00fcrk Solu\u2019nun bug\u00fcnk\u00fc \u00e7izgisi gibi pek \u00e7ok konuya de\u011findik.<\/p>\n<p>Dosya sayfalar\u0131nda gezinirken kar\u015f\u0131m\u0131za \u00e7\u0131kan K\u0131br\u0131s Efsaneleri, Porteyi A\u015fan Adam: Victor Jara gibi farkl\u0131 yaz\u0131lar\u0131n da yer ald\u0131\u011f\u0131 dergimizde, y\u0131llard\u0131r vazge\u00e7ilmez sayfalar\u0131m\u0131z Feministiz, Lyricus ve Karikat\u00fcr sayfam\u0131z Parmak \u0130zi de okuyucuyla bulu\u015fuyor. Kesintisiz 11 y\u0131ld\u0131r yay\u0131nlanan Argasdi\u2019ye t\u00fcm marketler ve kitap\u00e7\u0131lardan ula\u015fabilirsiniz.<\/p>\n<p>Baraka K\u00fclt\u00fcr Merkezi (a)<\/p>\n<p>\u015eifa Al\u00e7\u0131c\u0131o\u011flu<\/p>\n<p>&nbsp;<\/p>\n<p style=\"text-align: center;\">\n","protected":false},"excerpt":{"rendered":"<p>Baraka K\u00fclt\u00fcr Merkezi\u2019nin \u00fc\u00e7 ayda bir yay\u0131nlanan k\u00fclt\u00fcr, sanat, politika ve edebiyat dergisi Argasdi\u2019nin 39. say\u0131s\u0131, dosya konusu \u2018\u00c7izgi\u2019 ile raflardaki yerini ald\u0131. Okurlar\u0131n\u0131 \u2018\u00c7izgi\u2019<\/p>\n","protected":false},"author":9,"featured_media":3204,"comment_status":"open","ping_status":"open","sticky":false,"template":"","format":"standard","meta":{"jetpack_post_was_ever_published":false,"_jetpack_newsletter_access":"","_jetpack_newsletter_tier_id":0,"jetpack_publicize_message":"","jetpack_is_tweetstorm":false,"jetpack_publicize_feature_enabled":true,"jetpack_social_post_already_shared":true,"jetpack_social_options":{"image_generator_settings":{"template":"highway","enabled":false}}},"categories":[40,67,1,39],"tags":[],"jetpack_publicize_connections":[],"jetpack_featured_media_url":"https:\/\/baraka.cc\/wp-content\/uploads\/2015\/06\/Argasdi-say\u0131-39-kapak.jpg","jetpack_shortlink":"https:\/\/wp.me\/p4eHWX-PE","jetpack_sharing_enabled":true,"_links":{"self":[{"href":"https:\/\/baraka.cc\/index.php?rest_route=\/wp\/v2\/posts\/3202"}],"collection":[{"href":"https:\/\/baraka.cc\/index.php?rest_route=\/wp\/v2\/posts"}],"about":[{"href":"https:\/\/baraka.cc\/index.php?rest_route=\/wp\/v2\/types\/post"}],"author":[{"embeddable":true,"href":"https:\/\/baraka.cc\/index.php?rest_route=\/wp\/v2\/users\/9"}],"replies":[{"embeddable":true,"href":"https:\/\/baraka.cc\/index.php?rest_route=%2Fwp%2Fv2%2Fcomments&post=3202"}],"version-history":[{"count":3,"href":"https:\/\/baraka.cc\/index.php?rest_route=\/wp\/v2\/posts\/3202\/revisions"}],"predecessor-version":[{"id":3207,"href":"https:\/\/baraka.cc\/index.php?rest_route=\/wp\/v2\/posts\/3202\/revisions\/3207"}],"wp:featuredmedia":[{"embeddable":true,"href":"https:\/\/baraka.cc\/index.php?rest_route=\/wp\/v2\/media\/3204"}],"wp:attachment":[{"href":"https:\/\/baraka.cc\/index.php?rest_route=%2Fwp%2Fv2%2Fmedia&parent=3202"}],"wp:term":[{"taxonomy":"category","embeddable":true,"href":"https:\/\/baraka.cc\/index.php?rest_route=%2Fwp%2Fv2%2Fcategories&post=3202"},{"taxonomy":"post_tag","embeddable":true,"href":"https:\/\/baraka.cc\/index.php?rest_route=%2Fwp%2Fv2%2Ftags&post=3202"}],"curies":[{"name":"wp","href":"https:\/\/api.w.org\/{rel}","templated":true}]}}