{"id":3209,"date":"2015-07-02T10:26:43","date_gmt":"2015-07-02T08:26:43","guid":{"rendered":"https:\/\/baraka.cc\/?p=3209"},"modified":"2015-07-02T16:03:09","modified_gmt":"2015-07-02T14:03:09","slug":"cratosa-dava-ve-eylem","status":"publish","type":"post","link":"https:\/\/baraka.cc\/?p=3209","title":{"rendered":"CRATOS&#8217;A DAVA VE EYLEM"},"content":{"rendered":"<p style=\"text-align: center;\"><a href=\"https:\/\/baraka.cc\/wp-content\/uploads\/2015\/07\/deniz-halk.jpg\"><img decoding=\"async\" loading=\"lazy\" class=\"size-medium wp-image-3210 aligncenter\" style=\"border: 1px solid black; margin-top: 1px; margin-bottom: 1px;\" alt=\"deniz halk\" src=\"https:\/\/baraka.cc\/wp-content\/uploads\/2015\/07\/deniz-halk-300x225.jpg\" width=\"300\" height=\"225\" srcset=\"https:\/\/baraka.cc\/wp-content\/uploads\/2015\/07\/deniz-halk-300x225.jpg 300w, https:\/\/baraka.cc\/wp-content\/uploads\/2015\/07\/deniz-halk.jpg 960w\" sizes=\"(max-width: 300px) 100vw, 300px\" \/><\/a><\/p>\n<p><span style=\"line-height: 1.5em;\">Cratos Otelin, Anayasal ve yasal haklar\u0131 hi\u00e7e sayarak, vatanda\u015flar\u0131n sahile ula\u015f\u0131m\u0131n\u0131 engellemesi \u00fczerine, 3 Temmuz Cuma g\u00fcn\u00fc saat 10.30\u2019da, Girne Mahkemesi\u2019nde dava a\u00e7\u0131l\u0131yor. Cartos Otel, \u00c7atalk\u00f6y Belediyesi ve \u0130\u00e7i\u015fleri Bakanl\u0131\u011f\u0131 aleyhine a\u00e7\u0131lacak davan\u0131n dosyalanmas\u0131n\u0131n ard\u0131ndan bas\u0131na da bilgi verilecek ve a\u00e7\u0131klama yap\u0131lacak. <\/span><\/p>\n<p><span style=\"line-height: 1.5em;\">Hat\u0131rlanaca\u011f\u0131 \u00fczere Cratos Otel yetkilileri, ge\u00e7ti\u011fimiz pazar, denize girmek isteyen ve aralar\u0131nda Baraka aktivistlerinin de bulundu\u011fu bir grup vatanda\u015f\u0131 engellemi\u015fti. Olay yerine vatanda\u015flar\u0131n \u00e7a\u011f\u0131rd\u0131\u011f\u0131 ve Cratos yetkililerini \u015fikayet etti\u011fi polis mensuplar\u0131 ise g\u00f6revini yapmayarak, Anayasa ve yasay\u0131 uygulamayarak halk\u0131n haklar\u0131n\u0131 korumam\u0131\u015ft\u0131. Ayn\u0131 g\u00fcn polise yaz\u0131l\u0131 su\u00e7 duyurusunda da bulunulmu\u015ftu. 3 Temmuz Cuma g\u00fcn\u00fc davan\u0131n a\u00e7\u0131lmas\u0131n\u0131n ard\u0131ndan Girne Polis M\u00fcd\u00fcrl\u00fc\u011f\u00fc ile de bir g\u00f6r\u00fc\u015fme ger\u00e7ekle\u015ftirilecek ve su\u00e7 duyurusunun takibi yap\u0131lacak.\u00a0<\/span><\/p>\n<p><strong>\u00d6RG\u00dcTLER EYLEM KARARI ALDI<\/strong><\/p>\n<p>Ayr\u0131ca \u00f6rg\u00fctler eylem karar\u0131 da ald\u0131lar. 5 Temmuz Pazar g\u00fcn\u00fc saat 14.00\u2019te Cratos Otel\u2019e gidilerek protesto ve bas\u0131n a\u00e7\u0131klamas\u0131 ger\u00e7ekle\u015ftirilecek. \u015eu ana kadar\u00a0Baraka K\u00fclt\u00fcr Merkezi, TDP, BKP, Ba\u011f\u0131ms\u0131zl\u0131k Yolu, Biyologlar Derne\u011fi, Ye\u015fil Bar\u0131\u015f Hareketi, Hukukun \u00dcst\u00fcnl\u00fc\u011f\u00fc Hareketi, HAS-DER, TDP Gen\u00e7lik \u00d6rg\u00fct\u00fc ve BKP Gen\u00e7lik Meclisi&#8217;nin imza koydu\u011fu eyleme, \u00f6rg\u00fctlerin ve vatanda\u015flar\u0131n deste\u011fi ve kat\u0131l\u0131m\u0131 her ge\u00e7en g\u00fcn art\u0131yor.<\/p>\n<p>5 Temmuz Pazar g\u00fcn\u00fc saat 14.00&#8217;te Cratos Otel&#8217;de ger\u00e7ekle\u015ftirilecek eylem ve bas\u0131n a\u00e7\u0131klamas\u0131na, bele\u015fe denize girme hakk\u0131n\u0131 savunan t\u00fcm ki\u015fi ve \u00f6rg\u00fctler davet edildi.<\/p>\n<p>&nbsp;<\/p>\n","protected":false},"excerpt":{"rendered":"<p>Cratos Otelin, Anayasal ve yasal haklar\u0131 hi\u00e7e sayarak, vatanda\u015flar\u0131n sahile ula\u015f\u0131m\u0131n\u0131 engellemesi \u00fczerine, 3 Temmuz Cuma g\u00fcn\u00fc saat 10.30\u2019da, Girne Mahkemesi\u2019nde dava a\u00e7\u0131l\u0131yor. Cartos Otel,<\/p>\n","protected":false},"author":3,"featured_media":3210,"comment_status":"open","ping_status":"open","sticky":false,"template":"","format":"standard","meta":{"jetpack_post_was_ever_published":false,"_jetpack_newsletter_access":"","_jetpack_newsletter_tier_id":0,"jetpack_publicize_message":"","jetpack_is_tweetstorm":false,"jetpack_publicize_feature_enabled":true,"jetpack_social_post_already_shared":true,"jetpack_social_options":{"image_generator_settings":{"template":"highway","enabled":false}}},"categories":[47,9,1],"tags":[],"jetpack_publicize_connections":[],"jetpack_featured_media_url":"https:\/\/baraka.cc\/wp-content\/uploads\/2015\/07\/deniz-halk.jpg","jetpack_shortlink":"https:\/\/wp.me\/p4eHWX-PL","jetpack_sharing_enabled":true,"_links":{"self":[{"href":"https:\/\/baraka.cc\/index.php?rest_route=\/wp\/v2\/posts\/3209"}],"collection":[{"href":"https:\/\/baraka.cc\/index.php?rest_route=\/wp\/v2\/posts"}],"about":[{"href":"https:\/\/baraka.cc\/index.php?rest_route=\/wp\/v2\/types\/post"}],"author":[{"embeddable":true,"href":"https:\/\/baraka.cc\/index.php?rest_route=\/wp\/v2\/users\/3"}],"replies":[{"embeddable":true,"href":"https:\/\/baraka.cc\/index.php?rest_route=%2Fwp%2Fv2%2Fcomments&post=3209"}],"version-history":[{"count":3,"href":"https:\/\/baraka.cc\/index.php?rest_route=\/wp\/v2\/posts\/3209\/revisions"}],"predecessor-version":[{"id":3213,"href":"https:\/\/baraka.cc\/index.php?rest_route=\/wp\/v2\/posts\/3209\/revisions\/3213"}],"wp:featuredmedia":[{"embeddable":true,"href":"https:\/\/baraka.cc\/index.php?rest_route=\/wp\/v2\/media\/3210"}],"wp:attachment":[{"href":"https:\/\/baraka.cc\/index.php?rest_route=%2Fwp%2Fv2%2Fmedia&parent=3209"}],"wp:term":[{"taxonomy":"category","embeddable":true,"href":"https:\/\/baraka.cc\/index.php?rest_route=%2Fwp%2Fv2%2Fcategories&post=3209"},{"taxonomy":"post_tag","embeddable":true,"href":"https:\/\/baraka.cc\/index.php?rest_route=%2Fwp%2Fv2%2Ftags&post=3209"}],"curies":[{"name":"wp","href":"https:\/\/api.w.org\/{rel}","templated":true}]}}