{"id":3215,"date":"2015-07-02T16:38:41","date_gmt":"2015-07-02T14:38:41","guid":{"rendered":"https:\/\/baraka.cc\/?p=3215"},"modified":"2015-07-02T16:38:41","modified_gmt":"2015-07-02T14:38:41","slug":"kultur-sanat-danisma-kurulu-toplandi-ve-degerlendirme-komisyonu-uyeleri-secildi","status":"publish","type":"post","link":"https:\/\/baraka.cc\/?p=3215","title":{"rendered":"K\u00dcLT\u00dcR SANAT DANI\u015eMA KURULU TOPLANDI VE DE\u011eERLEND\u0130RME KOM\u0130SYONU \u00dcYELER\u0130 SE\u00c7\u0130LD\u0130"},"content":{"rendered":"<p><a href=\"https:\/\/baraka.cc\/wp-content\/uploads\/2014\/03\/bte2.jpg\"><img decoding=\"async\" loading=\"lazy\" class=\" wp-image-2293 alignleft\" style=\"border: 1px solid black; margin: 1px;\" alt=\"bte2\" src=\"https:\/\/baraka.cc\/wp-content\/uploads\/2014\/03\/bte2-300x219.jpg\" width=\"240\" height=\"175\" srcset=\"https:\/\/baraka.cc\/wp-content\/uploads\/2014\/03\/bte2-300x219.jpg 300w, https:\/\/baraka.cc\/wp-content\/uploads\/2014\/03\/bte2-1024x748.jpg 1024w, https:\/\/baraka.cc\/wp-content\/uploads\/2014\/03\/bte2.jpg 1947w\" sizes=\"(max-width: 240px) 100vw, 240px\" \/><\/a>K\u00fclt\u00fcr Sanat Dan\u0131\u015fma Kurulu\u2019nun 2 Temmuz Per\u015fembe g\u00fcn\u00fc ger\u00e7ekle\u015ftirdi\u011fi ayl\u0131k rutin toplant\u0131s\u0131nda, G\u00fczel Sanatlarla \u0130lgili Derneklere Yard\u0131m T\u00fcz\u00fc\u011f\u00fc kapsam\u0131nda yap\u0131labilecek iyile\u015ftirmeler, dernek \u00fcyesi olmayan sanat\u00e7\u0131lara da adil bir \u015fekilde destek sa\u011flanabilmesi i\u00e7in gerekli olan kitap ve \u00f6d\u00fcl t\u00fcz\u00fckleri konular\u0131 tart\u0131\u015f\u0131ld\u0131. Devletin k\u00fclt\u00fcr sanat derneklerine ay\u0131rd\u0131\u011f\u0131 b\u00fct\u00e7enin yetersizli\u011fini de tespit eden K\u00fclt\u00fcr Sanat Dan\u0131\u015fma Kurulu, y\u0131llard\u0131r artmayan b\u00fct\u00e7enin geli\u015ftirilmesi i\u00e7in \u00e7al\u0131\u015fma yap\u0131yor.<\/p>\n<p>K\u00fclt\u00fcr Bakanl\u0131\u011f\u0131 M\u00fcste\u015far\u0131 \u015eahap A\u015f\u0131ko\u011flu ba\u015fkanl\u0131\u011f\u0131ndaki toplant\u0131ya, m\u00fczik, sahne sanatlar\u0131, edebiyat, g\u00f6rsel sanatlar, halk bilimi gibi \u00e7e\u015fitli alanlardan k\u00fclt\u00fcr sanat dernekleri taraf\u0131ndan se\u00e7ilmi\u015f temsilciler, \u00fcniversite temsilcileri, K\u00fclt\u00fcr Dairesi g\u00f6revlileri ve K\u00fclt\u00fcr Bakan\u0131\u2019n\u0131n Kurula atad\u0131\u011f\u0131 \u00fcyeler kat\u0131ld\u0131.<\/p>\n<p>Baraka K\u00fclt\u00fcr Merkezi aktivisti Nazen \u015eansal\u2019\u0131n da sahne (g\u00f6steri) sanatlar\u0131 alan\u0131ndaki dernekleri temsilen g\u00f6rev ald\u0131\u011f\u0131 Kurul, bug\u00fcnk\u00fc toplant\u0131s\u0131nda De\u011ferlendirme Komisyonu \u00fcyelerini de belirledi. Her alandan bir ki\u015finin aday olmas\u0131 \u00fczerine se\u00e7ime gerek duyulmadan uzla\u015f\u0131 ile belirlenen De\u011ferlendirme Komisyonu\u2019nda \u015eevket \u00d6znur, Mustafa Elmas, Ayhan B\u0131\u00e7akl\u0131, Zehra \u015eonya ve \u00c7a\u011f\u0131n Zort g\u00f6rev yapacak.<\/p>\n<p>Hat\u0131rlanaca\u011f\u0131 \u00fczere t\u00fcz\u00fck, sahne (g\u00f6steri) sanatlar\u0131 alan\u0131ndan Kurula se\u00e7ilen ki\u015filerin De\u011ferlendirme Komisyonu\u2019na aday olmas\u0131na kapal\u0131yd\u0131. Bu e\u015fitsizli\u011fi gidermek i\u00e7in verilen u\u011fra\u015flar sonucu t\u00fcz\u00fck de\u011fi\u015fikli\u011fi ge\u00e7ti\u011fimiz ay Bakanlar Kurulu\u2019ndan ge\u00e7erek y\u00fcr\u00fcrl\u00fc\u011fe girmi\u015fti. Dolay\u0131s\u0131yla De\u011ferlendirme Komisyonu\u2019nda demokratik kitle \u00f6rg\u00fctlerinin temsiliyeti bir ki\u015fi artarken sahne (g\u00f6steri) sanat\u00e7\u0131lar\u0131 da Komisyon\u2019a girmeye hak kazand\u0131.<\/p>\n<p>&nbsp;<\/p>\n<p>Kas\u0131m 2014 tarihli ilgili haber:<\/p>\n<p>http:\/\/www.kibrispostasi.com\/index.php\/cat\/35\/news\/148705\/PageName\/KIBRIS_HABERLERI<\/p>\n<p>&nbsp;<\/p>\n","protected":false},"excerpt":{"rendered":"<p>K\u00fclt\u00fcr Sanat Dan\u0131\u015fma Kurulu\u2019nun 2 Temmuz Per\u015fembe g\u00fcn\u00fc ger\u00e7ekle\u015ftirdi\u011fi ayl\u0131k rutin toplant\u0131s\u0131nda, G\u00fczel Sanatlarla \u0130lgili Derneklere Yard\u0131m T\u00fcz\u00fc\u011f\u00fc kapsam\u0131nda yap\u0131labilecek iyile\u015ftirmeler, dernek \u00fcyesi olmayan sanat\u00e7\u0131lara<\/p>\n","protected":false},"author":3,"featured_media":2785,"comment_status":"open","ping_status":"open","sticky":false,"template":"","format":"standard","meta":{"jetpack_post_was_ever_published":false,"_jetpack_newsletter_access":"","_jetpack_newsletter_tier_id":0,"jetpack_publicize_message":"","jetpack_is_tweetstorm":false,"jetpack_publicize_feature_enabled":true,"jetpack_social_post_already_shared":true,"jetpack_social_options":{"image_generator_settings":{"template":"highway","enabled":false}}},"categories":[9,1],"tags":[],"jetpack_publicize_connections":[],"jetpack_featured_media_url":"https:\/\/baraka.cc\/wp-content\/uploads\/2015\/03\/foto-1.jpg","jetpack_shortlink":"https:\/\/wp.me\/p4eHWX-PR","jetpack_sharing_enabled":true,"_links":{"self":[{"href":"https:\/\/baraka.cc\/index.php?rest_route=\/wp\/v2\/posts\/3215"}],"collection":[{"href":"https:\/\/baraka.cc\/index.php?rest_route=\/wp\/v2\/posts"}],"about":[{"href":"https:\/\/baraka.cc\/index.php?rest_route=\/wp\/v2\/types\/post"}],"author":[{"embeddable":true,"href":"https:\/\/baraka.cc\/index.php?rest_route=\/wp\/v2\/users\/3"}],"replies":[{"embeddable":true,"href":"https:\/\/baraka.cc\/index.php?rest_route=%2Fwp%2Fv2%2Fcomments&post=3215"}],"version-history":[{"count":1,"href":"https:\/\/baraka.cc\/index.php?rest_route=\/wp\/v2\/posts\/3215\/revisions"}],"predecessor-version":[{"id":3216,"href":"https:\/\/baraka.cc\/index.php?rest_route=\/wp\/v2\/posts\/3215\/revisions\/3216"}],"wp:featuredmedia":[{"embeddable":true,"href":"https:\/\/baraka.cc\/index.php?rest_route=\/wp\/v2\/media\/2785"}],"wp:attachment":[{"href":"https:\/\/baraka.cc\/index.php?rest_route=%2Fwp%2Fv2%2Fmedia&parent=3215"}],"wp:term":[{"taxonomy":"category","embeddable":true,"href":"https:\/\/baraka.cc\/index.php?rest_route=%2Fwp%2Fv2%2Fcategories&post=3215"},{"taxonomy":"post_tag","embeddable":true,"href":"https:\/\/baraka.cc\/index.php?rest_route=%2Fwp%2Fv2%2Ftags&post=3215"}],"curies":[{"name":"wp","href":"https:\/\/api.w.org\/{rel}","templated":true}]}}