{"id":3218,"date":"2015-07-03T10:04:02","date_gmt":"2015-07-03T08:04:02","guid":{"rendered":"https:\/\/baraka.cc\/?p=3218"},"modified":"2015-07-03T10:22:11","modified_gmt":"2015-07-03T08:22:11","slug":"kthy-davasi-dayanisma-konseri","status":"publish","type":"post","link":"https:\/\/baraka.cc\/?p=3218","title":{"rendered":"KTHY DAVASI DAYANI\u015eMA KONSER\u0130"},"content":{"rendered":"<p><a href=\"https:\/\/baraka.cc\/wp-content\/uploads\/2015\/07\/Tarkan-Atakan-Konser-Afis-2.jpg\"><img decoding=\"async\" loading=\"lazy\" class=\"size-medium wp-image-3219 alignleft\" alt=\"Tarkan Atakan Konser Afis 2\" src=\"https:\/\/baraka.cc\/wp-content\/uploads\/2015\/07\/Tarkan-Atakan-Konser-Afis-2-212x300.jpg\" width=\"212\" height=\"300\" srcset=\"https:\/\/baraka.cc\/wp-content\/uploads\/2015\/07\/Tarkan-Atakan-Konser-Afis-2-212x300.jpg 212w, https:\/\/baraka.cc\/wp-content\/uploads\/2015\/07\/Tarkan-Atakan-Konser-Afis-2-724x1024.jpg 724w\" sizes=\"(max-width: 212px) 100vw, 212px\" \/><\/a>KTHY eski \u00e7al\u0131\u015fan\u0131 Tarkan Atakan aleyhine, 2010 y\u0131l\u0131nda ger\u00e7ekle\u015fen eylemler s\u0131ras\u0131nda KTHY binas\u0131n\u0131n cam\u0131n\u0131 k\u0131rd\u0131\u011f\u0131 ve K\u0131br\u0131s T\u00fcrk Hava Yollar\u0131&#8217;na 108 TL&#8217;lik hasar verdi\u011fi iddias\u0131yla a\u00e7\u0131lan ve halen devam etmekte olan &#8220;kasti hasar&#8221; davas\u0131 ile dayan\u0131\u015f\u0131yoruz.<\/p>\n<p>Tarkat Atakan&#8217;\u0131n \u015fahs\u0131nda KTHY m\u00fccadelesinin ve t\u00fcm KTHY \u00e7al\u0131\u015fanlar\u0131n\u0131n itham edildi\u011fi davan\u0131n savunmas\u0131 i\u00e7in mahkeme masraflar\u0131na sadece DA\u00dc-SEN taraf\u0131ndan 1000 TL tutar\u0131nda bir katk\u0131 yap\u0131ld\u0131. Ancak dava masraflar\u0131 i\u00e7in 1500 TL daha gerekiyor. Bu tutar\u0131n KTHY m\u00fccadelesine sahip \u00e7\u0131kan halk\u0131m\u0131z\u0131n katk\u0131s\u0131 ile kar\u015f\u0131lanmas\u0131 i\u00e7in 18 Temmuz 2015 Cumartesi saat 20:00&#8217;da Lefko\u015fa&#8217;da bulunan Barfly&#8217;da bir dayan\u0131\u015fma konser organize edildi. Baraka M\u00fczik Toplulu\u011fu Sol Anahtar\u0131&#8217;n\u0131n \u00fccretsiz sahne alaca\u011f\u0131 konserden toplanacak para, dava masraflar\u0131 i\u00e7in harcanacak.<\/p>\n<p>KTHY&#8217;yi bat\u0131r\u0131p, y\u00fczlerce \u00e7al\u0131\u015fana ve K\u0131br\u0131sl\u0131 T\u00fcrklerin bir de\u011ferine kasti hasar verenlerin; sendikal direni\u015f s\u0131ras\u0131nda k\u0131r\u0131lan bir cam\u0131n pe\u015fine d\u00fc\u015fmesi inand\u0131r\u0131c\u0131 de\u011fildir. Bu davay\u0131 hepimize a\u00e7\u0131lm\u0131\u015f bir dava olarak kabul ediyoruz. 10 TL&#8217;lik dava masraflar\u0131 ile dayan\u0131\u015fma katk\u0131s\u0131 kar\u015f\u0131l\u0131\u011f\u0131nda sat\u0131lmakta olan konser biletlerini temin etmek veya satmak i\u00e7in Baraka K\u00fclt\u00fcr Merkezi&#8217;ne veya Khora Kitap Kafe&#8217;ye ula\u015fabilirsiniz.<\/p>\n<p>Yer: Barfly<\/p>\n<p>Tarih: 18 Temmuz 2015<\/p>\n<p>Saaat: 20:00<\/p>\n<p>15 Temmuz&#8217;da duru\u015fmas\u0131 g\u00f6r\u00fclmeye devam edecek olan dava ile ilgili ayr\u0131nt\u0131l\u0131 bilgiye www.yargilaniyoruz.org adresinden ula\u015f\u0131labilir.<\/p>\n","protected":false},"excerpt":{"rendered":"<p>KTHY eski \u00e7al\u0131\u015fan\u0131 Tarkan Atakan aleyhine, 2010 y\u0131l\u0131nda ger\u00e7ekle\u015fen eylemler s\u0131ras\u0131nda KTHY binas\u0131n\u0131n cam\u0131n\u0131 k\u0131rd\u0131\u011f\u0131 ve K\u0131br\u0131s T\u00fcrk Hava Yollar\u0131&#8217;na 108 TL&#8217;lik hasar verdi\u011fi iddias\u0131yla<\/p>\n","protected":false},"author":1,"featured_media":3219,"comment_status":"open","ping_status":"open","sticky":false,"template":"","format":"standard","meta":{"jetpack_post_was_ever_published":false,"_jetpack_newsletter_access":"","_jetpack_newsletter_tier_id":0,"jetpack_publicize_message":"","jetpack_is_tweetstorm":false,"jetpack_publicize_feature_enabled":true,"jetpack_social_post_already_shared":true,"jetpack_social_options":{"image_generator_settings":{"template":"highway","enabled":false}}},"categories":[63,46,45,9,24,1,23],"tags":[],"jetpack_publicize_connections":[],"jetpack_featured_media_url":"https:\/\/baraka.cc\/wp-content\/uploads\/2015\/07\/Tarkan-Atakan-Konser-Afis-2.jpg","jetpack_shortlink":"https:\/\/wp.me\/p4eHWX-PU","jetpack_sharing_enabled":true,"_links":{"self":[{"href":"https:\/\/baraka.cc\/index.php?rest_route=\/wp\/v2\/posts\/3218"}],"collection":[{"href":"https:\/\/baraka.cc\/index.php?rest_route=\/wp\/v2\/posts"}],"about":[{"href":"https:\/\/baraka.cc\/index.php?rest_route=\/wp\/v2\/types\/post"}],"author":[{"embeddable":true,"href":"https:\/\/baraka.cc\/index.php?rest_route=\/wp\/v2\/users\/1"}],"replies":[{"embeddable":true,"href":"https:\/\/baraka.cc\/index.php?rest_route=%2Fwp%2Fv2%2Fcomments&post=3218"}],"version-history":[{"count":1,"href":"https:\/\/baraka.cc\/index.php?rest_route=\/wp\/v2\/posts\/3218\/revisions"}],"predecessor-version":[{"id":3220,"href":"https:\/\/baraka.cc\/index.php?rest_route=\/wp\/v2\/posts\/3218\/revisions\/3220"}],"wp:featuredmedia":[{"embeddable":true,"href":"https:\/\/baraka.cc\/index.php?rest_route=\/wp\/v2\/media\/3219"}],"wp:attachment":[{"href":"https:\/\/baraka.cc\/index.php?rest_route=%2Fwp%2Fv2%2Fmedia&parent=3218"}],"wp:term":[{"taxonomy":"category","embeddable":true,"href":"https:\/\/baraka.cc\/index.php?rest_route=%2Fwp%2Fv2%2Fcategories&post=3218"},{"taxonomy":"post_tag","embeddable":true,"href":"https:\/\/baraka.cc\/index.php?rest_route=%2Fwp%2Fv2%2Ftags&post=3218"}],"curies":[{"name":"wp","href":"https:\/\/api.w.org\/{rel}","templated":true}]}}