{"id":3221,"date":"2015-07-03T12:59:58","date_gmt":"2015-07-03T10:59:58","guid":{"rendered":"https:\/\/baraka.cc\/?p=3221"},"modified":"2015-07-03T13:03:44","modified_gmt":"2015-07-03T11:03:44","slug":"cratosa-dava-acildi-pazar-gunu-eylem-var","status":"publish","type":"post","link":"https:\/\/baraka.cc\/?p=3221","title":{"rendered":"CRATOS\u2019A DAVA A\u00c7ILDI, PAZAR G\u00dcN\u00dc EYLEM VAR"},"content":{"rendered":"<p><span style=\"line-height: 1.5em;\"><a href=\"https:\/\/baraka.cc\/wp-content\/uploads\/2015\/07\/dava-foto1.jpg\"><img decoding=\"async\" loading=\"lazy\" class=\" wp-image-3222 alignleft\" style=\"border: 1px solid black; margin: 1px;\" alt=\"dava foto1\" src=\"https:\/\/baraka.cc\/wp-content\/uploads\/2015\/07\/dava-foto1-300x175.jpg\" width=\"240\" height=\"140\" srcset=\"https:\/\/baraka.cc\/wp-content\/uploads\/2015\/07\/dava-foto1-300x175.jpg 300w, https:\/\/baraka.cc\/wp-content\/uploads\/2015\/07\/dava-foto1-1024x597.jpg 1024w\" sizes=\"(max-width: 240px) 100vw, 240px\" \/><\/a>Cratos Otel\u2019in denize giri\u015fi engellemesi \u00fczerine polise su\u00e7 duyurusunda da bulunan aktivistler, bug\u00fcn Girne Mahkemesi\u2019nde Cratos Otel\u2019e kar\u015f\u0131 dava a\u00e7t\u0131. \u00c7atalk\u00f6y Belediyesi ve \u0130\u00e7i\u015fleri Bakanl\u0131\u011f\u0131\u2019n\u0131n da yasadan kaynaklanan denetim yetkisinden dolay\u0131 daval\u0131 listesine yaz\u0131ld\u0131klar\u0131 mahkeme s\u00fcreci bug\u00fcn resmen ba\u015flad\u0131. Avukat \u00d6zg\u00fc \u00d6zkul \u00d6zyi\u011fit ve Ahmet Said Say\u0131n\u2019\u0131n g\u00f6n\u00fcll\u00fc olarak y\u00fcr\u00fctt\u00fckleri davada Nazen \u015eansal ve Yusuf \u00d6zg\u00fc Sertel davac\u0131 oldu. Davay\u0131 usul gere\u011fi ki\u015filer a\u00e7m\u0131\u015f olsa da amac\u0131n, denizlerin t\u00fcm halk\u0131n oldu\u011funu, mahkeme kanal\u0131yla Cratos Otel\u2019e ve denizleri parselleyenlere g\u00f6stermek oldu\u011fu davac\u0131lar taraf\u0131ndan vurguland\u0131. Uzun y\u0131llard\u0131r plajlarda ve sokakta verilmekte olan \u201cdenizler halk\u0131nd\u0131r\u201d m\u00fccadelesinde \u00e7e\u015fitli hukuki kazan\u0131mlar da mevcut. Deniz K\u0131z\u0131 Otel ve Escape\u2019in yan\u0131 s\u0131ra Cratos Otel\u2019e a\u00e7\u0131lm\u0131\u015f ve h\u00fck\u00fcm al\u0131nm\u0131\u015f bir dava da bulunuyor.\u00a0<\/span><\/p>\n<p>Bir yandan hukuk m\u00fccadelesi s\u00fcrerken di\u011fer yandan \u00f6rg\u00fctler Pazar g\u00fcn\u00fc saat 14.00\u2019te Cratos Otel\u2019e eylem \u00e7a\u011fr\u0131s\u0131 yapt\u0131. Sahillerin parsellenmesine ve halk\u0131n haklar\u0131n\u0131n gasbedilmesine kar\u015f\u0131 \u00e7\u0131kan t\u00fcm halk\u0131n davetli oldu\u011fu eylemi Baraka K\u00fclt\u00fcr Merkezi, TDP, BKP, Ba\u011f\u0131ms\u0131zl\u0131k Yolu, Biyologlar Derne\u011fi, Ye\u015fil Bar\u0131\u015f Hareketi, Hukukun \u00dcst\u00fcnl\u00fc\u011f\u00fc Hareketi, HAS-DER, TDP Gen\u00e7lik \u00d6rg\u00fct\u00fc ve BKP Gen\u00e7lik Meclisi d\u00fczenliyor.<\/p>\n<p>&nbsp;<\/p>\n","protected":false},"excerpt":{"rendered":"<p>Cratos Otel\u2019in denize giri\u015fi engellemesi \u00fczerine polise su\u00e7 duyurusunda da bulunan aktivistler, bug\u00fcn Girne Mahkemesi\u2019nde Cratos Otel\u2019e kar\u015f\u0131 dava a\u00e7t\u0131. \u00c7atalk\u00f6y Belediyesi ve \u0130\u00e7i\u015fleri Bakanl\u0131\u011f\u0131\u2019n\u0131n<\/p>\n","protected":false},"author":3,"featured_media":3222,"comment_status":"open","ping_status":"open","sticky":false,"template":"","format":"standard","meta":{"jetpack_post_was_ever_published":false,"_jetpack_newsletter_access":"","_jetpack_newsletter_tier_id":0,"jetpack_publicize_message":"","jetpack_is_tweetstorm":false,"jetpack_publicize_feature_enabled":true,"jetpack_social_post_already_shared":true,"jetpack_social_options":{"image_generator_settings":{"template":"highway","enabled":false}}},"categories":[9,1],"tags":[],"jetpack_publicize_connections":[],"jetpack_featured_media_url":"https:\/\/baraka.cc\/wp-content\/uploads\/2015\/07\/dava-foto1.jpg","jetpack_shortlink":"https:\/\/wp.me\/p4eHWX-PX","jetpack_sharing_enabled":true,"_links":{"self":[{"href":"https:\/\/baraka.cc\/index.php?rest_route=\/wp\/v2\/posts\/3221"}],"collection":[{"href":"https:\/\/baraka.cc\/index.php?rest_route=\/wp\/v2\/posts"}],"about":[{"href":"https:\/\/baraka.cc\/index.php?rest_route=\/wp\/v2\/types\/post"}],"author":[{"embeddable":true,"href":"https:\/\/baraka.cc\/index.php?rest_route=\/wp\/v2\/users\/3"}],"replies":[{"embeddable":true,"href":"https:\/\/baraka.cc\/index.php?rest_route=%2Fwp%2Fv2%2Fcomments&post=3221"}],"version-history":[{"count":3,"href":"https:\/\/baraka.cc\/index.php?rest_route=\/wp\/v2\/posts\/3221\/revisions"}],"predecessor-version":[{"id":3225,"href":"https:\/\/baraka.cc\/index.php?rest_route=\/wp\/v2\/posts\/3221\/revisions\/3225"}],"wp:featuredmedia":[{"embeddable":true,"href":"https:\/\/baraka.cc\/index.php?rest_route=\/wp\/v2\/media\/3222"}],"wp:attachment":[{"href":"https:\/\/baraka.cc\/index.php?rest_route=%2Fwp%2Fv2%2Fmedia&parent=3221"}],"wp:term":[{"taxonomy":"category","embeddable":true,"href":"https:\/\/baraka.cc\/index.php?rest_route=%2Fwp%2Fv2%2Fcategories&post=3221"},{"taxonomy":"post_tag","embeddable":true,"href":"https:\/\/baraka.cc\/index.php?rest_route=%2Fwp%2Fv2%2Ftags&post=3221"}],"curies":[{"name":"wp","href":"https:\/\/api.w.org\/{rel}","templated":true}]}}