{"id":3226,"date":"2015-07-07T11:30:26","date_gmt":"2015-07-07T09:30:26","guid":{"rendered":"https:\/\/baraka.cc\/?p=3226"},"modified":"2015-07-07T11:30:26","modified_gmt":"2015-07-07T09:30:26","slug":"14-agustos-icin-orgutler-bir-araya-geldi","status":"publish","type":"post","link":"https:\/\/baraka.cc\/?p=3226","title":{"rendered":"14 A\u011fustos \u0130\u00e7in \u00d6rg\u00fctler Bir Araya Geldi"},"content":{"rendered":"<p><a href=\"https:\/\/baraka.cc\/wp-content\/uploads\/2015\/07\/IMG_0168.jpg\"><img decoding=\"async\" loading=\"lazy\" class=\"size-medium wp-image-3227 alignleft\" style=\"border: 1px solid black;\" alt=\"IMG_0168\" src=\"https:\/\/baraka.cc\/wp-content\/uploads\/2015\/07\/IMG_0168-300x225.jpg\" width=\"300\" height=\"225\" srcset=\"https:\/\/baraka.cc\/wp-content\/uploads\/2015\/07\/IMG_0168-300x225.jpg 300w, https:\/\/baraka.cc\/wp-content\/uploads\/2015\/07\/IMG_0168-1024x768.jpg 1024w\" sizes=\"(max-width: 300px) 100vw, 300px\" \/><\/a>Her y\u0131l 14 A\u011fustos\u2019ta d\u00fczenlenen ve T\u00fcrkiye\u2019nin 14 A\u011fustos 1974&#8217;te K\u0131br\u0131s\u2019a d\u00fczenledi\u011fi ikinci harekat\u0131n\u00a0 protesto edildi\u011fi \u201cBa\u011f\u0131ms\u0131z K\u0131br\u0131s\u201d eylemi i\u00e7in <i>\u201c14 A\u011fustos Cuma saat 19.00\u2019da ger\u00e7ekle\u015ftirece\u011fimiz eylemlilikle i\u015fgallere, b\u00f6l\u00fcnm\u00fc\u015fl\u00fc\u011fe kar\u015f\u0131 bar\u0131\u015f, yeniden birle\u015fme ve \u201cBa\u011f\u0131ms\u0131z K\u0131br\u0131s\u201d talebimizi bir kez daha hayk\u0131r\u0131yoruz\u201d <\/i>diyerek bir araya gelen d\u00f6rt \u00f6rg\u00fct bug\u00fcn ortak bir bas\u0131n a\u00e7\u0131klamas\u0131 ger\u00e7ekle\u015ftirdi. Ba\u011f\u0131ms\u0131zl\u0131k Yolu, Baraka, TDP Gen\u00e7lik \u00d6rg\u00fct\u00fc ve BKP Gen\u00e7lik Meclisi taraf\u0131ndan yap\u0131lan ortak a\u00e7\u0131klamadan \u00f6nce \u00f6rg\u00fctler ad\u0131na konu\u015fan TDP Gen\u00e7lik \u00d6rg\u00fct\u00fc temsilcisi Yusuf Osman, bu \u00f6rg\u00fctlerin daha \u00f6nce se\u00e7imler i\u00e7in bir araya geldi\u011fini ancak sadece se\u00e7imlerde de\u011fil sokak m\u00fccadelesinde de birlikte olman\u0131n \u00f6nemli oldu\u011funu ve bu sebeple de t\u00fcm farkl\u0131l\u0131klar\u0131na ra\u011fmen bu d\u00f6rt \u00f6rg\u00fct\u00fcn bir araya gelerek \u201cBa\u011f\u0131ms\u0131z K\u0131br\u0131s\u201d hedefinde m\u00fccadele etmeye haz\u0131r olduklar\u0131n\u0131 dile getirdi.<\/p>\n<p>A\u00e7\u0131klaman\u0131n tam metni ise \u015f\u00f6yle:<\/p>\n<p>De\u011ferli bas\u0131n emek\u00e7ileri,<\/p>\n<p>1974 y\u0131l\u0131, NATO\u2019nun g\u00fcd\u00fcm\u00fcndeki Yunanistan ve TC\u2019nin K\u0131br\u0131s\u2019a do\u011frudan yapt\u0131klar\u0131 ve K\u0131br\u0131s\u2019\u0131n son 41 y\u0131l\u0131n\u0131n gidi\u015fat\u0131n\u0131 k\u00f6kten de\u011fi\u015ftirecek olan m\u00fcdahalelerin y\u0131l\u0131d\u0131r. 15 Temmuz fa\u015fist Yunan Cuntas\u0131\u2019n\u0131n darbesi ile tetiklenen s\u00fcre\u00e7 20 Temmuz\u2019da TC\u2019nin askeri m\u00fcdahalesini getirmi\u015f ve 14 A\u011fustos\u2019ta TC, ba\u015flatt\u0131\u011f\u0131 ikinci askeri harekat ile ayn\u0131 zamanda adada 41 y\u0131ld\u0131r s\u00fcrecek olan askeri, siyasi, ekonomik ve k\u00fclt\u00fcrel hakimiyetini ba\u015flatm\u0131\u015f oluyordu. \u0130\u015fte bizler, her y\u0131l oldu\u011fu gibi bu y\u0131l da, 14 A\u011fustos\u2019un y\u0131ld\u00f6n\u00fcm\u00fcnde, K\u0131br\u0131sl\u0131 T\u00fcrklerin ya\u015fad\u0131\u011f\u0131 K\u0131br\u0131s\u2019\u0131n kuzey co\u011frafyas\u0131n\u0131n TC taraf\u0131ndan hakimiyet alt\u0131na al\u0131nmas\u0131n\u0131 protesto etmek i\u00e7in bir araya gelmi\u015f bulunuyoruz.<\/p>\n<p>Bu ba\u011flamda, 14 A\u011fustos Cuma saat 19.00\u2019da ger\u00e7ekle\u015ftirece\u011fimiz eylemlilikle i\u015fgallere, b\u00f6l\u00fcnm\u00fc\u015fl\u00fc\u011fe kar\u015f\u0131 bar\u0131\u015f, yeniden birle\u015fme ve \u201cBa\u011f\u0131ms\u0131z K\u0131br\u0131s\u201d talebimizi bir kez daha hayk\u0131r\u0131yoruz.<\/p>\n<p>K\u0131br\u0131s adas\u0131, tarih boyunca, emperyalist g\u00fc\u00e7ler taraf\u0131ndan yer de\u011fil stratejik hedeflerine ula\u015fmak i\u00e7in yol olarak alg\u0131lanm\u0131\u015ft\u0131r hep. Tarih boyunca K\u0131br\u0131s, hep ba\u015fka co\u011frafyalara olan ba\u011flant\u0131s\u0131 ve stratejik konumu nedeniyle, yol olagelmi\u015ftir her d\u00f6nemin egemen g\u00fc\u00e7leri i\u00e7in. Ge\u00e7erken u\u011fran\u0131lan, ge\u00e7mek i\u00e7in elde tutmaya \u00e7al\u0131\u015f\u0131lan, ge\u00e7i\u015f kolayla\u015fs\u0131n diye i\u015fgal edilen bu k\u00fc\u00e7\u00fck ada, sadece \u00fczerinde ya\u015fayan insanlar i\u00e7in yer olarak alg\u0131lanma l\u00fcks\u00fcne sahip olmu\u015ftur. Ancak, egemenlerin d\u00fc\u015f\u00fcnceleri en ve tek do\u011fru d\u00fc\u015f\u00fcnce olarak kabul edildi\u011fi \u00f6l\u00e7\u00fcde de, K\u0131br\u0131s\u2019\u0131n \u00fczerinde ya\u015fayan insanlar\u0131n b\u00fcy\u00fck bir b\u00f6l\u00fcm\u00fc bile, kendileri i\u00e7in yer olan bu co\u011frafyay\u0131 yol olarak alg\u0131lam\u0131\u015flar ve \u00f6zg\u00fcrl\u00fc\u011f\u00fc her zaman, kendilerine en g\u00fczel yol muamelesi yapacaklar\u0131na inand\u0131klar\u0131 egemenlerin pe\u015finden ko\u015farak ge\u00e7irmi\u015flerdir.<\/p>\n<p>K\u0131br\u0131s\u2019\u0131n yak\u0131n tarihinde kurulan tek ba\u011f\u0131ms\u0131z cumhuriyetin ba\u011f\u0131ms\u0131zl\u0131\u011f\u0131n\u0131n, o d\u00f6nemin egemenlerinin \u00e7\u0131karlar\u0131na ve \u201cg\u00fcvencesine\u201d ba\u011f\u0131ml\u0131 olu\u015fu da, ironik oldu\u011fu kadar, bu hikayenin ger\u00e7ekli\u011fine \u00e7ok g\u00fczel bir \u00f6rnektir. K\u0131br\u0131s\u2019\u0131n yerli egemenlerinin att\u0131\u011f\u0131 b\u00fct\u00fcn ba\u011f\u0131ms\u0131zl\u0131k nutuklar\u0131n\u0131n hemen ard\u0131ndan gelen \u015f\u00fckran beyanlar\u0131n\u0131n trajikli\u011fi, K\u0131br\u0131sl\u0131lar\u0131n dram\u0131n\u0131 anlat\u0131r.<\/p>\n<p>Bu hikayenin en son \u00f6rne\u011fi ise, 1974\u2019te, So\u011fuk Sava\u015f\u2019\u0131n stratejik hamleleri \u00e7er\u00e7evesinde, s\u00fcrmekte olan K\u0131br\u0131s\u2019ta emperyalist hakimiyetin yeniden \u015fekillenmesi i\u00e7in fa\u015fist Yunan Cuntas\u0131\u2019n\u0131n darbesi ve TC\u2019nin i\u015fgali sonucu K\u0131br\u0131s\u2019\u0131n ikiye b\u00f6l\u00fcnmesi ve adan\u0131n NATO kontrol\u00fc alt\u0131na sokulmas\u0131d\u0131r. Buna ek olarak, K\u0131br\u0131s\u2019\u0131n g\u00fcneyindeki \u0130ngiliz \u00fcsleri ve ABD dinleme tesisleri ise, Ortado\u011fu\u2019nun hakimiyet alt\u0131na al\u0131nma \u00e7abas\u0131n\u0131n bir par\u00e7as\u0131 olmu\u015ftur. Daha sonraki zamanlarda ise, K\u0131br\u0131s\u2019\u0131n g\u00fcneyinde AB\u2019nin yasal, idari, politik ve ekonomik hegemonyas\u0131 kurulmu\u015ftur. T\u00fcm bunlar, K\u0131br\u0131s adas\u0131n\u0131n, ister kuzey olsun ister g\u00fcneyinin, NATO ve AB gibi egemenlerin \u00e7\u0131karlar\u0131n\u0131 K\u0131br\u0131sl\u0131lar\u0131n aleyhine kollayan g\u00fc\u00e7lerin bir \u201cyol\u201du halinde oldu\u011funun g\u00f6stergesidir. \u00d6te yandan, K\u0131br\u0131s\u2019\u0131n \u00fczerinde ya\u015fayan insanlar i\u00e7in K\u0131br\u0131s hala bir \u201cyer\u201ddir ancak bunun ger\u00e7ek anlamda hayat bulabilmesi, yani K\u0131br\u0131s\u2019\u0131 geri kazanabilmek ise, K\u0131br\u0131s\u2019ta yeniden birle\u015fmeye, ba\u011f\u0131ms\u0131zl\u0131\u011fa, bar\u0131\u015fa ve emek\u00e7ilerin lehine bir d\u00fcnya g\u00f6r\u00fc\u015f\u00fcne sar\u0131larak m\u00fcmk\u00fcn olabilir.<\/p>\n<p>Asl\u0131nda hepimiz, i\u00e7inde bulundu\u011fumuz bu karanl\u0131k t\u00fcnelin sonundaki \u0131\u015f\u0131\u011f\u0131 biliyor, t\u00fcnelin d\u0131\u015f\u0131nda sahici bir ayd\u0131nl\u0131\u011fa ula\u015fabilece\u011fimizi g\u00f6r\u00fcyoruz. Ancak egemenlerin t\u00fcnelin i\u00e7ine takd\u0131rd\u0131klar\u0131 solgun \u0131\u015f\u0131klar g\u00f6zlerimizi al\u0131yor, t\u00fcnelin d\u0131\u015f\u0131ndaki ger\u00e7ek ayd\u0131nl\u0131\u011f\u0131 bazen unutabiliyoruz. Bunu \u0131srarla hat\u0131rlatanlar\u0131m\u0131z\u0131nsa, t\u00fcnelin \u00e7\u00f6k\u00fcp hepimizin alt\u0131nda kalmas\u0131na sebep olacak maceraperestler oldu\u011fu s\u00f6yleniyor bize. Kendi az\u0131nl\u0131k \u00e7\u0131karlar\u0131 u\u011fruna hepimizin olan memleketimizin kaynaklar\u0131 \u00fcst\u00fcne \u00e7ullanmaktan bir an bile \u00e7ekinmeyen ger\u00e7ek macerparestler verdikleri t\u00fcm zararlar\u0131 \u201csayg\u0131nl\u0131k\u201d ad\u0131 alt\u0131nda gizleyebiliyorken, e\u015fitlik, \u00f6zg\u00fcrl\u00fck, bar\u0131\u015f, birle\u015fik K\u0131br\u0131s, ba\u011f\u0131ms\u0131zl\u0131k ve refah gibi ger\u00e7ek talepler ise \u201cmaceraperestlik\u201d olarak alg\u0131lanmakta. Servetlerine servet kats\u0131n diye sahilleri ve denizleri ya\u011fmalayanlar, kalitesiz ve bilimsellikten yoksun \u00fcniversitelerinde yeni diplomal\u0131 i\u015fsizler yeti\u015ftirenler, koskoca bir da\u011f\u0131 ta\u015f ocaklar\u0131yla g\u00fcnbeg\u00fcn yok edenler, ucuza getirip pahal\u0131ya satanlar, ucuza \u00e7al\u0131\u015ft\u0131r\u0131p k\u00e2r\u0131n\u0131 artt\u0131ranlar, in\u015faatlardaki i\u015f cinayetlerinin orta\u011f\u0131 olanlar, gece kul\u00fcplerinde kad\u0131n\u0131 k\u00f6lele\u015ftirenler, g\u00fczelim do\u011fam\u0131z\u0131 s\u00f6m\u00fcrenler, gencecik insanlar\u0131 kamuda ve \u00f6zel sekt\u00f6rde sefalete mahkum ve ailelerine muhta\u00e7 edenler&#8230; Yani servetlerlerini artt\u0131rabilsinler diye sefaletimizi artt\u0131ranlar&#8230; T\u00fcm bunlar, ortayolcular\u0131n s\u00f6yledi\u011fi gibi sistemin vah\u015fi y\u00fcz\u00fc de\u011fil, sistemin bizzat kendisi ve bu hikaye, sadece adam\u0131z\u0131n kuzeyinde de\u011fil, i\u015fsizli\u011fin ve yoksullu\u011fun g\u00fcn ge\u00e7tik\u00e7e artt\u0131\u011f\u0131 K\u0131br\u0131s\u2019\u0131n g\u00fcneyinde de ger\u00e7ekle\u015fmektedir.<\/p>\n<p>Bu a\u00e7\u0131dan, K\u0131br\u0131s\u2019\u0131n ba\u011f\u0131ms\u0131zl\u0131\u011f\u0131, asla K\u0131br\u0131s\u2019\u0131n yeniden birle\u015fmesinden, bar\u0131\u015ftan ve emek\u00e7ilerin ger\u00e7ek iktidar\u0131ndan ayr\u0131 d\u00fc\u015f\u00fcn\u00fclemez. K\u0131br\u0131s\u2019\u0131n ba\u011f\u0131ms\u0131zl\u0131\u011f\u0131, K\u0131br\u0131s\u2019\u0131 \u201cyol\u201d olarak g\u00f6renlere inat buran\u0131n bir \u201cyer\u201d oldu\u011funu ve sadece burada ya\u015fayanlara ait oldu\u011funu dile getirmek kadar, K\u0131br\u0131s\u2019\u0131n kendi i\u00e7inde, sermayenin eme\u011fe kar\u015f\u0131 gerek kuzeyde gerek g\u00fcneyde ger\u00e7ekle\u015ftirdi\u011fi sald\u0131ralara kar\u015f\u0131 \u00e7\u0131kmay\u0131 ve bunu, birle\u015fik bir K\u0131br\u0131s d\u00fc\u015f\u00fc \u00e7er\u00e7evesinde yapmay\u0131 gerektirir.<\/p>\n<p>\u0130\u015fte bizler, her y\u0131l oldu\u011fu gibi, bu 14 A\u011fustos\u2019ta da, t\u00fcm bu anlat\u0131lanlar \u00e7er\u00e7evesinde duydu\u011fumuz \u00f6fkeyi, g\u00fczel bir gelece\u011fe duydu\u011fumuz inan\u00e7 ve bug\u00fcn\u00fc yeninden kurarken ta\u015f\u0131d\u0131\u011f\u0131m\u0131z ne\u015feyle harmanlay\u0131p, yine sokakta olup, emperyalizme, i\u015fgale ve b\u00f6l\u00fcnm\u00fc\u015fl\u00fc\u011fe kar\u015f\u0131 Ba\u011f\u0131ms\u0131z K\u0131br\u0131s diye hayk\u0131raca\u011f\u0131z! T\u00fcnelin i\u00e7ini en iyi ben ayd\u0131nlat\u0131r\u0131m diyenlere inat, t\u00fcnelin d\u0131\u015f\u0131ndaki ger\u00e7ek ayd\u0131nl\u0131k i\u00e7in, Ba\u011f\u0131ms\u0131z K\u0131br\u0131s talebine sonuna kadar sahip \u00e7\u0131kaca\u011f\u0131z!<\/p>\n","protected":false},"excerpt":{"rendered":"<p>Her y\u0131l 14 A\u011fustos\u2019ta d\u00fczenlenen ve T\u00fcrkiye\u2019nin 14 A\u011fustos 1974&#8217;te K\u0131br\u0131s\u2019a d\u00fczenledi\u011fi ikinci harekat\u0131n\u00a0 protesto edildi\u011fi \u201cBa\u011f\u0131ms\u0131z K\u0131br\u0131s\u201d eylemi i\u00e7in \u201c14 A\u011fustos Cuma saat 19.00\u2019da<\/p>\n","protected":false},"author":4,"featured_media":3229,"comment_status":"open","ping_status":"open","sticky":false,"template":"","format":"standard","meta":{"jetpack_post_was_ever_published":false,"_jetpack_newsletter_access":"","_jetpack_newsletter_tier_id":0,"jetpack_publicize_message":"","jetpack_is_tweetstorm":false,"jetpack_publicize_feature_enabled":true,"jetpack_social_post_already_shared":true,"jetpack_social_options":{"image_generator_settings":{"template":"highway","enabled":false}}},"categories":[54,47,9,1],"tags":[],"jetpack_publicize_connections":[],"jetpack_featured_media_url":"https:\/\/baraka.cc\/wp-content\/uploads\/2015\/07\/IMG_0171.jpg","jetpack_shortlink":"https:\/\/wp.me\/p4eHWX-Q2","jetpack_sharing_enabled":true,"_links":{"self":[{"href":"https:\/\/baraka.cc\/index.php?rest_route=\/wp\/v2\/posts\/3226"}],"collection":[{"href":"https:\/\/baraka.cc\/index.php?rest_route=\/wp\/v2\/posts"}],"about":[{"href":"https:\/\/baraka.cc\/index.php?rest_route=\/wp\/v2\/types\/post"}],"author":[{"embeddable":true,"href":"https:\/\/baraka.cc\/index.php?rest_route=\/wp\/v2\/users\/4"}],"replies":[{"embeddable":true,"href":"https:\/\/baraka.cc\/index.php?rest_route=%2Fwp%2Fv2%2Fcomments&post=3226"}],"version-history":[{"count":3,"href":"https:\/\/baraka.cc\/index.php?rest_route=\/wp\/v2\/posts\/3226\/revisions"}],"predecessor-version":[{"id":3231,"href":"https:\/\/baraka.cc\/index.php?rest_route=\/wp\/v2\/posts\/3226\/revisions\/3231"}],"wp:featuredmedia":[{"embeddable":true,"href":"https:\/\/baraka.cc\/index.php?rest_route=\/wp\/v2\/media\/3229"}],"wp:attachment":[{"href":"https:\/\/baraka.cc\/index.php?rest_route=%2Fwp%2Fv2%2Fmedia&parent=3226"}],"wp:term":[{"taxonomy":"category","embeddable":true,"href":"https:\/\/baraka.cc\/index.php?rest_route=%2Fwp%2Fv2%2Fcategories&post=3226"},{"taxonomy":"post_tag","embeddable":true,"href":"https:\/\/baraka.cc\/index.php?rest_route=%2Fwp%2Fv2%2Ftags&post=3226"}],"curies":[{"name":"wp","href":"https:\/\/api.w.org\/{rel}","templated":true}]}}