{"id":3234,"date":"2015-07-16T18:04:51","date_gmt":"2015-07-16T16:04:51","guid":{"rendered":"https:\/\/baraka.cc\/?p=3234"},"modified":"2015-07-16T18:04:51","modified_gmt":"2015-07-16T16:04:51","slug":"dunden-bugune-bayramlar","status":"publish","type":"post","link":"https:\/\/baraka.cc\/?p=3234","title":{"rendered":"D\u00dcNDEN BUG\u00dcNE BAYRAMLAR"},"content":{"rendered":"<p>\u015eifa Al\u00e7\u0131c\u0131o\u011flu<\/p>\n<p>Sifa_alcicioglu@yahoo.com<\/p>\n<p><b><a href=\"https:\/\/baraka.cc\/wp-content\/uploads\/2015\/07\/Saray+\u00c2n+-Konak-meydan\u00a6-1933-bayram-yeri.jpg\"><img decoding=\"async\" loading=\"lazy\" class=\"size-medium wp-image-3238 alignleft\" alt=\"Saray+\u00c2n+- ( Konak meydan\u00a6- ) 1933 bayram yeri\" src=\"https:\/\/baraka.cc\/wp-content\/uploads\/2015\/07\/Saray+\u00c2n+-Konak-meydan\u00a6-1933-bayram-yeri-234x300.jpg\" width=\"234\" height=\"300\" srcset=\"https:\/\/baraka.cc\/wp-content\/uploads\/2015\/07\/Saray+\u00c2n+-Konak-meydan\u00a6-1933-bayram-yeri-234x300.jpg 234w, https:\/\/baraka.cc\/wp-content\/uploads\/2015\/07\/Saray+\u00c2n+-Konak-meydan\u00a6-1933-bayram-yeri.jpg 751w\" sizes=\"(max-width: 234px) 100vw, 234px\" \/><\/a>\u00a0<\/b><i>\u00a0\u201cBayram sabah\u0131 her zamanki gibi tatl\u0131 bir tela\u015fla ba\u015flad\u0131. Erkekler camiye gitti, babam erkek garda\u015f\u0131m\u0131 da g\u00f6t\u00fcrd\u00fc bu sefer yan\u0131nda. Onlar gelir gelmez kahvalt\u0131 yapaca\u011f\u0131k hep birlikte. Beni en heyecanland\u0131ran ise Hisar\u2019\u0131n \u00fcst\u00fcnde kurulan bayram yerine gitmek ve cinciraga binmek. Bunun i\u00e7in sabah g\u00fcn do\u011fmadan erkenden kalkt\u0131m, anamla, abamla birlikte hamuru yo\u011furduk. Sonra kafesleri, \u00e7\u00f6rekleri sald\u0131k bah\u00e7edeki f\u0131r\u0131na. Garyolam\u0131n ayakucuna ast\u0131\u011f\u0131m yeni urubam\u0131 giymek i\u00e7in da sab\u0131rs\u0131zlan\u0131r\u0131m. Yast\u0131\u011f\u0131m\u0131n alt\u0131na sakland\u0131\u011f\u0131m potinler da \u00a0tam \u0131smarlad\u0131\u011f\u0131m gibi, bile\u011fini saran golan\u0131 da \u00e7ok g\u00fczel birazc\u0131k da b\u00fcy\u00fck\u00e7e ama eskiyene gadar b\u00fcy\u00fcr\u00fcm nas\u0131lsa\u2026\u201d<\/i><\/p>\n<p>Bu anlatt\u0131\u011f\u0131m anektod yakla\u015f\u0131k yar\u0131m as\u0131r \u00f6nce, K\u0131br\u0131s\u2019ta hayali bir bayram sabah\u0131 tasviri olsa da ge\u00e7mi\u015ften bug\u00fcne bakt\u0131\u011f\u0131m\u0131z zaman diyebiliriz ki, bayramlar K\u0131br\u0131sl\u0131 T\u00fcrk k\u00fclt\u00fcr\u00fcnde \u00f6nemli bir yere sahiptir. Her ne kadar dini bir inan\u0131\u015ftan yola \u00e7\u0131karak kutlansa da asl\u0131nda bayram\u0131 bayram yapan; dayan\u0131\u015fma, sayg\u0131 duyma, payla\u015fma gibi de\u011ferlerdir. \u015eimdilerde; tarihi, k\u00fclt\u00fcr\u00fc, ge\u00e7mi\u015fi, g\u00fcnl\u00fck hayat prati\u011fi sistemli ve bilin\u00e7li olarak unutturulmaya \u00e7al\u0131\u015f\u0131lan K\u0131br\u0131sl\u0131 T\u00fcrk halk\u0131 i\u00e7in bayramlar bu anlamda hala bir \u00f6nem arz etmektedir.<\/p>\n<p>Eskiden bayramlar b\u00fcy\u00fck-k\u00fc\u00e7\u00fck, yoksul-fakir ay\u0131rt etmeksizin herkesin d\u00f6rt g\u00f6zle bekledi\u011fi g\u00fcnlerdi. \u00c7\u00fcnk\u00fc bayramda baz\u0131 evlere, y\u0131lda bir kere de olsa, giremeyen et girer, g\u00fczel yemekler yap\u0131l\u0131r ve bayram tatl\u0131s\u0131 tel kaday\u0131f\u0131 konuk olurdu sofralara.<\/p>\n<p>T\u00fcketim toplumunun daha yarat\u0131lmad\u0131\u011f\u0131 bu zaman diliminde insanlar y\u0131lda bir kez yeni elbise diker ya da diktirirlerdi. Bu k\u0131yafetlerini de genelde bayramda giymeyi tercih ederlerdi. \u00d6zellikle \u00e7ocuklar yeni elbiseler giyece\u011fi i\u00e7in sevinir, odada en g\u00f6r\u00fcnen yere mesela yata\u011f\u0131n\u0131n, dolab\u0131n\u0131n \u00fczerine yeni elbisesini asar, dayanamayanlar da k\u0131yafetleriyle uyurdu. Esnaf da bayramlar\u0131 severdi. Bu d\u00f6nemde terzi ve kundurac\u0131lar yo\u011fun olarak \u00e7al\u0131\u015f\u0131r, sipari\u015fleri yeti\u015ftirmeye zorlan\u0131rlard\u0131. Arife g\u00fcn\u00fcne kadar t\u00fcm sipari\u015fler yerlerine ula\u015ft\u0131r\u0131l\u0131r alan ki\u015filerse b\u00fct\u00fcn bir y\u0131l bu ayakkab\u0131lar\u0131, elbiseleri giyerdi. En az bayramlar kadar arife g\u00fcnleri de \u00f6zel g\u00fcnlerdi; evlerde hummal\u0131 bir temizlik yap\u0131l\u0131r, y\u0131kan\u0131l\u0131r ve ikindi gibi mezarl\u0131klara ziyaretler ger\u00e7ekle\u015ftirilirdi.<\/p>\n<p>K\u0131br\u0131s\u2019ta bayramlar\u0131n en \u00f6nemli \u00f6zelliklerinden birisi de bayram \u00e7\u00f6rekleri ve kafeslerdir. \u015eimdilerde bu adet baz\u0131 k\u00f6ylerde hala ya\u015fat\u0131lmaktad\u0131r. \u00c7ocuklu\u011fumda neneme yard\u0131m maksatl\u0131 arife sabah\u0131 kalkar kafes, \u00e7\u00f6rek ve ekmek yapmas\u0131na yard\u0131m ederdim. Ekmek teknesinde yo\u011frulan o hamurla birlikte ne lezzetler \u00e7\u0131kard\u0131 ortaya. Bu \u00e7\u00f6rekleri anlaml\u0131 k\u0131lan ise payla\u015f\u0131lmas\u0131yd\u0131. Kom\u015fulara da\u011f\u0131t\u0131l\u0131r, eve gelen misafirlere hellimle birlikte sunulurdu yap\u0131lanlar.<\/p>\n<p>G\u00fcn\u00fcm\u00fcze gelene kadar bir\u00e7ok de\u011fi\u015fiklik ya\u015fand\u0131 bayramlarla ilgili, de\u011fi\u015fmeyen en belirgin \u00f6zellik ise insanlar\u0131 hala bir araya getirebilmesidir.<\/p>\n<p><a href=\"https:\/\/baraka.cc\/wp-content\/uploads\/2015\/07\/Bayram-yeri-Saray-Onu-.-1925.jpg\"><img decoding=\"async\" loading=\"lazy\" class=\"size-medium wp-image-3239 alignleft\" alt=\"Bayram yeri , Saray Onu . 1925\" src=\"https:\/\/baraka.cc\/wp-content\/uploads\/2015\/07\/Bayram-yeri-Saray-Onu-.-1925-300x194.jpg\" width=\"300\" height=\"194\" srcset=\"https:\/\/baraka.cc\/wp-content\/uploads\/2015\/07\/Bayram-yeri-Saray-Onu-.-1925-300x194.jpg 300w, https:\/\/baraka.cc\/wp-content\/uploads\/2015\/07\/Bayram-yeri-Saray-Onu-.-1925.jpg 823w\" sizes=\"(max-width: 300px) 100vw, 300px\" \/><\/a><\/p>\n<p><b>BAYRAM YERLER\u0130<\/b><\/p>\n<p>Ge\u00e7mi\u015fteki bayramlar\u0131n, Lefko\u015fa i\u00e7in daha \u00f6zel bir anlam\u0131 vard\u0131. \u00c7\u00fcnk\u00fc t\u00fcm adada sadece Lefko\u015fa\u2019da bayram yerleri kurulurdu. Bilinen ilk bayram yeri Saray\u00f6n\u00fc\u2019ndekidir. 1940\u2019a kadar Saray\u00f6n\u00fc\u2019nde, 1940\u2019tan 1955\u2019e de\u011fin Girne Kap\u0131s\u0131\u2019nda kurulur bayram yerleri. Ard\u0131ndan Girne Kap\u0131s\u0131\u2019ndan Yusuf Kaptan Sahas\u0131\u2019na kadar olan alan\u0131 kaplayan Hisar \u00dcst\u00fc\u2019nde daha sonra ise \u00c7a\u011flayan \u00c7ocuk Bah\u00e7esi\u2019nde ve g\u00fcn\u00fcm\u00fczde Lefko\u015fa\u2019n\u0131n g\u00f6be\u011finden \u00e7ok uzakta Fuar Alan\u0131\u2019nda ger\u00e7ekle\u015ftiriliyor bayram e\u011flenceleri.<\/p>\n<p>Ge\u00e7mi\u015fte kurulan bayram yerleri; \u00e7e\u015fitli tezgahlar\u0131n kuruldu\u011fu, \u00e7e\u015fitli yiyeceklerin sat\u0131\u015fa sunuldu\u011fu \u00e7ok kalabal\u0131k bir misafir toplulu\u011funa ev sahipli\u011fi yapard\u0131. \u015eami\u015fi, lokma, bulgur k\u00f6ftesi, sulu muhallebi, kuruyemi\u015fler s\u00fcslerdi tezgahlar\u0131. \u00c7ocuklar cincirak (atl\u0131kar\u0131nca) denen oyuncaklara binerdi. Lefko\u015fa\u2019ya gelemeyenlerse \u00f6zellikle kad\u0131nlar ve \u00e7ocuklar evlerde sal\u0131ncak kurarak e\u011flenirlerdi.<\/p>\n<p>Ge\u00e7mi\u015f bizlere bir\u00e7ok konuda ayna tutar. Bazen \u00f6zlemle bakar\u0131z arkam\u0131za bazen de ge\u00e7mi\u015ften feyz al\u0131p yar\u0131n\u0131n temellerini daha sa\u011flam bir \u015fekilde atar\u0131z. D\u00fcn\u00fcn o saf ve temiz e\u011flenceleri \u015fimdilerde yok. Ne bayramlar\u0131n ne de bayram yerlerinin canl\u0131l\u0131\u011f\u0131, ne\u015fesi, \u00f6nemi de ya\u015fanm\u0131yor fazlaca. Dahas\u0131 Sunni \u0130slam politikalar\u0131yla K\u0131br\u0131sl\u0131 T\u00fcrk halk\u0131 de\u011fi\u015ftirilmeye, yok edilmeye \u00e7al\u0131\u015f\u0131l\u0131yor. Ancak ge\u00e7mi\u015fi bilerek hareket ettik\u00e7e, k\u00fclt\u00fcr\u00fcm\u00fcze sahip \u00e7\u0131kt\u0131k\u00e7a, ya\u015fatt\u0131k\u00e7a bayramlar\u0131n bize katt\u0131\u011f\u0131 de\u011ferleri; biz var\u0131z ve biz var olaca\u011f\u0131z!<\/p>\n<p><a href=\"https:\/\/baraka.cc\/wp-content\/uploads\/2015\/07\/\u00a6-pci-hisar\u00a6-Musalla-burcu-bayram-yeri1.jpg\"><img decoding=\"async\" loading=\"lazy\" class=\"alignnone size-medium wp-image-3237\" alt=\"\u00a6-pci hisar\u00a6- ( Musalla burcu ) bayram yeri\" src=\"https:\/\/baraka.cc\/wp-content\/uploads\/2015\/07\/\u00a6-pci-hisar\u00a6-Musalla-burcu-bayram-yeri1-300x195.jpg\" width=\"300\" height=\"195\" srcset=\"https:\/\/baraka.cc\/wp-content\/uploads\/2015\/07\/\u00a6-pci-hisar\u00a6-Musalla-burcu-bayram-yeri1-300x195.jpg 300w, https:\/\/baraka.cc\/wp-content\/uploads\/2015\/07\/\u00a6-pci-hisar\u00a6-Musalla-burcu-bayram-yeri1.jpg 960w\" sizes=\"(max-width: 300px) 100vw, 300px\" \/><\/a><\/p>\n<p>Not: Ar\u015fivindeki foto\u011fraflar\u0131 bizimle payla\u015fan Mehmet Altuner\u2019e \u00e7ok te\u015fekk\u00fcrler\u2026<\/p>\n<p>&nbsp;<\/p>\n<p>Kaynaklar:<\/p>\n<p>(1)\u00a0 Mahmut \u0130slamo\u011flu, K\u0131br\u0131s T\u00fcrk K\u00fclt\u00fcr Ve Sanat\u0131, YD\u00dc Matbaas\u0131, 1994, sayfa 131-136.<\/p>\n<p>(2)\u00a0 Ha\u015fmet Muzaffer G\u00fcrkan, D\u00fcnk\u00fc ve Bug\u00fcnk\u00fc Lefko\u015fa, Galeri K\u00fclt\u00fcr Yay\u0131nlar\u0131, 2006, sayfa 203-205.<\/p>\n<p>&nbsp;<\/p>\n","protected":false},"excerpt":{"rendered":"<p>\u015eifa Al\u00e7\u0131c\u0131o\u011flu Sifa_alcicioglu@yahoo.com \u00a0\u00a0\u201cBayram sabah\u0131 her zamanki gibi tatl\u0131 bir tela\u015fla ba\u015flad\u0131. Erkekler camiye gitti, babam erkek garda\u015f\u0131m\u0131 da g\u00f6t\u00fcrd\u00fc bu sefer yan\u0131nda. Onlar gelir<\/p>\n","protected":false},"author":7,"featured_media":3238,"comment_status":"open","ping_status":"open","sticky":false,"template":"","format":"standard","meta":{"jetpack_post_was_ever_published":false,"_jetpack_newsletter_access":"","_jetpack_newsletter_tier_id":0,"jetpack_publicize_message":"","jetpack_is_tweetstorm":false,"jetpack_publicize_feature_enabled":true,"jetpack_social_post_already_shared":true,"jetpack_social_options":{"image_generator_settings":{"template":"highway","enabled":false}}},"categories":[40,67,44,1,39],"tags":[],"jetpack_publicize_connections":[],"jetpack_featured_media_url":"https:\/\/baraka.cc\/wp-content\/uploads\/2015\/07\/Saray+\u00c2n+-Konak-meydan\u00a6-1933-bayram-yeri.jpg","jetpack_shortlink":"https:\/\/wp.me\/p4eHWX-Qa","jetpack_sharing_enabled":true,"_links":{"self":[{"href":"https:\/\/baraka.cc\/index.php?rest_route=\/wp\/v2\/posts\/3234"}],"collection":[{"href":"https:\/\/baraka.cc\/index.php?rest_route=\/wp\/v2\/posts"}],"about":[{"href":"https:\/\/baraka.cc\/index.php?rest_route=\/wp\/v2\/types\/post"}],"author":[{"embeddable":true,"href":"https:\/\/baraka.cc\/index.php?rest_route=\/wp\/v2\/users\/7"}],"replies":[{"embeddable":true,"href":"https:\/\/baraka.cc\/index.php?rest_route=%2Fwp%2Fv2%2Fcomments&post=3234"}],"version-history":[{"count":3,"href":"https:\/\/baraka.cc\/index.php?rest_route=\/wp\/v2\/posts\/3234\/revisions"}],"predecessor-version":[{"id":3243,"href":"https:\/\/baraka.cc\/index.php?rest_route=\/wp\/v2\/posts\/3234\/revisions\/3243"}],"wp:featuredmedia":[{"embeddable":true,"href":"https:\/\/baraka.cc\/index.php?rest_route=\/wp\/v2\/media\/3238"}],"wp:attachment":[{"href":"https:\/\/baraka.cc\/index.php?rest_route=%2Fwp%2Fv2%2Fmedia&parent=3234"}],"wp:term":[{"taxonomy":"category","embeddable":true,"href":"https:\/\/baraka.cc\/index.php?rest_route=%2Fwp%2Fv2%2Fcategories&post=3234"},{"taxonomy":"post_tag","embeddable":true,"href":"https:\/\/baraka.cc\/index.php?rest_route=%2Fwp%2Fv2%2Ftags&post=3234"}],"curies":[{"name":"wp","href":"https:\/\/api.w.org\/{rel}","templated":true}]}}