{"id":3249,"date":"2015-07-18T12:26:39","date_gmt":"2015-07-18T10:26:39","guid":{"rendered":"https:\/\/baraka.cc\/?p=3249"},"modified":"2015-07-18T13:54:33","modified_gmt":"2015-07-18T11:54:33","slug":"19-temmuz-siddeti-protesto-edilecek","status":"publish","type":"post","link":"https:\/\/baraka.cc\/?p=3249","title":{"rendered":"19 TEMMUZ \u015e\u0130DDET\u0130 PROTESTO ED\u0130LECEK"},"content":{"rendered":"<p>KT\u00d6S, Birle\u015fik K\u0131br\u0131s Partisi, Toplumcu Demokrasi Partisi, Devrimci Kom\u00fcnist Birlik, Pir Sultan Abdal K\u00fclt\u00fcr Derne\u011fi, Baraka K\u00fclt\u00fcr Merkezi, Ba\u011f\u0131ms\u0131zl\u0131k Yolu ve K\u0131br\u0131s Sosyalist Partisi 19 Temmuz 2011&#8217;de Tayyip Erdo\u011fan&#8217;\u0131n aday\u0131 ziyareti esnas\u0131ndaki eylemlerde ya\u015fanan polis \u015fiddetini protesto etmek amac\u0131yla 19 Temmuz 2015 Pazar g\u00fcn\u00fc saat 19.00&#8217;da eski KTHY binas\u0131 \u00f6n\u00fcnde eylem yapacak.<\/p>\n<p>\u00d6rg\u00fctlerden yap\u0131lan a\u00e7\u0131klama \u015f\u00f6yle:<\/p>\n<p>De\u011ferli bas\u0131n emek\u00e7isi,<\/p>\n<p>Hat\u0131rlanaca\u011f\u0131 \u00fczere, 19 Temmuz 2011\u2019de Tayyip Erdo\u011fan\u2019\u0131n aday\u0131 gelmesi \u00fczerine g\u00fcn boyu ya\u015fanan ve ak\u015fam\u0131nda KTHY \u00f6n\u00fcndeki protestoda zirveye ula\u015fan polis \u015fiddeti ve polis devleti uygulamalar\u0131 3 y\u0131ld\u0131r her 19 temmuzlarda protesto edilmektedir. Her sene oldu\u011fu gibi bu sene de 19 Temmuz Pazar g\u00fcn\u00fc, 2011\u2019de ya\u015fanan polis \u015fiddeti protesto edilecektir. Bu seneyi anlaml\u0131 k\u0131lan geli\u015fmelerden biri de, ge\u00e7ti\u011fimiz aylarda b\u00fcy\u00fck oranda tamamlanan ve polis aleyhine ve eylemciler lehine geli\u015fen 19 temmuz mahkeme s\u00fcrecinden zaferle \u00e7\u0131k\u0131lmas\u0131 ve polis \u015fiddetinin haks\u0131zl\u0131\u011f\u0131n\u0131n ve eylemcilerin hakl\u0131l\u0131\u011f\u0131n\u0131n mahkemece de teyit edilmesidir. Bu \u00e7er\u00e7evede, polis \u015fiddetinin ve anti-demokratik uygulamalar\u0131n hem halk\u0131n vicdan\u0131nda hem de mahkemece yarg\u0131lan\u0131p su\u00e7lu bulundu\u011funu belirtmek i\u00e7in, hem de halen s\u00fcrmekte olan baz\u0131 19 temmuz ile ilgili davalar\u0131n da takip\u00e7isi olaca\u011f\u0131m\u0131z\u0131 dile getirmek i\u00e7in, biz a\u015fa\u011f\u0131da imzas\u0131 bulunan \u00f6rg\u00fctler 19 Temmuz Pazar g\u00fcn\u00fc saat 19:00\u2019da eski KTHY binas\u0131 \u00f6n\u00fcnde toplanaca\u011f\u0131z. B\u00fct\u00fcn halk\u0131m\u0131z davetlidir.<\/p>\n<p>&nbsp;<\/p>\n<p><b>KT\u00d6S, Birle\u015fik K\u0131br\u0131s Partisi, Toplumcu Demokrasi Partisi, Devrimci Kom\u00fcnist Birlik, Pir Sultan Abdal K\u00fclt\u00fcr Derne\u011fi, Baraka K\u00fclt\u00fcr Merkezi, Ba\u011f\u0131ms\u0131zl\u0131k Yolu, K\u0131br\u0131s Sosyalist Partisi<\/b><b><\/b><\/p>\n<p><a href=\"https:\/\/baraka.cc\/wp-content\/uploads\/2015\/07\/191.jpg\"><img decoding=\"async\" loading=\"lazy\" class=\"alignnone size-medium wp-image-3251\" alt=\"19(1)\" src=\"https:\/\/baraka.cc\/wp-content\/uploads\/2015\/07\/191-300x162.jpg\" width=\"300\" height=\"162\" srcset=\"https:\/\/baraka.cc\/wp-content\/uploads\/2015\/07\/191-300x162.jpg 300w, https:\/\/baraka.cc\/wp-content\/uploads\/2015\/07\/191.jpg 385w\" sizes=\"(max-width: 300px) 100vw, 300px\" \/><\/a><a href=\"https:\/\/baraka.cc\/wp-content\/uploads\/2015\/07\/indir.jpg\"><img decoding=\"async\" loading=\"lazy\" class=\"alignnone size-medium wp-image-3252\" alt=\"indir\" src=\"https:\/\/baraka.cc\/wp-content\/uploads\/2015\/07\/indir-300x155.jpg\" width=\"300\" height=\"155\" srcset=\"https:\/\/baraka.cc\/wp-content\/uploads\/2015\/07\/indir-300x155.jpg 300w, https:\/\/baraka.cc\/wp-content\/uploads\/2015\/07\/indir.jpg 312w\" sizes=\"(max-width: 300px) 100vw, 300px\" \/><\/a><a href=\"https:\/\/baraka.cc\/wp-content\/uploads\/2015\/07\/indir-1.jpg\"><img decoding=\"async\" loading=\"lazy\" class=\"alignnone size-full wp-image-3254\" alt=\"indir (1)\" src=\"https:\/\/baraka.cc\/wp-content\/uploads\/2015\/07\/indir-1.jpg\" width=\"258\" height=\"195\" \/><\/a><\/p>\n","protected":false},"excerpt":{"rendered":"<p>KT\u00d6S, Birle\u015fik K\u0131br\u0131s Partisi, Toplumcu Demokrasi Partisi, Devrimci Kom\u00fcnist Birlik, Pir Sultan Abdal K\u00fclt\u00fcr Derne\u011fi, Baraka K\u00fclt\u00fcr Merkezi, Ba\u011f\u0131ms\u0131zl\u0131k Yolu ve K\u0131br\u0131s Sosyalist Partisi 19<\/p>\n","protected":false},"author":4,"featured_media":3250,"comment_status":"open","ping_status":"open","sticky":false,"template":"","format":"standard","meta":{"jetpack_post_was_ever_published":false,"_jetpack_newsletter_access":"","_jetpack_newsletter_tier_id":0,"jetpack_publicize_message":"","jetpack_is_tweetstorm":false,"jetpack_publicize_feature_enabled":true,"jetpack_social_post_already_shared":true,"jetpack_social_options":{"image_generator_settings":{"template":"highway","enabled":false}}},"categories":[1],"tags":[],"jetpack_publicize_connections":[],"jetpack_featured_media_url":"https:\/\/baraka.cc\/wp-content\/uploads\/2015\/07\/baraka19temmuzprotesto.jpg","jetpack_shortlink":"https:\/\/wp.me\/p4eHWX-Qp","jetpack_sharing_enabled":true,"_links":{"self":[{"href":"https:\/\/baraka.cc\/index.php?rest_route=\/wp\/v2\/posts\/3249"}],"collection":[{"href":"https:\/\/baraka.cc\/index.php?rest_route=\/wp\/v2\/posts"}],"about":[{"href":"https:\/\/baraka.cc\/index.php?rest_route=\/wp\/v2\/types\/post"}],"author":[{"embeddable":true,"href":"https:\/\/baraka.cc\/index.php?rest_route=\/wp\/v2\/users\/4"}],"replies":[{"embeddable":true,"href":"https:\/\/baraka.cc\/index.php?rest_route=%2Fwp%2Fv2%2Fcomments&post=3249"}],"version-history":[{"count":3,"href":"https:\/\/baraka.cc\/index.php?rest_route=\/wp\/v2\/posts\/3249\/revisions"}],"predecessor-version":[{"id":3256,"href":"https:\/\/baraka.cc\/index.php?rest_route=\/wp\/v2\/posts\/3249\/revisions\/3256"}],"wp:featuredmedia":[{"embeddable":true,"href":"https:\/\/baraka.cc\/index.php?rest_route=\/wp\/v2\/media\/3250"}],"wp:attachment":[{"href":"https:\/\/baraka.cc\/index.php?rest_route=%2Fwp%2Fv2%2Fmedia&parent=3249"}],"wp:term":[{"taxonomy":"category","embeddable":true,"href":"https:\/\/baraka.cc\/index.php?rest_route=%2Fwp%2Fv2%2Fcategories&post=3249"},{"taxonomy":"post_tag","embeddable":true,"href":"https:\/\/baraka.cc\/index.php?rest_route=%2Fwp%2Fv2%2Ftags&post=3249"}],"curies":[{"name":"wp","href":"https:\/\/api.w.org\/{rel}","templated":true}]}}