{"id":3258,"date":"2015-07-23T09:07:08","date_gmt":"2015-07-23T07:07:08","guid":{"rendered":"https:\/\/baraka.cc\/?p=3258"},"modified":"2015-07-23T09:12:03","modified_gmt":"2015-07-23T07:12:03","slug":"suruc-katliami-protesto-edildi","status":"publish","type":"post","link":"https:\/\/baraka.cc\/?p=3258","title":{"rendered":"SURU\u00c7 KATL\u0130AMI PROTESTO ED\u0130LD\u0130"},"content":{"rendered":"<p style=\"text-align: center;\"><img decoding=\"async\" loading=\"lazy\" class=\"aligncenter size-medium wp-image-3259\" style=\"border: 1px solid black; margin: 1px;\" alt=\"s5\" src=\"https:\/\/baraka.cc\/wp-content\/uploads\/2015\/07\/s5-300x225.jpg\" width=\"300\" height=\"225\" srcset=\"https:\/\/baraka.cc\/wp-content\/uploads\/2015\/07\/s5-300x225.jpg 300w, https:\/\/baraka.cc\/wp-content\/uploads\/2015\/07\/s5.jpg 960w\" sizes=\"(max-width: 300px) 100vw, 300px\" \/><\/p>\n<p>Ge\u00e7ti\u011fimiz g\u00fcnlerde, T\u00fcrkiye&#8217;nin Urfa iline ba\u011fl\u0131 Suru\u00e7 il\u00e7esinde I\u015e\u0130D \u00e7etelerince ger\u00e7ekle\u015ftirilen bombal\u0131 sald\u0131r\u0131 sonucu 32 eylemcinin \u00f6l\u00fcm\u00fcne ve 100&#8217;den fazla eylemcinin de yaralanmas\u0131na sebep olan katliam K\u0131br\u0131s&#8217;ta da protesto edildi. Sosyalist Gen\u00e7lik Derne\u011fi Federasyonu&#8217;nun \u00e7a\u011fr\u0131s\u0131 \u00fczerine, I\u015e\u0130D \u00e7etelerince y\u0131k\u0131lan Kobane&#8217;nin yeniden in\u015faas\u0131 amac\u0131 ile Suru\u00e7&#8217;ta toplanan gen\u00e7lerin kald\u0131\u011f\u0131 Amara K\u00fclt\u00fcr Merkezi&#8217;ne g\u00f6z\u00fc d\u00f6nm\u00fc\u015f bir I\u015e\u0130D canl\u0131 bombac\u0131s\u0131 taraf\u0131ndan ger\u00e7ekle\u015ftirilen bombal\u0131 sald\u0131r\u0131 sonucu 32 eylemci hayat\u0131n\u0131 kaybetti, 100&#8217;den fazla ki\u015fi ise yaraland\u0131.<\/p>\n<p style=\"text-align: center;\"><a href=\"https:\/\/baraka.cc\/wp-content\/uploads\/2015\/07\/s4.jpg\"><img decoding=\"async\" loading=\"lazy\" class=\"aligncenter size-medium wp-image-3260\" style=\"border: 1px solid black;\" alt=\"s4\" src=\"https:\/\/baraka.cc\/wp-content\/uploads\/2015\/07\/s4-300x225.jpg\" width=\"300\" height=\"225\" srcset=\"https:\/\/baraka.cc\/wp-content\/uploads\/2015\/07\/s4-300x225.jpg 300w, https:\/\/baraka.cc\/wp-content\/uploads\/2015\/07\/s4.jpg 960w\" sizes=\"(max-width: 300px) 100vw, 300px\" \/><\/a><\/p>\n<p>Ya\u015fanan bu olay\u0131 protesto etmek amac\u0131 ile Lefko\u015fa Ku\u011fulu Park&#8217;ta toplanan ve i\u00e7erisinde Baraka K\u00fclt\u00fcr Merkezi&#8217;nin yan\u0131s\u0131ra bir \u00e7ok \u00f6rg\u00fct, parti ve ilerici insan\u0131n da yerald\u0131\u011f\u0131 kalabal\u0131k kitle T\u00fcrkiye B\u00fcy\u00fckel\u00e7ili\u011fi&#8217;ne y\u00fcr\u00fcyerek el\u00e7ilik binas\u0131nda ortak bas\u0131n a\u00e7\u0131klamas\u0131 yapt\u0131. Eylem boyunca fa\u015fizm kar\u015f\u0131t\u0131 sloganlar at\u0131larak halklar\u0131n karde\u015fli\u011fine vurgu yap\u0131ld\u0131.<\/p>\n<p>&nbsp;<\/p>\n<p>Eylemde okunan ortak metin i\u00e7in: <a href=\"http:\/\/www.ankaradegillefkosa.org\/suruc-katliami-kibrista-da-protesto-edildi\/\" target=\"_blank\">t\u0131klay\u0131n\u0131z<\/a><a href=\"http:\/http:\/\/www.ankaradegillefkosa.org\/suruc-katliami-kibrista-da-protesto-edildi\/\"><br \/>\n<\/a><\/p>\n","protected":false},"excerpt":{"rendered":"<p>Ge\u00e7ti\u011fimiz g\u00fcnlerde, T\u00fcrkiye&#8217;nin Urfa iline ba\u011fl\u0131 Suru\u00e7 il\u00e7esinde I\u015e\u0130D \u00e7etelerince ger\u00e7ekle\u015ftirilen bombal\u0131 sald\u0131r\u0131 sonucu 32 eylemcinin \u00f6l\u00fcm\u00fcne ve 100&#8217;den fazla eylemcinin de yaralanmas\u0131na sebep olan<\/p>\n","protected":false},"author":1,"featured_media":3259,"comment_status":"open","ping_status":"open","sticky":false,"template":"","format":"standard","meta":{"jetpack_post_was_ever_published":false,"_jetpack_newsletter_access":"","_jetpack_newsletter_tier_id":0,"jetpack_publicize_message":"","jetpack_is_tweetstorm":false,"jetpack_publicize_feature_enabled":true,"jetpack_social_post_already_shared":true,"jetpack_social_options":{"image_generator_settings":{"template":"highway","enabled":false}}},"categories":[44,41,66,45,47,9,1],"tags":[],"jetpack_publicize_connections":[],"jetpack_featured_media_url":"https:\/\/baraka.cc\/wp-content\/uploads\/2015\/07\/s5.jpg","jetpack_shortlink":"https:\/\/wp.me\/p4eHWX-Qy","jetpack_sharing_enabled":true,"_links":{"self":[{"href":"https:\/\/baraka.cc\/index.php?rest_route=\/wp\/v2\/posts\/3258"}],"collection":[{"href":"https:\/\/baraka.cc\/index.php?rest_route=\/wp\/v2\/posts"}],"about":[{"href":"https:\/\/baraka.cc\/index.php?rest_route=\/wp\/v2\/types\/post"}],"author":[{"embeddable":true,"href":"https:\/\/baraka.cc\/index.php?rest_route=\/wp\/v2\/users\/1"}],"replies":[{"embeddable":true,"href":"https:\/\/baraka.cc\/index.php?rest_route=%2Fwp%2Fv2%2Fcomments&post=3258"}],"version-history":[{"count":4,"href":"https:\/\/baraka.cc\/index.php?rest_route=\/wp\/v2\/posts\/3258\/revisions"}],"predecessor-version":[{"id":3266,"href":"https:\/\/baraka.cc\/index.php?rest_route=\/wp\/v2\/posts\/3258\/revisions\/3266"}],"wp:featuredmedia":[{"embeddable":true,"href":"https:\/\/baraka.cc\/index.php?rest_route=\/wp\/v2\/media\/3259"}],"wp:attachment":[{"href":"https:\/\/baraka.cc\/index.php?rest_route=%2Fwp%2Fv2%2Fmedia&parent=3258"}],"wp:term":[{"taxonomy":"category","embeddable":true,"href":"https:\/\/baraka.cc\/index.php?rest_route=%2Fwp%2Fv2%2Fcategories&post=3258"},{"taxonomy":"post_tag","embeddable":true,"href":"https:\/\/baraka.cc\/index.php?rest_route=%2Fwp%2Fv2%2Ftags&post=3258"}],"curies":[{"name":"wp","href":"https:\/\/api.w.org\/{rel}","templated":true}]}}