{"id":3275,"date":"2015-07-24T11:47:30","date_gmt":"2015-07-24T09:47:30","guid":{"rendered":"https:\/\/baraka.cc\/?p=3275"},"modified":"2015-07-24T11:53:47","modified_gmt":"2015-07-24T09:53:47","slug":"baraka-sirinevler-ayirmola-koyunu-ziyaret-ediyor","status":"publish","type":"post","link":"https:\/\/baraka.cc\/?p=3275","title":{"rendered":"Baraka \u015eirinevler (Ayirmola) K\u00f6y\u00fcn\u00fc Ziyaret Ediyor"},"content":{"rendered":"<div><a href=\"https:\/\/baraka.cc\/wp-content\/uploads\/2015\/07\/haber.jpg\"><img decoding=\"async\" loading=\"lazy\" class=\"size-medium wp-image-3276 alignleft\" alt=\"haber\" src=\"https:\/\/baraka.cc\/wp-content\/uploads\/2015\/07\/haber-300x199.jpg\" width=\"300\" height=\"199\" srcset=\"https:\/\/baraka.cc\/wp-content\/uploads\/2015\/07\/haber-300x199.jpg 300w, https:\/\/baraka.cc\/wp-content\/uploads\/2015\/07\/haber.jpg 560w\" sizes=\"(max-width: 300px) 100vw, 300px\" \/><\/a>Baraka&#8217;dan bir heyet yar\u0131n saat 12:00&#8217;da \u015eirinevler (Ayirmola) k\u00f6y\u00fcn\u00fc ziyert edecek. Ziyaret k\u00f6y kahvehanesinde ger\u00e7ekle\u015fecek. K\u00f6y muhtarl\u0131\u011f\u0131 ve Baraka taraf\u0131ndan d\u00fczenlenen toplant\u0131da\u00a0k\u00f6y sakinleri ile g\u00f6r\u00fc\u015f\u00fclecek.<\/div>\n<div><\/div>\n<div>Bilindi\u011fi gibi Bat\u0131 Yollar\u0131 Projesi \u00e7er\u00e7evesinde Ak\u00e7i\u00e7ek (Sisklipos) \u00fczerinde ilk ta\u015f oca\u011f\u0131 1990 y\u0131l\u0131 sonras\u0131 a\u00e7\u0131lm\u0131\u015ft\u0131. Ta\u015f ocaklar\u0131ndan ta\u015f\u0131mac\u0131l\u0131k yapan kamyonlar \u00f6zellikle \u015eirinevler (Ayirmola)\u00a0k\u00f6yl\u00fclerine rahats\u0131zl\u0131k vermi\u015fti. Bunun \u00fczerine k\u00f6yl\u00fclere rahats\u0131zl\u0131k vermemesi i\u00e7in 6-7 km&#8217;lik yeni bir yol a\u00e7\u0131larak kamyonlar\u0131n k\u00f6y i\u00e7inden ge\u00e7memesi sa\u011flanm\u0131\u015ft\u0131. Ancak bir s\u00fcredir ta\u015f ocaklar\u0131na ait kamyonlar kendileri i\u00e7in a\u00e7\u0131lan yolu kullanmayarak, g\u00fczergahlar\u0131n\u0131 \u015eirinevler (Ayirmola) &#8211; Y\u0131lmazk\u00f6y (Skilloura) istikametine \u00e7evirmi\u015f durumdad\u0131rlar. Belediye, kaymakaml\u0131k ve polis; halk\u0131n \u015fikayetlerine ra\u011fmen konuya \u00e7\u00f6z\u00fcm getirememekte ancak y\u00fczlerce kamyon da b\u00f6lge halk\u0131na rahats\u0131zl\u0131k vermeye devam etmektedir.<\/div>\n<div>25 Temmuz Cumartesi saat 12:00&#8217;da k\u00f6y sakinleri, muhtarl\u0131k ve Baraka; bu sorunu g\u00f6r\u00fc\u015fmek ve ne yap\u0131labilece\u011fini tart\u0131\u015fmak i\u00e7in bir toplant\u0131 organzie ediyor. \u015eirinevler (Ayirmola) kahvehanesinde ger\u00e7ekele\u015fecek toplant\u0131 sonras\u0131, ortaya \u00e7\u0131kan ortak karar\u0131 kamuoyu ile payla\u015faca\u011f\u0131z.<\/div>\n<div><\/div>\n<div><\/div>\n<div><\/div>\n","protected":false},"excerpt":{"rendered":"<p>Baraka&#8217;dan bir heyet yar\u0131n saat 12:00&#8217;da \u015eirinevler (Ayirmola) k\u00f6y\u00fcn\u00fc ziyert edecek. Ziyaret k\u00f6y kahvehanesinde ger\u00e7ekle\u015fecek. K\u00f6y muhtarl\u0131\u011f\u0131 ve Baraka taraf\u0131ndan d\u00fczenlenen toplant\u0131da\u00a0k\u00f6y sakinleri ile g\u00f6r\u00fc\u015f\u00fclecek.<\/p>\n","protected":false},"author":1,"featured_media":3276,"comment_status":"open","ping_status":"open","sticky":false,"template":"","format":"standard","meta":{"jetpack_post_was_ever_published":false,"_jetpack_newsletter_access":"","_jetpack_newsletter_tier_id":0,"jetpack_publicize_message":"","jetpack_is_tweetstorm":false,"jetpack_publicize_feature_enabled":true,"jetpack_social_post_already_shared":true,"jetpack_social_options":{"image_generator_settings":{"template":"highway","enabled":false}}},"categories":[41,38],"tags":[],"jetpack_publicize_connections":[],"jetpack_featured_media_url":"https:\/\/baraka.cc\/wp-content\/uploads\/2015\/07\/haber.jpg","jetpack_shortlink":"https:\/\/wp.me\/p4eHWX-QP","jetpack_sharing_enabled":true,"_links":{"self":[{"href":"https:\/\/baraka.cc\/index.php?rest_route=\/wp\/v2\/posts\/3275"}],"collection":[{"href":"https:\/\/baraka.cc\/index.php?rest_route=\/wp\/v2\/posts"}],"about":[{"href":"https:\/\/baraka.cc\/index.php?rest_route=\/wp\/v2\/types\/post"}],"author":[{"embeddable":true,"href":"https:\/\/baraka.cc\/index.php?rest_route=\/wp\/v2\/users\/1"}],"replies":[{"embeddable":true,"href":"https:\/\/baraka.cc\/index.php?rest_route=%2Fwp%2Fv2%2Fcomments&post=3275"}],"version-history":[{"count":3,"href":"https:\/\/baraka.cc\/index.php?rest_route=\/wp\/v2\/posts\/3275\/revisions"}],"predecessor-version":[{"id":3279,"href":"https:\/\/baraka.cc\/index.php?rest_route=\/wp\/v2\/posts\/3275\/revisions\/3279"}],"wp:featuredmedia":[{"embeddable":true,"href":"https:\/\/baraka.cc\/index.php?rest_route=\/wp\/v2\/media\/3276"}],"wp:attachment":[{"href":"https:\/\/baraka.cc\/index.php?rest_route=%2Fwp%2Fv2%2Fmedia&parent=3275"}],"wp:term":[{"taxonomy":"category","embeddable":true,"href":"https:\/\/baraka.cc\/index.php?rest_route=%2Fwp%2Fv2%2Fcategories&post=3275"},{"taxonomy":"post_tag","embeddable":true,"href":"https:\/\/baraka.cc\/index.php?rest_route=%2Fwp%2Fv2%2Ftags&post=3275"}],"curies":[{"name":"wp","href":"https:\/\/api.w.org\/{rel}","templated":true}]}}