{"id":3297,"date":"2015-07-31T10:52:46","date_gmt":"2015-07-31T08:52:46","guid":{"rendered":"https:\/\/baraka.cc\/?p=3297"},"modified":"2015-07-31T10:54:58","modified_gmt":"2015-07-31T08:54:58","slug":"yargilaniyoruz-ismi-ile-ortak-fon-hesabi-acildi","status":"publish","type":"post","link":"https:\/\/baraka.cc\/?p=3297","title":{"rendered":"YARGILANIYORUZ \u0130SM\u0130 \u0130LE ORTAK FON HESABI A\u00c7ILDI"},"content":{"rendered":"<p><a href=\"https:\/\/baraka.cc\/wp-content\/uploads\/2015\/07\/FB_IMG_1438332645383.jpg\"><img decoding=\"async\" loading=\"lazy\" class=\"size-medium wp-image-3298 alignleft\" alt=\"FB_IMG_1438332645383\" src=\"https:\/\/baraka.cc\/wp-content\/uploads\/2015\/07\/FB_IMG_1438332645383-300x168.jpg\" width=\"300\" height=\"168\" srcset=\"https:\/\/baraka.cc\/wp-content\/uploads\/2015\/07\/FB_IMG_1438332645383-300x168.jpg 300w, https:\/\/baraka.cc\/wp-content\/uploads\/2015\/07\/FB_IMG_1438332645383-1024x576.jpg 1024w, https:\/\/baraka.cc\/wp-content\/uploads\/2015\/07\/FB_IMG_1438332645383.jpg 1137w\" sizes=\"(max-width: 300px) 100vw, 300px\" \/><\/a>Baraka, KT\u00d6S ve DA\u00dc-Sen; siyasal, sendikal eylemlerden dolay\u0131 yarg\u0131lanan herkesle dayan\u0131\u015fmak amac\u0131yla ortak bir fon olu\u015fturdu. \u00c7e\u015fitli eylemlere kat\u0131ld\u0131klar\u0131 i\u00e7in yarg\u0131lanmakta olan ki\u015filer, hukuki yard\u0131m almak i\u00e7in parasal deste\u011fe ihtiya\u00e7 duyduklar\u0131 takdirde bu fondan ararlanabilecekler. Fon hesab\u0131, <strong>YARGILANIYORUZ<\/strong> ad\u0131 ile <strong>K\u0131br\u0131s T\u00fcrk \u00d6\u011fretmenler Kooperatifi Ltd.\u2019de<\/strong> a\u00e7\u0131ld\u0131.<\/p>\n<p>Bilindi\u011fi gibi KTHY eski \u00e7al\u0131\u015fan\u0131 Tarkan Atakan aleyhine, 2010 y\u0131l\u0131nda ger\u00e7ekle\u015fen eylemler s\u0131ras\u0131nda KTHY binas\u0131n\u0131n cam\u0131n\u0131 k\u0131rd\u0131\u011f\u0131 ve K\u0131br\u0131s T\u00fcrk Hava Yollar\u0131\u2019na 108 TL\u2019lik hasar verdi\u011fi iddias\u0131yla a\u00e7\u0131lan ve halen devam etmekte olan \u201ckasti hasar\u201d davas\u0131 ile dayan\u0131\u015fmak i\u00e7in Sol Anahtar\u0131n Bar Fly\u2019da sahne ald\u0131\u011f\u0131 konser ge\u00e7ti\u011fimiz haftalarda ger\u00e7ekle\u015fmi\u015f, Sol Anahtar\u0131\u2019n\u0131n \u00fccretsiz sahne ald\u0131\u011f\u0131, m\u00fccadele \u015fark\u0131lar\u0131n\u0131n hep bir a\u011f\u0131zdan s\u00f6ylendi\u011fi, \u00e7ok yo\u011fun kat\u0131l\u0131mla ger\u00e7ekle\u015fen konserin t\u00fcm gelirinin dava masraflar\u0131 ve olu\u015fturulacak olan fon i\u00e7in kullan\u0131laca\u011f\u0131 a\u00e7\u0131klanm\u0131\u015ft\u0131. Dayan\u0131\u015fma biletlerinin 10 TL oldu\u011fu gecede 2,530 TL toplan\u0131rken, toplanan paran\u0131n 1,500 TL\u2019si ile DA\u00dc-SEN\u2019in Atakan\u2019la dayan\u0131\u015fma i\u00e7in ba\u011f\u0131\u015flad\u0131\u011f\u0131 1000 TL\u2019nin, Atakan\u2019\u0131n dava masraflar\u0131 i\u00e7in kullan\u0131laca\u011f\u0131; Gecede toplanan paradan kalan 1,030 TL ile de \u201cDava, Dayan\u0131\u015fma Fonu\u201d a\u00e7\u0131laca\u011f\u0131 a\u00e7\u0131klanm\u0131\u015ft\u0131.<\/p>\n<p>Baraka taraf\u0131ndan YARGILANIYORUZ fonuna aktar\u0131lan 1030 TL\u2019ye, KT\u00d6S de 1000 TL yat\u0131rd\u0131. B\u00f6ylece <em><strong>YARGILANIYORUZ fonu, Baraka, KT\u00d6S ve DA\u00dc-SEN taraf\u0131ndan 2030 TL\u2019lik ba\u015flang\u0131\u00e7 hesab\u0131 ile a\u00e7\u0131lm\u0131\u015f oldu<\/strong><\/em>.<\/p>\n<p>Ki\u015fi, parti, sendika ve demokratik kitle \u00f6rg\u00fctlerinin katk\u0131lar\u0131na ve denetimine a\u00e7\u0131k olacak olan fon; siyasi g\u00f6r\u00fc\u015f\u00fc ay\u0131rt edilmeksizin, siyasal, sendikal davalardan dolay\u0131 yarg\u0131lanan eylemcilerin hukuki savunmalar\u0131 ile dayan\u0131\u015fma i\u00e7in kullan\u0131lacak.<\/p>\n","protected":false},"excerpt":{"rendered":"<p>Baraka, KT\u00d6S ve DA\u00dc-Sen; siyasal, sendikal eylemlerden dolay\u0131 yarg\u0131lanan herkesle dayan\u0131\u015fmak amac\u0131yla ortak bir fon olu\u015fturdu. \u00c7e\u015fitli eylemlere kat\u0131ld\u0131klar\u0131 i\u00e7in yarg\u0131lanmakta olan ki\u015filer, hukuki yard\u0131m<\/p>\n","protected":false},"author":1,"featured_media":3298,"comment_status":"open","ping_status":"open","sticky":false,"template":"","format":"standard","meta":{"jetpack_post_was_ever_published":false,"_jetpack_newsletter_access":"","_jetpack_newsletter_tier_id":0,"jetpack_publicize_message":"","jetpack_is_tweetstorm":false,"jetpack_publicize_feature_enabled":true,"jetpack_social_post_already_shared":true,"jetpack_social_options":{"image_generator_settings":{"template":"highway","enabled":false}}},"categories":[63,46,9,1,23],"tags":[],"jetpack_publicize_connections":[],"jetpack_featured_media_url":"https:\/\/baraka.cc\/wp-content\/uploads\/2015\/07\/FB_IMG_1438332645383.jpg","jetpack_shortlink":"https:\/\/wp.me\/p4eHWX-Rb","jetpack_sharing_enabled":true,"_links":{"self":[{"href":"https:\/\/baraka.cc\/index.php?rest_route=\/wp\/v2\/posts\/3297"}],"collection":[{"href":"https:\/\/baraka.cc\/index.php?rest_route=\/wp\/v2\/posts"}],"about":[{"href":"https:\/\/baraka.cc\/index.php?rest_route=\/wp\/v2\/types\/post"}],"author":[{"embeddable":true,"href":"https:\/\/baraka.cc\/index.php?rest_route=\/wp\/v2\/users\/1"}],"replies":[{"embeddable":true,"href":"https:\/\/baraka.cc\/index.php?rest_route=%2Fwp%2Fv2%2Fcomments&post=3297"}],"version-history":[{"count":1,"href":"https:\/\/baraka.cc\/index.php?rest_route=\/wp\/v2\/posts\/3297\/revisions"}],"predecessor-version":[{"id":3299,"href":"https:\/\/baraka.cc\/index.php?rest_route=\/wp\/v2\/posts\/3297\/revisions\/3299"}],"wp:featuredmedia":[{"embeddable":true,"href":"https:\/\/baraka.cc\/index.php?rest_route=\/wp\/v2\/media\/3298"}],"wp:attachment":[{"href":"https:\/\/baraka.cc\/index.php?rest_route=%2Fwp%2Fv2%2Fmedia&parent=3297"}],"wp:term":[{"taxonomy":"category","embeddable":true,"href":"https:\/\/baraka.cc\/index.php?rest_route=%2Fwp%2Fv2%2Fcategories&post=3297"},{"taxonomy":"post_tag","embeddable":true,"href":"https:\/\/baraka.cc\/index.php?rest_route=%2Fwp%2Fv2%2Ftags&post=3297"}],"curies":[{"name":"wp","href":"https:\/\/api.w.org\/{rel}","templated":true}]}}