{"id":3311,"date":"2015-08-02T12:43:28","date_gmt":"2015-08-02T10:43:28","guid":{"rendered":"https:\/\/baraka.cc\/?p=3311"},"modified":"2015-08-02T12:43:28","modified_gmt":"2015-08-02T10:43:28","slug":"bagimsiz-kibris-etkinliginin-programi-aciklandi","status":"publish","type":"post","link":"https:\/\/baraka.cc\/?p=3311","title":{"rendered":"&#8220;Ba\u011f\u0131ms\u0131z K\u0131br\u0131s&#8221; Etkinli\u011finin Program\u0131 A\u00e7\u0131kland\u0131"},"content":{"rendered":"<p><i><a href=\"https:\/\/baraka.cc\/wp-content\/uploads\/2015\/08\/bag\u0131ms\u0131zk\u0131br\u0131scover.jpg\"><img decoding=\"async\" loading=\"lazy\" class=\"size-medium wp-image-3312 alignleft\" style=\"border: 1px solid black;\" alt=\"bag\u0131ms\u0131zk\u0131br\u0131scover\" src=\"https:\/\/baraka.cc\/wp-content\/uploads\/2015\/08\/bag\u0131ms\u0131zk\u0131br\u0131scover-300x111.jpg\" width=\"300\" height=\"111\" srcset=\"https:\/\/baraka.cc\/wp-content\/uploads\/2015\/08\/bag\u0131ms\u0131zk\u0131br\u0131scover-300x111.jpg 300w, https:\/\/baraka.cc\/wp-content\/uploads\/2015\/08\/bag\u0131ms\u0131zk\u0131br\u0131scover.jpg 852w\" sizes=\"(max-width: 300px) 100vw, 300px\" \/><\/a>BKP Gen\u00e7lik \u00d6rg\u00fct\u00fc, TDP Gen\u00e7lik \u00d6rg\u00fct\u00fc, Baraka K\u00fclt\u00fcr Merkezi ve Ba\u011f\u0131ms\u0131zl\u0131k Yolu&#8217;nun 14 A\u011fustos g\u00fcn\u00fc birlikte organize edece\u011fi &#8220;Ba\u011f\u0131ms\u0131z K\u0131br\u0131s&#8221; etkinli\u011finin i\u00e7eri\u011fi a\u00e7\u0131kland\u0131.<\/i><i><\/i><\/p>\n<p>T\u00fcrkiye&#8217;nin adaya yapt\u0131\u011f\u0131 ikinci harekat\u0131n y\u0131l d\u00f6n\u00fcm\u00fc olan 14 A\u011fustos g\u00fcn\u00fc, K\u0131br\u0131s adas\u0131 \u00fczerindeki yabanc\u0131 i\u015fgallerin t\u00fcm\u00fcn\u00fc protesto etmek ve &#8220;Ba\u011f\u0131ms\u0131z K\u0131br\u0131s&#8221; hedefini vurgulamak i\u00e7in d\u00f6rt \u00f6rg\u00fct\u00fcn birlikte organize etti\u011fi etkinlik, 14 A\u011fustos Cuma ak\u015fam\u0131, saat 20.00&#8217;de Saray\u00f6n\u00fc&#8217;nde ger\u00e7ekle\u015ftirilecek.<\/p>\n<p>Sunu\u015funu Serkan Soyalan ve Nalan Ersumer&#8217;in ger\u00e7ekle\u015ftirece\u011fi etkinlikte, Arda G\u00fcnd\u00fcz, Sol Anahtar\u0131, Zeki Karahano\u011flu, Paris Christofi, T\u00fcrkiye&#8217;den Praksis m\u00fczik gurubu sahne alacak, Ya\u015far Ersoy \u015fiirleriyle, Baraka Tiyatro Ekibi tiyatral bir g\u00f6steriyle sahnede olacak.<\/p>\n<p>\u00d6rg\u00fctler taraf\u0131ndan yap\u0131lan a\u00e7\u0131klamada ba\u011f\u0131ms\u0131z K\u0131br\u0131s hedefine ula\u015f\u0131lmas\u0131n\u0131n \u00f6nemine dikkat \u00e7ekilirken, \u201cK\u0131br\u0131s adas\u0131 \u00fczerinde ya\u015fayan ve daha g\u00fczel bir gelece\u011fin hayalini kuran t\u00fcm insanlar 14 A\u011fustos ak\u015fam\u0131 Saray\u00f6n\u00fc\u2019ne davetlidir\u201d denildi.<\/p>\n<p><a href=\"https:\/\/baraka.cc\/wp-content\/uploads\/2015\/08\/son-hali.png\"><img decoding=\"async\" loading=\"lazy\" class=\"alignnone size-medium wp-image-3314\" alt=\"son hali\" src=\"https:\/\/baraka.cc\/wp-content\/uploads\/2015\/08\/son-hali-214x300.png\" width=\"214\" height=\"300\" srcset=\"https:\/\/baraka.cc\/wp-content\/uploads\/2015\/08\/son-hali-214x300.png 214w, https:\/\/baraka.cc\/wp-content\/uploads\/2015\/08\/son-hali.png 571w\" sizes=\"(max-width: 214px) 100vw, 214px\" \/><\/a><\/p>\n","protected":false},"excerpt":{"rendered":"<p>BKP Gen\u00e7lik \u00d6rg\u00fct\u00fc, TDP Gen\u00e7lik \u00d6rg\u00fct\u00fc, Baraka K\u00fclt\u00fcr Merkezi ve Ba\u011f\u0131ms\u0131zl\u0131k Yolu&#8217;nun 14 A\u011fustos g\u00fcn\u00fc birlikte organize edece\u011fi &#8220;Ba\u011f\u0131ms\u0131z K\u0131br\u0131s&#8221; etkinli\u011finin i\u00e7eri\u011fi a\u00e7\u0131kland\u0131. T\u00fcrkiye&#8217;nin adaya<\/p>\n","protected":false},"author":4,"featured_media":3314,"comment_status":"open","ping_status":"open","sticky":false,"template":"","format":"standard","meta":{"jetpack_post_was_ever_published":false,"_jetpack_newsletter_access":"","_jetpack_newsletter_tier_id":0,"jetpack_publicize_message":"","jetpack_is_tweetstorm":false,"jetpack_publicize_feature_enabled":true,"jetpack_social_post_already_shared":true,"jetpack_social_options":{"image_generator_settings":{"template":"highway","enabled":false}}},"categories":[54,47,9,1],"tags":[],"jetpack_publicize_connections":[],"jetpack_featured_media_url":"https:\/\/baraka.cc\/wp-content\/uploads\/2015\/08\/son-hali.png","jetpack_shortlink":"https:\/\/wp.me\/p4eHWX-Rp","jetpack_sharing_enabled":true,"_links":{"self":[{"href":"https:\/\/baraka.cc\/index.php?rest_route=\/wp\/v2\/posts\/3311"}],"collection":[{"href":"https:\/\/baraka.cc\/index.php?rest_route=\/wp\/v2\/posts"}],"about":[{"href":"https:\/\/baraka.cc\/index.php?rest_route=\/wp\/v2\/types\/post"}],"author":[{"embeddable":true,"href":"https:\/\/baraka.cc\/index.php?rest_route=\/wp\/v2\/users\/4"}],"replies":[{"embeddable":true,"href":"https:\/\/baraka.cc\/index.php?rest_route=%2Fwp%2Fv2%2Fcomments&post=3311"}],"version-history":[{"count":4,"href":"https:\/\/baraka.cc\/index.php?rest_route=\/wp\/v2\/posts\/3311\/revisions"}],"predecessor-version":[{"id":3317,"href":"https:\/\/baraka.cc\/index.php?rest_route=\/wp\/v2\/posts\/3311\/revisions\/3317"}],"wp:featuredmedia":[{"embeddable":true,"href":"https:\/\/baraka.cc\/index.php?rest_route=\/wp\/v2\/media\/3314"}],"wp:attachment":[{"href":"https:\/\/baraka.cc\/index.php?rest_route=%2Fwp%2Fv2%2Fmedia&parent=3311"}],"wp:term":[{"taxonomy":"category","embeddable":true,"href":"https:\/\/baraka.cc\/index.php?rest_route=%2Fwp%2Fv2%2Fcategories&post=3311"},{"taxonomy":"post_tag","embeddable":true,"href":"https:\/\/baraka.cc\/index.php?rest_route=%2Fwp%2Fv2%2Ftags&post=3311"}],"curies":[{"name":"wp","href":"https:\/\/api.w.org\/{rel}","templated":true}]}}