{"id":3318,"date":"2015-08-03T11:46:32","date_gmt":"2015-08-03T09:46:32","guid":{"rendered":"https:\/\/baraka.cc\/?p=3318"},"modified":"2015-08-03T11:46:33","modified_gmt":"2015-08-03T09:46:33","slug":"orgutler-bagimsiz-kibris-icin-yurudu","status":"publish","type":"post","link":"https:\/\/baraka.cc\/?p=3318","title":{"rendered":"\u00d6RG\u00dcTLER &#8220;BA\u011eIMSIZ KIBRIS&#8221; \u0130\u00c7\u0130N Y\u00dcR\u00dcD\u00dc"},"content":{"rendered":"<p><a href=\"https:\/\/baraka.cc\/wp-content\/uploads\/2015\/08\/1.jpg\"><img decoding=\"async\" loading=\"lazy\" class=\"size-medium wp-image-3319 alignleft\" style=\"border: 1px solid black;\" alt=\"1\" src=\"https:\/\/baraka.cc\/wp-content\/uploads\/2015\/08\/1-300x199.jpg\" width=\"300\" height=\"199\" srcset=\"https:\/\/baraka.cc\/wp-content\/uploads\/2015\/08\/1-300x199.jpg 300w, https:\/\/baraka.cc\/wp-content\/uploads\/2015\/08\/1.jpg 960w\" sizes=\"(max-width: 300px) 100vw, 300px\" \/><\/a> 14 A\u011fustos gecesi Saray\u00f6n\u00fc&#8217;nde ger\u00e7ekle\u015ftirilecek &#8220;Ba\u011f\u0131ms\u0131z K\u0131br\u0131s&#8221; eylemini organize eden d\u00f6rt \u00f6rg\u00fct, d\u00fcn Dereboyu&#8217;nda co\u015fkulu bir y\u00fcr\u00fcy\u00fc\u015f ger\u00e7ekle\u015ftirdi. TDP Gen\u00e7lik \u00d6rg\u00fct\u00fc, Baraka, Ba\u011f\u0131ms\u0131zl\u0131k Yolu ve BKP Gen\u00e7lik Meclisi taraf\u0131ndan organize edilen y\u00fcr\u00fcy\u00fc\u015fte, 14 A\u011fustos ak\u015fam\u0131 adadaki t\u00fcm i\u015fgallere kar\u015f\u0131 ba\u011f\u0131ms\u0131z bir K\u0131br\u0131s i\u00e7in alanlarda olunaca\u011f\u0131 vurguland\u0131.<\/p>\n<p>Y\u00fcr\u00fcy\u00fc\u015f sonunda okunan \u00e7a\u011fr\u0131 metni ise \u015f\u00f6yle:<\/p>\n<p><em>&#8220;Tarih sahnesine \u00e7\u0131k\u0131\u015f\u0131 ile \u00fczerine \u00e7\u00f6ken kara bulutlarla ya\u015f\u0131t olan adam\u0131zda, son 41 y\u0131ld\u0131r bulutlar yo\u011funla\u015fm\u0131\u015f durumda.\u00a0<\/em><\/p>\n<p><em>15 Temmuz Cunta Darbesi ve 20 Temmuz Askeri Harek\u00e2t\u0131 ile ada \u00fczerinde olu\u015fturulan kandan bulutlar, 14 A\u011fustos\u2019ta kal\u0131c\u0131 i\u015fgale d\u00f6n\u00fc\u015ferek t\u00fcm aday\u0131 sarm\u0131\u015ft\u0131r.\u00a0<\/em><\/p>\n<p><em>Bug\u00fcn yarat\u0131lan sorun ve \u00e7\u00f6z\u00fcm\u00fc ile ilgili T\u00fcrkiye, Yunanistan, AB ve ABD s\u00fcrekli fikirler beyan etmekte, i\u015fgalcilerin hi\u00e7 susmad\u0131\u011f\u0131 adam\u0131zda insan\u0131m\u0131za ise fig\u00fcranl\u0131ktan \u00f6te rol bi\u00e7ilmemektedir.\u00a0<\/em><\/p>\n<p><em>Adam\u0131z\u0131n kuzeyinde devam eden durumun K\u0131br\u0131sl\u0131 T\u00fcrkleri getirdi\u011fi nokta; kurumlar\u0131 elinden al\u0131nm\u0131\u015f, k\u0131y\u0131lar\u0131 pe\u015fke\u015f \u00e7ekilmi\u015f, erozyona u\u011fram\u0131\u015f bir devlet ve h\u00fck\u00fcmet yap\u0131s\u0131; mafyan\u0131n kumar oynat\u0131p, kad\u0131nlar\u0131 k\u00f6lele\u015ftirdi\u011fi, gen\u00e7lerin uyu\u015fturucu baronlar\u0131na, sendikas\u0131z i\u015f\u00e7ilerin patronlar\u0131n insaf\u0131na b\u0131rak\u0131ld\u0131\u011f\u0131, g\u00fcn be g\u00fcn dini s\u00f6m\u00fcr\u00fc ve bask\u0131lar\u0131n art\u0131r\u0131ld\u0131\u011f\u0131 \u00e7arp\u0131k bir d\u00fczendir.<\/em><\/p>\n<p><em>Yap\u0131lan t\u00fcm kara propaganda ve halk\u0131 korkutmaya y\u00f6nelik \u00e7abalar geri tepmekte; yalan\u0131n s\u00f6zleri giderek etkisini yitirirken, ger\u00e7eklik giderek kara bulutlar\u0131 da\u011f\u0131tmaktad\u0131r.\u00a0<\/em><\/p>\n<p><em>14 A\u011fustos 1974\u2019te \u201cAy\u015fe tatile \u00e7\u0131ks\u0131n\u201d parolas\u0131 ile ba\u015flat\u0131lan harek\u00e2t bug\u00fcn 41. y\u0131l\u0131nda halen s\u00fcrmektedir. G\u00fcn\u00fcm\u00fczde \u00a0ada \u00fczerinde ya\u015fayan insanlar\u0131n ise, ge\u00e7mi\u015fin karanl\u0131\u011f\u0131ndan kurtulup gelece\u011fin ayd\u0131nl\u0131\u011f\u0131na y\u00fcr\u00fcd\u00fc\u011f\u00fc ve art\u0131k &#8221;Ya\u015fas\u0131n Halklar\u0131n Karde\u015fli\u011fi, Ya\u015fas\u0131n Tam Ba\u011f\u0131ms\u0131z K\u0131br\u0131s!&#8221; s\u00f6zlerinin adam\u0131z\u0131n her bir yan\u0131ndan g\u00fcr bir \u015fekilde duyuldu\u011fu su g\u00f6t\u00fcrmez bir ger\u00e7ektir.<\/em><\/p>\n<p><em>E\u011fer sen de gelece\u011fimiz \u00fczerindeki kara bulutlar\u0131 da\u011f\u0131tmak istiyorsan, \u201cYa\u015fas\u0131n Tam Ba\u011f\u0131ms\u0131z K\u0131br\u0131s!&#8221; \u015fiar\u0131n\u0131 y\u00fckseltmek istiyorsan 14 A\u011fustos ak\u015fam\u0131 bize kat\u0131l.\u00a0<\/em><\/p>\n<p><em>Ayd\u0131nl\u0131k gelece\u011fimizi yaratacak s\u00f6zleri, \u201cBa\u011f\u0131ms\u0131z K\u0131br\u0131s\u201d istencimizi bir kez daha hayk\u0131ral\u0131m!<\/em><\/p>\n<p><em>14 A\u011fustos g\u00fcn\u00fc saat 20.00\u2019de Saray\u00f6n\u00fc\u2019nde bulu\u015fup daha g\u00fczel yar\u0131nlar i\u00e7in birlikte bir ad\u0131m atal\u0131m ve \u00f6fkemizi var g\u00fcc\u00fcm\u00fczle hayk\u0131ral\u0131m.&#8221;<\/em><\/p>\n<p><a href=\"https:\/\/baraka.cc\/wp-content\/uploads\/2015\/08\/2.jpg\"><img decoding=\"async\" loading=\"lazy\" class=\"alignnone size-medium wp-image-3320\" alt=\"2\" src=\"https:\/\/baraka.cc\/wp-content\/uploads\/2015\/08\/2-300x199.jpg\" width=\"300\" height=\"199\" srcset=\"https:\/\/baraka.cc\/wp-content\/uploads\/2015\/08\/2-300x199.jpg 300w, https:\/\/baraka.cc\/wp-content\/uploads\/2015\/08\/2.jpg 960w\" sizes=\"(max-width: 300px) 100vw, 300px\" \/><a href=\"https:\/\/baraka.cc\/wp-content\/uploads\/2015\/08\/3.jpg\"><img decoding=\"async\" loading=\"lazy\" class=\"alignnone size-medium wp-image-3321\" alt=\"3\" src=\"https:\/\/baraka.cc\/wp-content\/uploads\/2015\/08\/3-300x199.jpg\" width=\"300\" height=\"199\" srcset=\"https:\/\/baraka.cc\/wp-content\/uploads\/2015\/08\/3-300x199.jpg 300w, https:\/\/baraka.cc\/wp-content\/uploads\/2015\/08\/3.jpg 960w\" sizes=\"(max-width: 300px) 100vw, 300px\" \/><\/a><a href=\"https:\/\/baraka.cc\/wp-content\/uploads\/2015\/08\/4.jpg\"><img decoding=\"async\" loading=\"lazy\" class=\"alignnone size-medium wp-image-3322\" alt=\"4\" src=\"https:\/\/baraka.cc\/wp-content\/uploads\/2015\/08\/4-300x199.jpg\" width=\"300\" height=\"199\" srcset=\"https:\/\/baraka.cc\/wp-content\/uploads\/2015\/08\/4-300x199.jpg 300w, https:\/\/baraka.cc\/wp-content\/uploads\/2015\/08\/4.jpg 960w\" sizes=\"(max-width: 300px) 100vw, 300px\" \/><\/a><a href=\"https:\/\/baraka.cc\/wp-content\/uploads\/2015\/08\/5.jpg\"><img decoding=\"async\" loading=\"lazy\" class=\"alignnone size-medium wp-image-3323\" alt=\"5\" src=\"https:\/\/baraka.cc\/wp-content\/uploads\/2015\/08\/5-199x300.jpg\" width=\"199\" height=\"300\" srcset=\"https:\/\/baraka.cc\/wp-content\/uploads\/2015\/08\/5-199x300.jpg 199w, https:\/\/baraka.cc\/wp-content\/uploads\/2015\/08\/5.jpg 638w\" sizes=\"(max-width: 199px) 100vw, 199px\" \/><\/a><a href=\"https:\/\/baraka.cc\/wp-content\/uploads\/2015\/08\/6.jpg\"><img decoding=\"async\" loading=\"lazy\" class=\"alignnone size-medium wp-image-3324\" alt=\"6\" src=\"https:\/\/baraka.cc\/wp-content\/uploads\/2015\/08\/6-300x199.jpg\" width=\"300\" height=\"199\" srcset=\"https:\/\/baraka.cc\/wp-content\/uploads\/2015\/08\/6-300x199.jpg 300w, https:\/\/baraka.cc\/wp-content\/uploads\/2015\/08\/6.jpg 960w\" sizes=\"(max-width: 300px) 100vw, 300px\" \/><\/a> <a href=\"https:\/\/baraka.cc\/wp-content\/uploads\/2015\/08\/slider.jpg\"><img decoding=\"async\" loading=\"lazy\" class=\"alignnone size-medium wp-image-3325\" alt=\"slider\" src=\"https:\/\/baraka.cc\/wp-content\/uploads\/2015\/08\/slider-300x199.jpg\" width=\"300\" height=\"199\" srcset=\"https:\/\/baraka.cc\/wp-content\/uploads\/2015\/08\/slider-300x199.jpg 300w, https:\/\/baraka.cc\/wp-content\/uploads\/2015\/08\/slider.jpg 960w\" sizes=\"(max-width: 300px) 100vw, 300px\" \/><\/a><\/a><\/p>\n","protected":false},"excerpt":{"rendered":"<p>14 A\u011fustos gecesi Saray\u00f6n\u00fc&#8217;nde ger\u00e7ekle\u015ftirilecek &#8220;Ba\u011f\u0131ms\u0131z K\u0131br\u0131s&#8221; eylemini organize eden d\u00f6rt \u00f6rg\u00fct, d\u00fcn Dereboyu&#8217;nda co\u015fkulu bir y\u00fcr\u00fcy\u00fc\u015f ger\u00e7ekle\u015ftirdi. TDP Gen\u00e7lik \u00d6rg\u00fct\u00fc, Baraka, Ba\u011f\u0131ms\u0131zl\u0131k Yolu ve<\/p>\n","protected":false},"author":4,"featured_media":3324,"comment_status":"open","ping_status":"open","sticky":false,"template":"","format":"standard","meta":{"jetpack_post_was_ever_published":false,"_jetpack_newsletter_access":"","_jetpack_newsletter_tier_id":0,"jetpack_publicize_message":"","jetpack_is_tweetstorm":false,"jetpack_publicize_feature_enabled":true,"jetpack_social_post_already_shared":true,"jetpack_social_options":{"image_generator_settings":{"template":"highway","enabled":false}}},"categories":[1],"tags":[],"jetpack_publicize_connections":[],"jetpack_featured_media_url":"https:\/\/baraka.cc\/wp-content\/uploads\/2015\/08\/6.jpg","jetpack_shortlink":"https:\/\/wp.me\/p4eHWX-Rw","jetpack_sharing_enabled":true,"_links":{"self":[{"href":"https:\/\/baraka.cc\/index.php?rest_route=\/wp\/v2\/posts\/3318"}],"collection":[{"href":"https:\/\/baraka.cc\/index.php?rest_route=\/wp\/v2\/posts"}],"about":[{"href":"https:\/\/baraka.cc\/index.php?rest_route=\/wp\/v2\/types\/post"}],"author":[{"embeddable":true,"href":"https:\/\/baraka.cc\/index.php?rest_route=\/wp\/v2\/users\/4"}],"replies":[{"embeddable":true,"href":"https:\/\/baraka.cc\/index.php?rest_route=%2Fwp%2Fv2%2Fcomments&post=3318"}],"version-history":[{"count":2,"href":"https:\/\/baraka.cc\/index.php?rest_route=\/wp\/v2\/posts\/3318\/revisions"}],"predecessor-version":[{"id":3327,"href":"https:\/\/baraka.cc\/index.php?rest_route=\/wp\/v2\/posts\/3318\/revisions\/3327"}],"wp:featuredmedia":[{"embeddable":true,"href":"https:\/\/baraka.cc\/index.php?rest_route=\/wp\/v2\/media\/3324"}],"wp:attachment":[{"href":"https:\/\/baraka.cc\/index.php?rest_route=%2Fwp%2Fv2%2Fmedia&parent=3318"}],"wp:term":[{"taxonomy":"category","embeddable":true,"href":"https:\/\/baraka.cc\/index.php?rest_route=%2Fwp%2Fv2%2Fcategories&post=3318"},{"taxonomy":"post_tag","embeddable":true,"href":"https:\/\/baraka.cc\/index.php?rest_route=%2Fwp%2Fv2%2Ftags&post=3318"}],"curies":[{"name":"wp","href":"https:\/\/api.w.org\/{rel}","templated":true}]}}