{"id":3328,"date":"2015-08-03T17:36:27","date_gmt":"2015-08-03T15:36:27","guid":{"rendered":"https:\/\/baraka.cc\/?p=3328"},"modified":"2015-08-03T17:36:27","modified_gmt":"2015-08-03T15:36:27","slug":"sol-anahtari-galatyada-sahne-alacak","status":"publish","type":"post","link":"https:\/\/baraka.cc\/?p=3328","title":{"rendered":"&#8220;SOL ANAHTARI&#8221; GALATYA&#8217;DA SAHNE ALACAK"},"content":{"rendered":"<p><a href=\"https:\/\/baraka.cc\/wp-content\/uploads\/2015\/04\/IMG_4654.jpg\"><img decoding=\"async\" loading=\"lazy\" class=\"size-medium wp-image-2843 alignleft\" style=\"border: 1px solid black;\" alt=\"IMG_4654\" src=\"https:\/\/baraka.cc\/wp-content\/uploads\/2015\/04\/IMG_4654-300x168.jpg\" width=\"300\" height=\"168\" srcset=\"https:\/\/baraka.cc\/wp-content\/uploads\/2015\/04\/IMG_4654-300x168.jpg 300w, https:\/\/baraka.cc\/wp-content\/uploads\/2015\/04\/IMG_4654-1024x576.jpg 1024w, https:\/\/baraka.cc\/wp-content\/uploads\/2015\/04\/IMG_4654.jpg 1280w\" sizes=\"(max-width: 300px) 100vw, 300px\" \/><\/a>Sol Anahtar\u0131, 55. Mehmet\u00e7ik \u00dcz\u00fcm Festivali&#8217;nde 5 A\u011fustos \u00c7ar\u015famba ak\u015fam\u0131 sahne alacak. 5 A\u011fustos&#8217;taki konserin ard\u0131ndan, 13 A\u011fustos&#8217;ta HAS-DER Gen\u00e7lik G\u00fcnleri&#8217;nde sahne alacak grup, 14 A\u011fustos ak\u015fam\u0131 ise &#8220;Ba\u011f\u0131ms\u0131z K\u0131br\u0131s&#8221; etkinli\u011finde sevenleriyle bulu\u015facak.<\/p>\n","protected":false},"excerpt":{"rendered":"<p>Sol Anahtar\u0131, 55. Mehmet\u00e7ik \u00dcz\u00fcm Festivali&#8217;nde 5 A\u011fustos \u00c7ar\u015famba ak\u015fam\u0131 sahne alacak. 5 A\u011fustos&#8217;taki konserin ard\u0131ndan, 13 A\u011fustos&#8217;ta HAS-DER Gen\u00e7lik G\u00fcnleri&#8217;nde sahne alacak grup, 14<\/p>\n","protected":false},"author":4,"featured_media":2623,"comment_status":"open","ping_status":"open","sticky":false,"template":"","format":"standard","meta":{"jetpack_post_was_ever_published":false,"_jetpack_newsletter_access":"","_jetpack_newsletter_tier_id":0,"jetpack_publicize_message":"","jetpack_is_tweetstorm":false,"jetpack_publicize_feature_enabled":true,"jetpack_social_post_already_shared":true,"jetpack_social_options":{"image_generator_settings":{"template":"highway","enabled":false}}},"categories":[9,1],"tags":[],"jetpack_publicize_connections":[],"jetpack_featured_media_url":"https:\/\/baraka.cc\/wp-content\/uploads\/2015\/01\/SolAnahtari.jpg","jetpack_shortlink":"https:\/\/wp.me\/p4eHWX-RG","jetpack_sharing_enabled":true,"_links":{"self":[{"href":"https:\/\/baraka.cc\/index.php?rest_route=\/wp\/v2\/posts\/3328"}],"collection":[{"href":"https:\/\/baraka.cc\/index.php?rest_route=\/wp\/v2\/posts"}],"about":[{"href":"https:\/\/baraka.cc\/index.php?rest_route=\/wp\/v2\/types\/post"}],"author":[{"embeddable":true,"href":"https:\/\/baraka.cc\/index.php?rest_route=\/wp\/v2\/users\/4"}],"replies":[{"embeddable":true,"href":"https:\/\/baraka.cc\/index.php?rest_route=%2Fwp%2Fv2%2Fcomments&post=3328"}],"version-history":[{"count":2,"href":"https:\/\/baraka.cc\/index.php?rest_route=\/wp\/v2\/posts\/3328\/revisions"}],"predecessor-version":[{"id":3330,"href":"https:\/\/baraka.cc\/index.php?rest_route=\/wp\/v2\/posts\/3328\/revisions\/3330"}],"wp:featuredmedia":[{"embeddable":true,"href":"https:\/\/baraka.cc\/index.php?rest_route=\/wp\/v2\/media\/2623"}],"wp:attachment":[{"href":"https:\/\/baraka.cc\/index.php?rest_route=%2Fwp%2Fv2%2Fmedia&parent=3328"}],"wp:term":[{"taxonomy":"category","embeddable":true,"href":"https:\/\/baraka.cc\/index.php?rest_route=%2Fwp%2Fv2%2Fcategories&post=3328"},{"taxonomy":"post_tag","embeddable":true,"href":"https:\/\/baraka.cc\/index.php?rest_route=%2Fwp%2Fv2%2Ftags&post=3328"}],"curies":[{"name":"wp","href":"https:\/\/api.w.org\/{rel}","templated":true}]}}