{"id":3426,"date":"2015-08-13T10:17:07","date_gmt":"2015-08-13T08:17:07","guid":{"rendered":"https:\/\/baraka.cc\/?p=3426"},"modified":"2015-08-13T10:17:07","modified_gmt":"2015-08-13T08:17:07","slug":"hdp-ve-halkevlerinden-bagimsiz-kibris-eylemine-dayanisma-mesaji","status":"publish","type":"post","link":"https:\/\/baraka.cc\/?p=3426","title":{"rendered":"HDP ve Halkevleri&#8217;nden &#8220;Ba\u011f\u0131ms\u0131z K\u0131br\u0131s&#8221; Eylemine Dayan\u0131\u015fma Mesaj\u0131"},"content":{"rendered":"<p>14 A\u011fustos ak\u015fam\u0131 Saray\u00f6n\u00fc&#8217;nde ger\u00e7ekle\u015fecek &#8220;Ba\u011f\u0131ms\u0131z K\u0131br\u0131s&#8221; eylemine T\u00fcrkiye&#8217;den dayan\u0131\u015fma mesajlar\u0131 geldi. Halklar\u0131n Demokratik Partisi ve Halkevleri&#8217;nin, &#8220;Ba\u011f\u0131ms\u0131z K\u0131br\u0131s&#8221; eylemini selamlayan dayan\u0131\u015fma mesajlar\u0131 ise \u015f\u00f6yle:<\/p>\n<p><a href=\"https:\/\/baraka.cc\/wp-content\/uploads\/2015\/08\/hdp-mesaj.jpg\"><img decoding=\"async\" loading=\"lazy\" class=\"alignnone size-medium wp-image-3427\" alt=\"hdp mesaj\" src=\"https:\/\/baraka.cc\/wp-content\/uploads\/2015\/08\/hdp-mesaj-214x300.jpg\" width=\"214\" height=\"300\" srcset=\"https:\/\/baraka.cc\/wp-content\/uploads\/2015\/08\/hdp-mesaj-214x300.jpg 214w, https:\/\/baraka.cc\/wp-content\/uploads\/2015\/08\/hdp-mesaj.jpg 685w\" sizes=\"(max-width: 214px) 100vw, 214px\" \/><\/a><\/p>\n<p>&nbsp;<\/p>\n<p><b><span style=\"text-decoration: underline;\">HDP:<\/span><\/b><\/p>\n<p>Sevgili K\u0131br\u0131sl\u0131 Yolda\u015flar,<\/p>\n<p>K\u0131br\u0131s\u2019ta sava\u015f hali ve a\u00e7\u0131\u011fa \u00e7\u0131kan b\u00f6l\u00fcnm\u00fc\u015fl\u00fck ne yaz\u0131k ki 40 y\u0131ld\u0131r a\u011f\u0131rla\u015farak devam etmekte ve insanl\u0131\u011f\u0131n bir nesli iki halk\u0131n \u015fiddet yoluyla b\u00f6l\u00fcnm\u00fc\u015fl\u00fc\u011f\u00fcne tan\u0131kl\u0131k etmektedir. Bir adan\u0131n s\u0131n\u0131rlarla b\u00f6l\u00fcnmesi sadece iki halk\u0131 b\u00f6lmemi\u015f, ayn\u0131 zamanda m\u00fclkiyet hakk\u0131ndan seyahat etme hakk\u0131na kadar bir\u00e7ok temel hakk\u0131n gasp\u0131na sebep olmu\u015ftur.<\/p>\n<p>Ortak co\u011frafyaya, ortak tarihe ve ortak kadere sahip olarak ya\u015fayan iki halk\u0131n K\u0131br\u0131sl\u0131 \u00fcst kimli\u011fiyle bir arada ya\u015fayabilmesinin \u00f6n\u00fcndeki tek engel, egemenlerin \u0131rk\u00e7\u0131l\u0131k ve s\u00f6m\u00fcrgecilik anlay\u0131\u015f\u0131d\u0131r. T\u00fcrkiye ve K\u00fcrdistan\u2019daki engeller de ayn\u0131 sebeplerdir. Dolay\u0131s\u0131yla ac\u0131lar\u0131m\u0131z da rakiplerimiz de K\u0131br\u0131s halklar\u0131nkiyle benze\u015fmektedir. Biliyoruz ki K\u0131br\u0131s halklar\u0131 ayaklar\u0131nda pranga gibi duran 40 y\u0131ll\u0131k tel \u00f6rg\u00fcleri anlams\u0131zla\u015ft\u0131racak olgunlu\u011fa ve iradeye sahiptir.<\/p>\n<p>HDP E\u015f Genel Ba\u015fkanlar\u0131 olarak, K\u0131br\u0131s halkar\u0131n\u0131n me\u015fru temsilcilerinin diyalog yoluyla, halklar\u0131n bir arada ya\u015fama umudunu hayata ge\u00e7irece\u011fine y\u00fcrekten inan\u0131yoruz ve bu vesileyle halklar\u0131m\u0131z\u0131n selam ve sevgilerini en i\u00e7ten dileklerimizle payla\u015f\u0131yoruz.<\/p>\n<p>&nbsp;<\/p>\n<p><i>Selahattin Demirta\u015f ve Figen Y\u00fcksekda\u011f<\/i><\/p>\n<p><i>HDP E\u015f Genel Ba\u015fkanlar\u0131<\/i><\/p>\n<p>&nbsp;<\/p>\n<p><b><span style=\"text-decoration: underline;\">HALKEVLER\u0130:<\/span><\/b><\/p>\n<p>Merhaba dostlar,<b><\/b><\/p>\n<p>TDP Gen\u00e7lik \u00d6rg\u00fct\u00fc, BKP Gen\u00e7lik \u00d6rg\u00fct\u00fc, Ba\u011f\u0131ms\u0131zl\u0131k Yolu ve Baraka K\u00fclt\u00fcr Merkezi olarak birlikte \u00f6rg\u00fctledi\u011finiz \u201c14 A\u011fustos Ba\u011f\u0131ms\u0131z K\u0131br\u0131s\u201d etkinli\u011fini sayg\u0131 ve sevgiyle selaml\u0131yorum.<\/p>\n<p>41 y\u0131ld\u0131r emperyalistlerin, b\u00f6lgesel ve yerli i\u015fbirlik\u00e7iklerin s\u00fcrd\u00fcrd\u00fc\u011f\u00fc i\u015fgale, asimilasyona, s\u00f6m\u00fcr\u00fcye kar\u015f\u0131 \u00f6zg\u00fcrl\u00fck, e\u015fitlik, ba\u011f\u0131ms\u0131zl\u0131k m\u00fccadelesi veren K\u0131br\u0131s Halk\u0131na; emperyalizme, fa\u015fizme, gericili\u011fe, neoliberal ya\u011fma ve talan politikalar\u0131na kar\u015f\u0131 \u00fclkenin d\u00f6rt bir yan\u0131nda Halk\u0131n Halklar\u0131 i\u00e7in m\u00fccadele eden Halkevlerinden selam olsun!<\/p>\n<p>41 y\u0131ld\u0131r emperyalist \u00fclke ve kurumlar\u0131n, T\u00fcrkiye ve Yunanistan\u2019\u0131n \u00fczerinde her t\u00fcrl\u00fc tasarrufta bulunma hakk\u0131n\u0131 kendinde g\u00f6rd\u00fc\u011f\u00fc, neoliberal ya\u011fma, talan ve s\u00f6m\u00fcr\u00fc politikalar\u0131n\u0131n dinci gericilikle birlikte pervas\u0131zca uyguland\u0131\u011f\u0131 topraklarda ger\u00e7ek ve tek s\u00f6z hakk\u0131 K\u0131br\u0131s Halk\u0131n\u0131nd\u0131r.<\/p>\n<p>Y\u0131llard\u0131r K\u0131br\u0131s topraklar\u0131 kirli para ili\u015fkilerinin y\u00fcr\u00fct\u00fcld\u00fc\u011f\u00fc, mafyan\u0131n \u201ckumar cenneti\u201d haline getirildi. K\u0131y\u0131lar\u0131 sermaye taraf\u0131ndan ya\u011fmaland\u0131, ya\u011fmalanmaya devam ediyor. Ve ne yaz\u0131k ki y\u0131llard\u0131r kad\u0131nlar\u0131n k\u00f6lele\u015ftirildi\u011fi, gen\u00e7lerin uyu\u015fturucu bata\u011f\u0131na s\u00fcr\u00fcklendi\u011fi bir hayat K\u0131br\u0131sl\u0131lara dayat\u0131l\u0131yor. K\u0131br\u0131sl\u0131 emek\u00e7iler neoliberalizmin halk d\u00fc\u015fman\u0131 politikalar\u0131na maruz kal\u0131yor. Ancak K\u0131br\u0131s Halk\u0131, bu bask\u0131, i\u015fgal, s\u00f6m\u00fcr\u00fc ve ya\u011fma siyasetine kar\u015f\u0131 art\u0131k sessiz kalm\u0131yor.<\/p>\n<p>Bizler, K\u0131br\u0131sl\u0131 yolda\u015flar\u0131m\u0131z\u0131n y\u00fcrtt\u00fc\u011f\u00fc e\u015fitlik, \u00f6zg\u00fcrl\u00fck, bar\u0131\u015f m\u00fccadelesinde elde ettikleri her ba\u015far\u0131dan mutluluk duyuyoruz. \u00c7\u00fcnk\u00fc inan\u0131yoruz ki, e\u015fitlik, karde\u015flik, bar\u0131\u015f ve sosyalizm ortak d\u00fc\u015f\u00fcm\u00fcz. Ve inan\u0131yoruz ki, Bizler bar\u0131\u015f i\u00e7inde, e\u015fit ve karde\u015f\u00e7e ya\u015fad\u0131\u011f\u0131m\u0131z bir co\u011frafyay\u0131 ve d\u00fcnyay\u0131 kendi ellerimizle kuraca\u011f\u0131z.<br \/>\nBu inan\u00e7 ve kararl\u0131l\u0131kla \u201cYa\u015fas\u0131n Halklar\u0131n Karde\u015fli\u011fi, Ya\u015fas\u0131n Tam Ba\u011f\u0131ms\u0131z K\u0131br\u0131s!\u201d diyerek m\u00fccadeleyi y\u00fckselten doslar\u0131m\u0131za ba\u015far\u0131lar diliyor, Halkevciler onlarak yan\u0131n\u0131zda oldu\u011fumuzu ger\u00e7ekle\u015ftirmi\u015f oldu\u011funuz Ba\u011f\u0131ms\u0131z K\u0131br\u0131s eylemi vesilesiyle bir kez daha ifade etmek istiyorum.<\/p>\n<p>&nbsp;<\/p>\n<p><i>Oya Ersoy<br \/>\nHalkevleri Genel Ba\u015fkan\u0131<\/i><\/p>\n","protected":false},"excerpt":{"rendered":"<p>14 A\u011fustos ak\u015fam\u0131 Saray\u00f6n\u00fc&#8217;nde ger\u00e7ekle\u015fecek &#8220;Ba\u011f\u0131ms\u0131z K\u0131br\u0131s&#8221; eylemine T\u00fcrkiye&#8217;den dayan\u0131\u015fma mesajlar\u0131 geldi. Halklar\u0131n Demokratik Partisi ve Halkevleri&#8217;nin, &#8220;Ba\u011f\u0131ms\u0131z K\u0131br\u0131s&#8221; eylemini selamlayan dayan\u0131\u015fma mesajlar\u0131 ise \u015f\u00f6yle:<\/p>\n","protected":false},"author":4,"featured_media":3427,"comment_status":"open","ping_status":"open","sticky":false,"template":"","format":"standard","meta":{"jetpack_post_was_ever_published":false,"_jetpack_newsletter_access":"","_jetpack_newsletter_tier_id":0,"jetpack_publicize_message":"","jetpack_is_tweetstorm":false,"jetpack_publicize_feature_enabled":true,"jetpack_social_post_already_shared":true,"jetpack_social_options":{"image_generator_settings":{"template":"highway","enabled":false}}},"categories":[9,1],"tags":[],"jetpack_publicize_connections":[],"jetpack_featured_media_url":"https:\/\/baraka.cc\/wp-content\/uploads\/2015\/08\/hdp-mesaj.jpg","jetpack_shortlink":"https:\/\/wp.me\/p4eHWX-Tg","jetpack_sharing_enabled":true,"_links":{"self":[{"href":"https:\/\/baraka.cc\/index.php?rest_route=\/wp\/v2\/posts\/3426"}],"collection":[{"href":"https:\/\/baraka.cc\/index.php?rest_route=\/wp\/v2\/posts"}],"about":[{"href":"https:\/\/baraka.cc\/index.php?rest_route=\/wp\/v2\/types\/post"}],"author":[{"embeddable":true,"href":"https:\/\/baraka.cc\/index.php?rest_route=\/wp\/v2\/users\/4"}],"replies":[{"embeddable":true,"href":"https:\/\/baraka.cc\/index.php?rest_route=%2Fwp%2Fv2%2Fcomments&post=3426"}],"version-history":[{"count":2,"href":"https:\/\/baraka.cc\/index.php?rest_route=\/wp\/v2\/posts\/3426\/revisions"}],"predecessor-version":[{"id":3429,"href":"https:\/\/baraka.cc\/index.php?rest_route=\/wp\/v2\/posts\/3426\/revisions\/3429"}],"wp:featuredmedia":[{"embeddable":true,"href":"https:\/\/baraka.cc\/index.php?rest_route=\/wp\/v2\/media\/3427"}],"wp:attachment":[{"href":"https:\/\/baraka.cc\/index.php?rest_route=%2Fwp%2Fv2%2Fmedia&parent=3426"}],"wp:term":[{"taxonomy":"category","embeddable":true,"href":"https:\/\/baraka.cc\/index.php?rest_route=%2Fwp%2Fv2%2Fcategories&post=3426"},{"taxonomy":"post_tag","embeddable":true,"href":"https:\/\/baraka.cc\/index.php?rest_route=%2Fwp%2Fv2%2Ftags&post=3426"}],"curies":[{"name":"wp","href":"https:\/\/api.w.org\/{rel}","templated":true}]}}