{"id":3443,"date":"2015-08-16T17:27:54","date_gmt":"2015-08-16T15:27:54","guid":{"rendered":"https:\/\/baraka.cc\/?p=3443"},"modified":"2015-08-16T23:39:27","modified_gmt":"2015-08-16T21:39:27","slug":"bagimsiz-kibris-etkinligi-coskuyla-gerceklestirildi","status":"publish","type":"post","link":"https:\/\/baraka.cc\/?p=3443","title":{"rendered":"&#8220;BA\u011eIMSIZ KIBRIS&#8221; ETK\u0130NL\u0130\u011e\u0130 CO\u015eKUYLA GER\u00c7EKLE\u015eT\u0130R\u0130LD\u0130"},"content":{"rendered":"<p><a href=\"https:\/\/baraka.cc\/wp-content\/uploads\/2015\/08\/i\u00e7.jpg\"><img decoding=\"async\" loading=\"lazy\" class=\"size-medium wp-image-3445 alignleft\" style=\"border: 1px solid black;\" alt=\"i\u00e7\" src=\"https:\/\/baraka.cc\/wp-content\/uploads\/2015\/08\/i\u00e7-300x199.jpg\" width=\"300\" height=\"199\" srcset=\"https:\/\/baraka.cc\/wp-content\/uploads\/2015\/08\/i\u00e7-300x199.jpg 300w, https:\/\/baraka.cc\/wp-content\/uploads\/2015\/08\/i\u00e7.jpg 960w\" sizes=\"(max-width: 300px) 100vw, 300px\" \/><\/a>T\u00fcrkiye\u2019nin adaya yapt\u0131\u011f\u0131 ikinci harekat\u0131n y\u0131l d\u00f6n\u00fcm\u00fc olan 14 A\u011fustos\u2019ta K\u0131br\u0131s halklar\u0131, emperyalizme, i\u015fgale ve b\u00f6l\u00fcnm\u00fc\u015fl\u00fc\u011fe kar\u015f\u0131 &#8220;ba\u011f\u0131ms\u0131zl\u0131k&#8221; yolunda seslerini y\u00fckseltti. K\u0131br\u0131s adas\u0131 \u00fczerindeki yabanc\u0131 i\u015fgallerin t\u00fcm\u00fcn\u00fc protesto etmek i\u00e7in &#8220;Ba\u011f\u0131ms\u0131z K\u0131br\u0131s&#8221; \u015fiar\u0131yla organize edilen etkinlik, 14 A\u011fustos Cuma g\u00fcn\u00fc saat 20.00\u2019de Saray\u00f6n\u00fc\u2019nde ger\u00e7ekle\u015ftirildi.<\/p>\n<p>Baraka K\u00fclt\u00fcr Merkezi, TDP Gen\u00e7lik \u00d6rg\u00fct\u00fc, BKP Gen\u00e7lik \u00d6rg\u00fct\u00fc ve Ba\u011f\u0131ms\u0131zl\u0131k Yolu\u2019nun birlikte organize etti\u011fi &#8220;Ba\u011f\u0131ms\u0131z K\u0131br\u0131s&#8221; etkinli\u011fi K\u0131br\u0131s\u2019ta ya\u015fayan K\u0131br\u0131sl\u0131 T\u00fcrk, K\u0131br\u0131sl\u0131 Elen ve T\u00fcrkiyeli bir\u00e7ok ki\u015fi taraf\u0131ndan ilgi g\u00f6r\u00fcrken, &#8220;dayan\u0131\u015fma&#8221; farkl\u0131 dillerde fakat ayn\u0131 co\u015fkuyla gece yar\u0131s\u0131na kadar s\u00fcrd\u00fc. Etkinlikte, Arda G\u00fcnd\u00fcz, Sol Anahtar\u0131, Zeki Karahano\u011flu, Paris Christofi ve T\u00fcrkiye\u2019den gelen Praksis grubu sahne al\u0131rken, ba\u011f\u0131ms\u0131zl\u0131k i\u00e7in \u015fark\u0131lar s\u00f6ylendi. Baraka Tiyatro ekibinin g\u00f6sterisi ve Ya\u015far Ersoy\u2019un \u015fiirleriyle renklenen gecede K\u0131br\u0131sl\u0131 T\u00fcrk ve K\u0131br\u0131sl\u0131 Elen \u00f6rg\u00fctlerin standlar\u0131nda kitap, cd ve benzeri \u00fcretimleri sat\u0131ld\u0131.<\/p>\n<p>&nbsp;<\/p>\n<p><b><i>Neden \u2018Ba\u011f\u0131ms\u0131z K\u0131br\u0131s\u2019?<\/i><\/b><\/p>\n<p>Etkinlikten \u00f6nce g\u00f6r\u00fc\u015fleri al\u0131nan sanat\u00e7\u0131lar \u015funlar\u0131 s\u00f6yledi:<\/p>\n<p><b>Arda G\u00fcnd\u00fcz: <\/b>\u201c\u0130\u015fgalciler art\u0131k s\u0131rt\u0131m\u0131za a\u011f\u0131r geliyor. Nefret, milliyet\u00e7ilik, \u015f\u00f6venizm t\u00fcm bunlardan kurtulmak i\u00e7in.\u201d<\/p>\n<p><b>Sol Anahtar\u0131:<\/b> \u201cKendi kendini y\u00f6neten, halklar\u0131 karde\u015f bir K\u0131br\u0131s i\u00e7in.\u201d<\/p>\n<p><b>Praksis:<\/b> \u201cEgemenlerin g\u00fcc\u00fc ne T\u00fcrkiye\u2019de ne de K\u0131br\u0131s\u2019ta halklar\u0131n birlikte ya\u015fama istencini k\u0131rmaya yetecektir. Karde\u015fli\u011fin, bar\u0131\u015f\u0131n ve e\u015fitli\u011fin kar\u015f\u0131s\u0131na barbarl\u0131\u011f\u0131, sava\u015f\u0131 ve k\u00f6leli\u011fi koyan zihniyet elbet yok olacakt\u0131r. Ya\u015fas\u0131n s\u0131n\u0131f\u0131n ve s\u0131n\u0131r\u0131n olmad\u0131\u011f\u0131 bir d\u00fcnya! Ya\u015fas\u0131n d\u00fcnya halklar\u0131n\u0131n karde\u015fli\u011fi!\u201d<\/p>\n<p><b>Ya\u015far Ersoy:<\/b> \u201c\u00dcretmek, \u00f6zg\u00fcrl\u00fck, e\u015fitlik, adalet, bar\u0131\u015f, bu topraklardaki 6 orduya \u2018Go Home\u2019 demek, i\u015fgale son vermek yani k\u0131saca sosyalizim i\u00e7in. Yetmez mi?\u201d<\/p>\n<p><b>Zeki Karahano\u011flu:<\/b> \u201cMuhta\u00e7l\u0131ktan kurtulmak, \u00f6zg\u00fcrl\u00fc\u011fe kavu\u015fmak i\u00e7in.\u201d<\/p>\n<p><b>Baraka Tiyatro Ekibi: <\/b>\u201c\u2018Ba\u011f\u0131ms\u0131z K\u0131br\u0131s\u2019ta Brecht \u015fiirleriyle sahnedeyiz \u00e7\u00fcnk\u00fc: En iyisi kalkmak, \u201cYETER ARTIK\u201d demektir\u2026 Vazge\u00e7memek i\u00e7in k\u0131r\u0131nt\u0131s\u0131ndan bile ya\u015fam\u0131n. Kar\u015f\u0131 \u00e7\u0131kmakt\u0131r var g\u00fcc\u00fcm\u00fczle ac\u0131y\u0131 do\u011furanlara\u2026 Ya\u015fan\u0131r hale getirmek i\u00e7in d\u00fcnyay\u0131 b\u00fct\u00fcn insanlara.\u201d<\/p>\n<p><a href=\"https:\/\/baraka.cc\/wp-content\/uploads\/2015\/08\/24.jpg\"><img decoding=\"async\" loading=\"lazy\" class=\"alignnone size-medium wp-image-3447\" alt=\"2\" src=\"https:\/\/baraka.cc\/wp-content\/uploads\/2015\/08\/24-300x199.jpg\" width=\"300\" height=\"199\" srcset=\"https:\/\/baraka.cc\/wp-content\/uploads\/2015\/08\/24-300x199.jpg 300w, https:\/\/baraka.cc\/wp-content\/uploads\/2015\/08\/24.jpg 960w\" sizes=\"(max-width: 300px) 100vw, 300px\" \/><\/a>\u00a0<a href=\"https:\/\/baraka.cc\/wp-content\/uploads\/2015\/08\/43.jpg\"><img decoding=\"async\" loading=\"lazy\" class=\"alignnone size-medium wp-image-3448\" alt=\"4\" src=\"https:\/\/baraka.cc\/wp-content\/uploads\/2015\/08\/43-300x199.jpg\" width=\"300\" height=\"199\" srcset=\"https:\/\/baraka.cc\/wp-content\/uploads\/2015\/08\/43-300x199.jpg 300w, https:\/\/baraka.cc\/wp-content\/uploads\/2015\/08\/43.jpg 960w\" sizes=\"(max-width: 300px) 100vw, 300px\" \/><\/a><\/p>\n<p><b><i>Bir\u00e7ok &#8220;dayan\u0131\u015fma mesaj\u0131&#8221; geldi\u2026<\/i><\/b><\/p>\n<p><b>\u00a0<\/b><b>K\u0131br\u0131s T\u00fcrk Demokrasi Derne\u011fi:<\/b> Birle\u015fik Krall\u0131k\u2019ta ya\u015fayan K\u0131br\u0131sl\u0131 T\u00fcrklerden destek mesaj\u0131, \u2018Ba\u011f\u0131ms\u0131z K\u0131br\u0131s\u2019 i\u00e7in y\u0131llard\u0131r yap\u0131lan 14 A\u011fustos etkinliklerinin y\u0131llard\u0131r devam eden b\u00f6l\u00fcnm\u00fc\u015fl\u00fc\u011f\u00fcn ve i\u015fgalin son bulmas\u0131 i\u00e7in \u00f6nemine vurgu yapt\u0131. Di\u011fer yandan, emperyalizmin y\u0131llard\u0131r ada halk\u0131na a\u011f\u0131r bedeller \u00f6detti\u011fine de i\u015faret eden Dernek, \u201cDile\u011fimiz y\u00fckseltti\u011finiz \u2018Ba\u011f\u0131ms\u0131z K\u0131br\u0131s\u2019 gaylesinin her iki toplum taraf\u0131ndan da kucaklanmas\u0131\u201d dedi.<\/p>\n<p>&nbsp;<\/p>\n<p><b>Halklar\u0131n Demokratik Partisi: <\/b>T\u00fcrkiye\u2019den gelen bir di\u011fer dayan\u0131\u015fma mesaj\u0131nda ise b\u00f6l\u00fcnm\u00fc\u015fl\u00fc\u011f\u00fcn 40 y\u0131ld\u0131r a\u011f\u0131rla\u015farak devam etti\u011fine yer verilirken, ortak co\u011frafya, ortak k\u00fclt\u00fcr ve ortak tarihe sahip olarak ya\u015fayan iki halk\u0131n K\u0131br\u0131sl\u0131 \u00fcst kimli\u011fi ile birlikte ya\u015fayabilmesinin \u00f6n\u00fcndeki tek engeli egemenlerin s\u00f6m\u00fcrgecilik ve \u0131rk\u00e7\u0131l\u0131k politikalar\u0131 olarak g\u00f6rd\u00fc. T\u00fcrkiye ve K\u00fcrdistan \u00f6rne\u011fine dikkat \u00e7ekerek, \u201cYa\u015fad\u0131klar\u0131m\u0131z da ac\u0131lar\u0131m\u0131z da ayn\u0131d\u0131r. Bu y\u00fczdendir ki t\u00fcm halklar i\u00e7in \u2018ba\u011f\u0131ms\u0131zl\u0131k\u2019 diyoruz.\u201d<\/p>\n<p><b>\u00d6zg\u00fcrl\u00fck ve Dayan\u0131\u015fma Partisi: <\/b>Ada genelindeki t\u00fcm i\u015fgalci ve emperyalist g\u00fc\u00e7lere kar\u015f\u0131 verilen bu kavgan\u0131n K\u0131br\u0131s adas\u0131 \u00fczerinde ya\u015fayan t\u00fcm halklar taraf\u0131ndan kucaklanmas\u0131 gerekti\u011fine dikkat \u00e7ekerken, \u201cKazanan sadece K\u0131br\u0131sl\u0131 T\u00fcrk ve Elenler olmayacakt\u0131r. Zafer adada ya\u015fayan t\u00fcm halklar\u0131n ortak zaferi olacakt\u0131r\u201d dedi.<\/p>\n<p><b>EDON: <\/b>K\u0131br\u0131sl\u0131 Elenler, \u201cAdam\u0131z\u0131n t\u00fcm ordulardan ar\u0131nd\u0131r\u0131lmas\u0131 gerekti\u011fine inan\u0131yoruz. K\u0131br\u0131sl\u0131lar emperyalist darbeler taraf\u0131ndan yeterinde ac\u0131 \u00e7ekmi\u015ftir. Inan\u0131yoruz ki kal\u0131c\u0131 bir bar\u0131\u015f\u0131n garant\u00f6rleri K\u0131br\u0131sl\u0131lar\u0131n kendilerinden \u00f6zellikle de gen\u00e7lerinden ba\u015fkas\u0131 de\u011fildir\u201d dedi.<\/p>\n<p><b>T\u00fcrkiye Halkevleri: \u201c<\/b>41 y\u0131ld\u0131r emperyalistlerin, b\u00f6lgesel ve yerli i\u015fbirlik\u00e7iklerin s\u00fcrd\u00fcrd\u00fc\u011f\u00fc i\u015fgale, asimilasyona, s\u00f6m\u00fcr\u00fcye kar\u015f\u0131 \u00f6zg\u00fcrl\u00fck, e\u015fitlik, ba\u011f\u0131ms\u0131zl\u0131k m\u00fccadelesi veren K\u0131br\u0131s Halk\u0131na; emperyalizme, fa\u015fizme, gericili\u011fe, neoliberal ya\u011fma ve talan politikalar\u0131na kar\u015f\u0131 \u00fclkenin d\u00f6rt bir yan\u0131nda Halk\u0131n haklar\u0131 i\u00e7in m\u00fccadele eden Halkevlerinden selam olsun!\u201d diyen Halkevleri, di\u011fer yandan K\u0131br\u0131s\u2019\u0131n kirli para ili\u015fkilerinin y\u00fcr\u00fct\u00fcld\u00fc\u011f\u00fc \u2018kumar cenneti\u2019ne d\u00f6nd\u00fcr\u00fcld\u00fc\u011f\u00fcne de dikkat \u00e7ekti.<\/p>\n<p><a href=\"https:\/\/baraka.cc\/wp-content\/uploads\/2015\/08\/53.jpg\"><img decoding=\"async\" loading=\"lazy\" class=\"alignnone size-medium wp-image-3449\" alt=\"5\" src=\"https:\/\/baraka.cc\/wp-content\/uploads\/2015\/08\/53-300x225.jpg\" width=\"300\" height=\"225\" srcset=\"https:\/\/baraka.cc\/wp-content\/uploads\/2015\/08\/53-300x225.jpg 300w, https:\/\/baraka.cc\/wp-content\/uploads\/2015\/08\/53.jpg 960w\" sizes=\"(max-width: 300px) 100vw, 300px\" \/><\/a><a href=\"https:\/\/baraka.cc\/wp-content\/uploads\/2015\/08\/63.jpg\"><img decoding=\"async\" loading=\"lazy\" class=\"alignnone size-medium wp-image-3450\" alt=\"6\" src=\"https:\/\/baraka.cc\/wp-content\/uploads\/2015\/08\/63-300x225.jpg\" width=\"300\" height=\"225\" srcset=\"https:\/\/baraka.cc\/wp-content\/uploads\/2015\/08\/63-300x225.jpg 300w, https:\/\/baraka.cc\/wp-content\/uploads\/2015\/08\/63.jpg 960w\" sizes=\"(max-width: 300px) 100vw, 300px\" \/><\/a><\/p>\n<p><b><i>&#8220;Ba\u011f\u0131ms\u0131z K\u0131br\u0131s&#8221;, &#8220;Teneke \u00c7ocuk&#8221; Projesi\u2019ne destek verdi<\/i><\/b><\/p>\n<p>Etkinli\u011fin sonunda gece boyunca kullan\u0131lan teneke paketler &#8220;Teneke \u00c7ocuk&#8221; projesi i\u00e7in topland\u0131. Bir sosyal sorumluluk projesi olan &#8220;Teneke \u00c7ocuk&#8221;, amac\u0131n\u0131 toplumda \u00e7evre bilincini art\u0131r\u0131p geri d\u00f6n\u00fc\u015f\u00fcm\u00fcn toplumda bir al\u0131\u015fkanl\u0131k olmas\u0131n\u0131 sa\u011flamak olarak tan\u0131ml\u0131yor.<\/p>\n<p><b>\u00a0<a href=\"https:\/\/baraka.cc\/wp-content\/uploads\/2015\/08\/9.jpg\"><img decoding=\"async\" loading=\"lazy\" class=\"alignnone size-medium wp-image-3451\" alt=\"9\" src=\"https:\/\/baraka.cc\/wp-content\/uploads\/2015\/08\/9-300x225.jpg\" width=\"300\" height=\"225\" srcset=\"https:\/\/baraka.cc\/wp-content\/uploads\/2015\/08\/9-300x225.jpg 300w, https:\/\/baraka.cc\/wp-content\/uploads\/2015\/08\/9.jpg 960w\" sizes=\"(max-width: 300px) 100vw, 300px\" \/><\/a><a href=\"https:\/\/baraka.cc\/wp-content\/uploads\/2015\/08\/10.jpg\"><img decoding=\"async\" loading=\"lazy\" class=\"alignnone size-medium wp-image-3452\" alt=\"10\" src=\"https:\/\/baraka.cc\/wp-content\/uploads\/2015\/08\/10-300x168.jpg\" width=\"300\" height=\"168\" srcset=\"https:\/\/baraka.cc\/wp-content\/uploads\/2015\/08\/10-300x168.jpg 300w, https:\/\/baraka.cc\/wp-content\/uploads\/2015\/08\/10.jpg 960w\" sizes=\"(max-width: 300px) 100vw, 300px\" \/><\/a><\/b><\/p>\n<p><a href=\"https:\/\/baraka.cc\/wp-content\/uploads\/2015\/08\/112.jpg\"><img decoding=\"async\" loading=\"lazy\" class=\"alignnone size-medium wp-image-3453\" alt=\"11\" src=\"https:\/\/baraka.cc\/wp-content\/uploads\/2015\/08\/112-300x225.jpg\" width=\"300\" height=\"225\" srcset=\"https:\/\/baraka.cc\/wp-content\/uploads\/2015\/08\/112-300x225.jpg 300w, https:\/\/baraka.cc\/wp-content\/uploads\/2015\/08\/112.jpg 960w\" sizes=\"(max-width: 300px) 100vw, 300px\" \/><\/a><a href=\"https:\/\/baraka.cc\/wp-content\/uploads\/2015\/08\/131.jpg\"><img decoding=\"async\" loading=\"lazy\" class=\"alignnone size-medium wp-image-3455\" alt=\"13\" src=\"https:\/\/baraka.cc\/wp-content\/uploads\/2015\/08\/131-300x168.jpg\" width=\"300\" height=\"168\" srcset=\"https:\/\/baraka.cc\/wp-content\/uploads\/2015\/08\/131-300x168.jpg 300w, https:\/\/baraka.cc\/wp-content\/uploads\/2015\/08\/131.jpg 960w\" sizes=\"(max-width: 300px) 100vw, 300px\" \/><\/a><\/p>\n<p>&nbsp;<\/p>\n<p><a href=\"https:\/\/baraka.cc\/wp-content\/uploads\/2015\/08\/14.jpg\"><img decoding=\"async\" loading=\"lazy\" class=\"alignnone size-medium wp-image-3456\" alt=\"14\" src=\"https:\/\/baraka.cc\/wp-content\/uploads\/2015\/08\/14-300x225.jpg\" width=\"300\" height=\"225\" srcset=\"https:\/\/baraka.cc\/wp-content\/uploads\/2015\/08\/14-300x225.jpg 300w, https:\/\/baraka.cc\/wp-content\/uploads\/2015\/08\/14.jpg 960w\" sizes=\"(max-width: 300px) 100vw, 300px\" \/><\/a><a href=\"https:\/\/baraka.cc\/wp-content\/uploads\/2015\/08\/151.jpg\"><img decoding=\"async\" loading=\"lazy\" class=\"alignnone size-medium wp-image-3457\" alt=\"15\" src=\"https:\/\/baraka.cc\/wp-content\/uploads\/2015\/08\/151-300x168.jpg\" width=\"300\" height=\"168\" srcset=\"https:\/\/baraka.cc\/wp-content\/uploads\/2015\/08\/151-300x168.jpg 300w, https:\/\/baraka.cc\/wp-content\/uploads\/2015\/08\/151.jpg 960w\" sizes=\"(max-width: 300px) 100vw, 300px\" \/><\/a><\/p>\n<p>&nbsp;<\/p>\n<p><a href=\"https:\/\/baraka.cc\/wp-content\/uploads\/2015\/08\/16.jpg\"><img decoding=\"async\" loading=\"lazy\" class=\"alignnone size-medium wp-image-3458\" alt=\"16\" src=\"https:\/\/baraka.cc\/wp-content\/uploads\/2015\/08\/16-300x168.jpg\" width=\"300\" height=\"168\" srcset=\"https:\/\/baraka.cc\/wp-content\/uploads\/2015\/08\/16-300x168.jpg 300w, https:\/\/baraka.cc\/wp-content\/uploads\/2015\/08\/16.jpg 960w\" sizes=\"(max-width: 300px) 100vw, 300px\" \/><\/a><a href=\"https:\/\/baraka.cc\/wp-content\/uploads\/2015\/08\/17.jpg\"><img decoding=\"async\" loading=\"lazy\" class=\"alignnone size-medium wp-image-3459\" alt=\"17\" src=\"https:\/\/baraka.cc\/wp-content\/uploads\/2015\/08\/17-300x168.jpg\" width=\"300\" height=\"168\" srcset=\"https:\/\/baraka.cc\/wp-content\/uploads\/2015\/08\/17-300x168.jpg 300w, https:\/\/baraka.cc\/wp-content\/uploads\/2015\/08\/17.jpg 960w\" sizes=\"(max-width: 300px) 100vw, 300px\" \/><\/a><\/p>\n<p>&nbsp;<\/p>\n<p><img decoding=\"async\" loading=\"lazy\" class=\"alignnone size-medium wp-image-3461\" style=\"line-height: 1.5em;\" alt=\"20\" src=\"https:\/\/baraka.cc\/wp-content\/uploads\/2015\/08\/20-300x300.jpg\" width=\"300\" height=\"300\" srcset=\"https:\/\/baraka.cc\/wp-content\/uploads\/2015\/08\/20-300x300.jpg 300w, https:\/\/baraka.cc\/wp-content\/uploads\/2015\/08\/20-150x150.jpg 150w, https:\/\/baraka.cc\/wp-content\/uploads\/2015\/08\/20-200x200.jpg 200w, https:\/\/baraka.cc\/wp-content\/uploads\/2015\/08\/20.jpg 843w\" sizes=\"(max-width: 300px) 100vw, 300px\" \/><a href=\"https:\/\/baraka.cc\/wp-content\/uploads\/2015\/08\/19.jpg\"><img decoding=\"async\" loading=\"lazy\" class=\"alignnone size-medium wp-image-3460\" alt=\"19\" src=\"https:\/\/baraka.cc\/wp-content\/uploads\/2015\/08\/19-300x225.jpg\" width=\"300\" height=\"225\" srcset=\"https:\/\/baraka.cc\/wp-content\/uploads\/2015\/08\/19-300x225.jpg 300w, https:\/\/baraka.cc\/wp-content\/uploads\/2015\/08\/19.jpg 960w\" sizes=\"(max-width: 300px) 100vw, 300px\" \/><\/a><\/p>\n<p>&nbsp;<\/p>\n<p><a href=\"https:\/\/baraka.cc\/wp-content\/uploads\/2015\/08\/18.jpg\"><img decoding=\"async\" loading=\"lazy\" class=\"alignnone size-medium wp-image-3464\" alt=\"18\" src=\"https:\/\/baraka.cc\/wp-content\/uploads\/2015\/08\/18-300x168.jpg\" width=\"300\" height=\"168\" srcset=\"https:\/\/baraka.cc\/wp-content\/uploads\/2015\/08\/18-300x168.jpg 300w, https:\/\/baraka.cc\/wp-content\/uploads\/2015\/08\/18.jpg 960w\" sizes=\"(max-width: 300px) 100vw, 300px\" \/><\/a><\/p>\n","protected":false},"excerpt":{"rendered":"<p>T\u00fcrkiye\u2019nin adaya yapt\u0131\u011f\u0131 ikinci harekat\u0131n y\u0131l d\u00f6n\u00fcm\u00fc olan 14 A\u011fustos\u2019ta K\u0131br\u0131s halklar\u0131, emperyalizme, i\u015fgale ve b\u00f6l\u00fcnm\u00fc\u015fl\u00fc\u011fe kar\u015f\u0131 &#8220;ba\u011f\u0131ms\u0131zl\u0131k&#8221; yolunda seslerini y\u00fckseltti. K\u0131br\u0131s adas\u0131 \u00fczerindeki yabanc\u0131<\/p>\n","protected":false},"author":4,"featured_media":3444,"comment_status":"open","ping_status":"open","sticky":false,"template":"","format":"standard","meta":{"jetpack_post_was_ever_published":false,"_jetpack_newsletter_access":"","_jetpack_newsletter_tier_id":0,"jetpack_publicize_message":"","jetpack_is_tweetstorm":false,"jetpack_publicize_feature_enabled":true,"jetpack_social_post_already_shared":true,"jetpack_social_options":{"image_generator_settings":{"template":"highway","enabled":false}}},"categories":[54,9,1],"tags":[],"jetpack_publicize_connections":[],"jetpack_featured_media_url":"https:\/\/baraka.cc\/wp-content\/uploads\/2015\/08\/slider2.jpg","jetpack_shortlink":"https:\/\/wp.me\/p4eHWX-Tx","jetpack_sharing_enabled":true,"_links":{"self":[{"href":"https:\/\/baraka.cc\/index.php?rest_route=\/wp\/v2\/posts\/3443"}],"collection":[{"href":"https:\/\/baraka.cc\/index.php?rest_route=\/wp\/v2\/posts"}],"about":[{"href":"https:\/\/baraka.cc\/index.php?rest_route=\/wp\/v2\/types\/post"}],"author":[{"embeddable":true,"href":"https:\/\/baraka.cc\/index.php?rest_route=\/wp\/v2\/users\/4"}],"replies":[{"embeddable":true,"href":"https:\/\/baraka.cc\/index.php?rest_route=%2Fwp%2Fv2%2Fcomments&post=3443"}],"version-history":[{"count":6,"href":"https:\/\/baraka.cc\/index.php?rest_route=\/wp\/v2\/posts\/3443\/revisions"}],"predecessor-version":[{"id":3467,"href":"https:\/\/baraka.cc\/index.php?rest_route=\/wp\/v2\/posts\/3443\/revisions\/3467"}],"wp:featuredmedia":[{"embeddable":true,"href":"https:\/\/baraka.cc\/index.php?rest_route=\/wp\/v2\/media\/3444"}],"wp:attachment":[{"href":"https:\/\/baraka.cc\/index.php?rest_route=%2Fwp%2Fv2%2Fmedia&parent=3443"}],"wp:term":[{"taxonomy":"category","embeddable":true,"href":"https:\/\/baraka.cc\/index.php?rest_route=%2Fwp%2Fv2%2Fcategories&post=3443"},{"taxonomy":"post_tag","embeddable":true,"href":"https:\/\/baraka.cc\/index.php?rest_route=%2Fwp%2Fv2%2Ftags&post=3443"}],"curies":[{"name":"wp","href":"https:\/\/api.w.org\/{rel}","templated":true}]}}