{"id":3469,"date":"2015-08-18T10:40:04","date_gmt":"2015-08-18T08:40:04","guid":{"rendered":"https:\/\/baraka.cc\/?p=3469"},"modified":"2015-08-18T10:45:54","modified_gmt":"2015-08-18T08:45:54","slug":"baraka-olulerden-korksaydik-mezarliktan-gecmezdik","status":"publish","type":"post","link":"https:\/\/baraka.cc\/?p=3469","title":{"rendered":"Baraka: \u00d6l\u00fclerden Korksayd\u0131k Mezarl\u0131ktan Ge\u00e7mezdik"},"content":{"rendered":"<p><a href=\"https:\/\/baraka.cc\/wp-content\/uploads\/2015\/08\/direnkibris.jpg\"><img decoding=\"async\" loading=\"lazy\" class=\"size-medium wp-image-3472 alignleft\" alt=\"direnkibris\" src=\"https:\/\/baraka.cc\/wp-content\/uploads\/2015\/08\/direnkibris-262x300.jpg\" width=\"262\" height=\"300\" srcset=\"https:\/\/baraka.cc\/wp-content\/uploads\/2015\/08\/direnkibris-262x300.jpg 262w, https:\/\/baraka.cc\/wp-content\/uploads\/2015\/08\/direnkibris.jpg 675w\" sizes=\"(max-width: 262px) 100vw, 262px\" \/><\/a>Baraka K\u00fclt\u00fcr Merkezi olarak, Kamil H\u00fcr&#8217;e yap\u0131lan fa\u015fist sald\u0131r\u0131y\u0131 k\u0131nad\u0131k&#8230; Bildirimizin tam metni a\u015fa\u011f\u0131dad\u0131r..<\/p>\n<p>&#8220;Zaten yeterince geli\u015fkin olmayan fikir, d\u00fc\u015f\u00fcnce ve ifade \u00f6zg\u00fcrl\u00fc\u011f\u00fc yine sald\u0131r\u0131 alt\u0131nda. K\u0131br\u0131s Cumhuriyeti\u2019nin kurulu\u015f y\u0131ld\u00f6n\u00fcm\u00fcn\u00fc kutlama hakk\u0131n\u0131 kullanan Kamil H\u00fcr\u2019e y\u00f6nelik sald\u0131r\u0131 kabul edilemezdir.<\/p>\n<p>Kamil H\u00fcr\u2019\u00fcn on y\u0131l\u0131 a\u015fk\u0131n bir s\u00fcredir ger\u00e7ekle\u015ftirdi\u011fi bu eylem, \u00f6nce resmi fa\u015fistlerce bask\u0131 alt\u0131na al\u0131nmaya \u00e7al\u0131\u015f\u0131lm\u0131\u015f, asker ve ona ba\u011fl\u0131 polis te\u015fkilat\u0131 taraf\u0131ndan Kamil H\u00fcr y\u0131llarca taciz edilmi\u015ftir. \u00d6zellikle Ma\u011fusa\u2019da ger\u00e7ekle\u015fen \u201cbayrak asma\u201d davas\u0131ndan sonra, mahkemelerin de polisin tavr\u0131n\u0131 onaylamad\u0131\u011f\u0131n\u0131n ortaya \u00e7\u0131kmas\u0131 ile birlikte, \u015fimdi de devreye sivil fa\u015fistler girdi\u2026<\/p>\n<p>K\u0131br\u0131sl\u0131 T\u00fcrk halk\u0131 ony\u0131llardan beridir her alanda direnerek varolmaya \u00e7al\u0131\u015f\u0131yor. <strong>Halk\u0131m\u0131z\u0131n varolu\u015f m\u00fccadelesinde, ba\u011f\u0131ms\u0131z, birle\u015fik, halklar\u0131 karde\u015f bir K\u0131br\u0131s d\u0131\u015f\u0131nda kurtulu\u015f yoktur.<\/strong> B\u00f6yle bir gelece\u011fe nas\u0131l ula\u015fabilece\u011fimiz konusunda elbette farkl\u0131 fikirler, farkl\u0131 isteklere sahip olmam\u0131zdan ve bu fikirleri yar\u0131\u015ft\u0131rmam\u0131zdan daha do\u011fal bir \u015fey olmaz.<\/p>\n<p>Egemenler taraf\u0131ndan uygulanan b\u00f6ylesi \u015fiddet eylemleri, halk\u0131m\u0131z\u0131n fikri zenginli\u011fini engelleyemeyecek, bizi susturamayacak ve ba\u011f\u0131ms\u0131zl\u0131k istencimizi azaltmayacakt\u0131r. <strong>K\u0131br\u0131sl\u0131 T\u00fcrkler, analardan, abilerden, amcalardan, day\u0131lardan ve ay\u0131lardan de\u011fil, kendi \u00f6z g\u00fcc\u00fcnden destek bularak ayakta kalm\u0131\u015f onurlu bir halkt\u0131r. Ve 40 bin askerin, ona ba\u011fl\u0131 binlerce polisin deste\u011fine g\u00fcvenip gece karanl\u0131\u011f\u0131nda korkak\u00e7a i\u015f \u00e7eviren birka\u00e7 al\u00e7a\u011f\u0131n bask\u0131s\u0131 ile de geri adam atacak de\u011fildir.<\/strong><\/p>\n<p>Kendine h\u00fck\u00fcmet diyen CTP-UBP koalisyonunun, bu faili me\u015fhur sald\u0131r\u0131 kar\u015f\u0131s\u0131ndaki acizli\u011fi, ba\u011f\u0131ms\u0131zl\u0131k isteyen halk\u0131m\u0131z\u0131n de\u011fil, bu \u00fclkeyi askeri ile kontrol alt\u0131nda tutanlar\u0131n hizmetinde olduklar\u0131n\u0131n g\u00f6stergesidir.<\/p>\n<p>Kamil H\u00fcr\u2019\u00fcn yaln\u0131z olmad\u0131\u011f\u0131n\u0131, halk\u0131m\u0131za ait hi\u00e7bir fikrin, hi\u00e7bir d\u00fc\u015f\u00fcncenin susturulmas\u0131na seyirci kalmayaca\u011f\u0131m\u0131z\u0131 dostlara ve d\u00fc\u015fmanlara duyururuz\u2026&#8221;<\/p>\n<p><strong>Baraka K\u00fclt\u00fcr Merkezi<\/strong><\/p>\n","protected":false},"excerpt":{"rendered":"<p>Baraka K\u00fclt\u00fcr Merkezi olarak, Kamil H\u00fcr&#8217;e yap\u0131lan fa\u015fist sald\u0131r\u0131y\u0131 k\u0131nad\u0131k&#8230; Bildirimizin tam metni a\u015fa\u011f\u0131dad\u0131r.. &#8220;Zaten yeterince geli\u015fkin olmayan fikir, d\u00fc\u015f\u00fcnce ve ifade \u00f6zg\u00fcrl\u00fc\u011f\u00fc yine sald\u0131r\u0131<\/p>\n","protected":false},"author":1,"featured_media":0,"comment_status":"open","ping_status":"open","sticky":false,"template":"","format":"standard","meta":{"jetpack_post_was_ever_published":false,"_jetpack_newsletter_access":"","_jetpack_newsletter_tier_id":0,"jetpack_publicize_message":"","jetpack_is_tweetstorm":false,"jetpack_publicize_feature_enabled":true,"jetpack_social_post_already_shared":true,"jetpack_social_options":{"image_generator_settings":{"template":"highway","enabled":false}}},"categories":[41,38,9,1],"tags":[],"jetpack_publicize_connections":[],"jetpack_featured_media_url":"","jetpack_shortlink":"https:\/\/wp.me\/p4eHWX-TX","jetpack_sharing_enabled":true,"_links":{"self":[{"href":"https:\/\/baraka.cc\/index.php?rest_route=\/wp\/v2\/posts\/3469"}],"collection":[{"href":"https:\/\/baraka.cc\/index.php?rest_route=\/wp\/v2\/posts"}],"about":[{"href":"https:\/\/baraka.cc\/index.php?rest_route=\/wp\/v2\/types\/post"}],"author":[{"embeddable":true,"href":"https:\/\/baraka.cc\/index.php?rest_route=\/wp\/v2\/users\/1"}],"replies":[{"embeddable":true,"href":"https:\/\/baraka.cc\/index.php?rest_route=%2Fwp%2Fv2%2Fcomments&post=3469"}],"version-history":[{"count":2,"href":"https:\/\/baraka.cc\/index.php?rest_route=\/wp\/v2\/posts\/3469\/revisions"}],"predecessor-version":[{"id":3473,"href":"https:\/\/baraka.cc\/index.php?rest_route=\/wp\/v2\/posts\/3469\/revisions\/3473"}],"wp:attachment":[{"href":"https:\/\/baraka.cc\/index.php?rest_route=%2Fwp%2Fv2%2Fmedia&parent=3469"}],"wp:term":[{"taxonomy":"category","embeddable":true,"href":"https:\/\/baraka.cc\/index.php?rest_route=%2Fwp%2Fv2%2Fcategories&post=3469"},{"taxonomy":"post_tag","embeddable":true,"href":"https:\/\/baraka.cc\/index.php?rest_route=%2Fwp%2Fv2%2Ftags&post=3469"}],"curies":[{"name":"wp","href":"https:\/\/api.w.org\/{rel}","templated":true}]}}